{"id":63825,"date":"2015-04-02T12:00:37","date_gmt":"2015-04-02T15:00:37","guid":{"rendered":"http:\/\/www.24baires.com\/?p=63825"},"modified":"2015-04-04T10:58:05","modified_gmt":"2015-04-04T13:58:05","slug":"cristina-encabezara-el-acto-central-por-malvinas","status":"publish","type":"post","link":"http:\/\/www.24baires.com\/?p=63825","title":{"rendered":"\u00abVamos a desclasificar todos los archivos de la guerra de Malvinas\u00bb, anunci\u00f3 la Presidenta"},"content":{"rendered":"<p><img data-recalc-dims=\"1\" loading=\"lazy\" decoding=\"async\" src=\"https:\/\/i0.wp.com\/www.24baires.com\/wp-content\/uploads\/2015\/04\/0008224673.jpg?resize=560%2C322\" alt=\"0008224673\" width=\"560\" height=\"322\" class=\"aligncenter size-full wp-image-63834\" srcset=\"https:\/\/i0.wp.com\/www.24baires.com\/wp-content\/uploads\/2015\/04\/0008224673.jpg?w=560 560w, https:\/\/i0.wp.com\/www.24baires.com\/wp-content\/uploads\/2015\/04\/0008224673.jpg?resize=300%2C173 300w\" sizes=\"auto, (max-width: 560px) 100vw, 560px\" \/>En un plazo de 30 d\u00edas, el Ministro de Defensa deber\u00e1 \u00abdisponer a la consulta p\u00fablica la documentaci\u00f3n\u00bb. Cristina encabez\u00f3 el acto central en el aniversario de la guerra y asegur\u00f3 que \u201cno habr\u00e1 una independencia, un 9 de julio completo, hasta que recuperemos nuestras Islas\u201d. Adem\u00e1s, anunci\u00f3 la creaci\u00f3n de un archivo oral de las memorias de Malvinas.<!--more--><\/p>\n<p> La presidenta Cristina Fern\u00e1ndez de Kirchner orden\u00f3, por medio del decreto 503, la desclasificaci\u00f3n de toda la informaci\u00f3n sobre el desarrollo de la guerra de Malvinas que se encuentra en los archivos de las Fuerzas Armadas.<\/p>\n<p>As\u00ed lo anunci\u00f3 en el marco de su discurso, al presidir en Ushuaia el acto central en conmemoraci\u00f3n del 33er. aniversario de la guerra de Malvinas.<\/p>\n<p>\u00abPor el decreto 503 que firm\u00e9 ayer, se orden\u00f3 que se desclasifique toda la informaci\u00f3n que hay sobre las islas Malvinas\u00bb, dijo la mandataria y precis\u00f3 que el decreto establece que el Ministerio de Defensa tendr\u00e1 un plazo de 30 d\u00edas h\u00e1biles para \u00abdisponer a la consulta p\u00fablica la documentaci\u00f3n\u00bb.<\/p>\n<p>La mandataria asegur\u00f3 que \u201cel derecho internacional y el di\u00e1logo son el camino del reencuentro y de la soberan\u00eda\u201d argentina sobre las islas. E indic\u00f3 que \u201cno habr\u00e1 una independencia, un 9 de julio completo, hasta que recuperemos nuestras Islas Malvinas\u201d, al mismo tiempo que asegur\u00f3 que el archipi\u00e9lago \u201cvolver\u00e1 a formar parte de nuestro territorio\u201d.<\/p>\n<p>\u201cNo es voluntarismo ni utop\u00eda\u201d, indic\u00f3 la Presidenta, \u201cno se trata de un patrioterismo chauvinista, sino de una nacionalizaci\u00f3n madura, porque el derecho internacional y el di\u00e1logo son el camino del reencuentro y de la soberan\u00eda\u201d.<\/p>\n<p>La jefa de Estado record\u00f3 a los j\u00f3venes que combatieron en la guerra de Malvinas como \u00abla carne de ca\u00f1\u00f3n de las aventuras y horrores\u00bb de la dictadura militar, y se\u00f1al\u00f3 que \u00ablos verdaderos combatientes son los que estuvieron en las trincheras, en las islas\u00bb.<\/p>\n<p>Al presidir en Ushuaia el acto central en conmemoraci\u00f3n del 33 aniversario de la guerra de Malvinas, la mandataria dijo que cada 2 de abril \u00abse recuerda la memoria de los j\u00f3venes\u00bb que combatieron en esa guerra, que \u00abhan sido la carne de ca\u00f1\u00f3n de las aventuras y horrores que han vivido los pa\u00edses\u00bb en dictadura.<\/p>\n<p>El acto, que cuenta con la presencia de funcionarios y ex combatientes en el conflicto de 1982, comenz\u00f3 con la entonaci\u00f3n del Himno Nacional Argentino, tras el cual la mandataria brinda su discurso.<\/p>\n","protected":false},"excerpt":{"rendered":"<p>En un plazo de 30 d\u00edas, el Ministro de Defensa deber\u00e1 \u00abdisponer a la consulta p\u00fablica la documentaci\u00f3n\u00bb. Cristina encabez\u00f3 el acto central en el aniversario de la guerra y asegur\u00f3 que \u201cno habr\u00e1 una independencia, un 9 de julio completo, hasta que recuperemos nuestras Islas\u201d. Adem\u00e1s, anunci\u00f3 la creaci\u00f3n de un archivo oral de las memorias de Malvinas.<\/p>\n","protected":false},"author":8,"featured_media":0,"comment_status":"open","ping_status":"open","sticky":false,"template":"","format":"standard","meta":{"_jetpack_newsletter_access":"","_jetpack_dont_email_post_to_subs":false,"_jetpack_newsletter_tier_id":0,"_jetpack_memberships_contains_paywalled_content":false,"_jetpack_memberships_contains_paid_content":false,"footnotes":""},"categories":[51],"tags":[],"class_list":["post-63825","post","type-post","status-publish","format-standard","hentry","category-politica"],"jetpack_shortlink":"https:\/\/wp.me\/p2JWE0-gBr","jetpack-related-posts":[{"id":63900,"url":"http:\/\/www.24baires.com\/?p=63900","url_meta":{"origin":63825,"position":0},"title":"Quedaron formalmente desclasificados los archivos secretos de Malvinas","author":"Grupo Sierra","date":"06\/04\/2015","format":false,"excerpt":"Mediante el decreto 503 publicado hoy en el Bolet\u00edn Oficial, la presidenta Cristina Fern\u00e1ndez de Kirchner concret\u00f3 la desclasificaci\u00f3n de los archivos secretos del conflicto b\u00e9lico del Atl\u00e1ntico Sur tal como lo hab\u00eda expresado d\u00edas atr\u00e1s al conmemorarse un nuevo aniversario del inicio del conflicto armado. Se public\u00f3 hoy en\u2026","rel":"","context":"En \u00abMemoria\u00bb","block_context":{"text":"Memoria","link":"http:\/\/www.24baires.com\/?cat=50"},"img":{"alt_text":"soldados de malvinas","src":"https:\/\/i0.wp.com\/www.24baires.com\/wp-content\/uploads\/2014\/08\/soldados-de-malvinas.jpg?resize=350%2C200","width":350,"height":200,"srcset":"https:\/\/i0.wp.com\/www.24baires.com\/wp-content\/uploads\/2014\/08\/soldados-de-malvinas.jpg?resize=350%2C200 1x, https:\/\/i0.wp.com\/www.24baires.com\/wp-content\/uploads\/2014\/08\/soldados-de-malvinas.jpg?resize=525%2C300 1.5x"},"classes":[]},{"id":107477,"url":"http:\/\/www.24baires.com\/?p=107477","url_meta":{"origin":63825,"position":1},"title":"A 37 a\u00f1os de la Guerra de Malvinas, habr\u00e1 actos en todo el pa\u00eds","author":"GB","date":"02\/04\/2019","format":false,"excerpt":"Las vigilas comenzaron anoche y continuar\u00e1n todo este martes con diferentes homenajes por el D\u00eda del Veterano y de los Ca\u00eddos en Malvinas. A las 9 de la ma\u00f1ana le presiente Mauricio Macri descubrir\u00e1n una placa junto al m\u00e1stil de la bandera en la Plaza Seca en Olivos, y el\u2026","rel":"","context":"En \u00abSociedad\u00bb","block_context":{"text":"Sociedad","link":"http:\/\/www.24baires.com\/?cat=1"},"img":{"alt_text":"","src":"https:\/\/i0.wp.com\/www.24baires.com\/wp-content\/uploads\/2016\/12\/cementerio-malvinas.jpg?resize=350%2C200","width":350,"height":200,"srcset":"https:\/\/i0.wp.com\/www.24baires.com\/wp-content\/uploads\/2016\/12\/cementerio-malvinas.jpg?resize=350%2C200 1x, https:\/\/i0.wp.com\/www.24baires.com\/wp-content\/uploads\/2016\/12\/cementerio-malvinas.jpg?resize=525%2C300 1.5x"},"classes":[]},{"id":117393,"url":"http:\/\/www.24baires.com\/?p=117393","url_meta":{"origin":63825,"position":2},"title":"Con anuncios y actos, este viernes se rinde homenaje a los h\u00e9roes de Malvinas","author":"GB","date":"02\/04\/2021","format":false,"excerpt":"Agust\u00edn Rossi y Felipe Sol\u00e1 encabezar\u00e1n el acto central, en donde realizar\u00e1n el anuncio de la creaci\u00f3n de la Comisi\u00f3n de Malvinas. Movimientos sociales y organizaciones pol\u00edticas realizar\u00e1n distintos homenajes. Al cumplirse 39 a\u00f1os del inicio de la guerra de Malvinas, este viernes se conmemora otro D\u00eda del Veterano y\u2026","rel":"","context":"En \u00abPol\u00edtica\u00bb","block_context":{"text":"Pol\u00edtica","link":"http:\/\/www.24baires.com\/?cat=51"},"img":{"alt_text":"","src":"https:\/\/i0.wp.com\/www.24baires.com\/wp-content\/uploads\/2016\/12\/cementerio-malvinas.jpg?resize=350%2C200","width":350,"height":200,"srcset":"https:\/\/i0.wp.com\/www.24baires.com\/wp-content\/uploads\/2016\/12\/cementerio-malvinas.jpg?resize=350%2C200 1x, https:\/\/i0.wp.com\/www.24baires.com\/wp-content\/uploads\/2016\/12\/cementerio-malvinas.jpg?resize=525%2C300 1.5x"},"classes":[]},{"id":117331,"url":"http:\/\/www.24baires.com\/?p=117331","url_meta":{"origin":63825,"position":3},"title":"Argentina y Reino Unido acordaron nuevas identificaciones a soldados ca\u00eddos en Malvinas","author":"GB","date":"19\/03\/2021","format":false,"excerpt":"El acuerdo consistir\u00e1 en la exhumaci\u00f3n de restos humanos pertenecientes a varios individuos colocados en una sola sepultura conocida como C1.10. En v\u00edsperas de un nuevo aniversario del inicio de la Guerra de Malvinas, los gobiernos de Argentina y el Reino Unido firmaron un nuevo acuerdo para identificar restos de\u2026","rel":"","context":"En \u00abSociedad\u00bb","block_context":{"text":"Sociedad","link":"http:\/\/www.24baires.com\/?cat=1"},"img":{"alt_text":"","src":"https:\/\/i0.wp.com\/www.24baires.com\/wp-content\/uploads\/2016\/12\/cementerio-malvinas.jpg?resize=350%2C200","width":350,"height":200,"srcset":"https:\/\/i0.wp.com\/www.24baires.com\/wp-content\/uploads\/2016\/12\/cementerio-malvinas.jpg?resize=350%2C200 1x, https:\/\/i0.wp.com\/www.24baires.com\/wp-content\/uploads\/2016\/12\/cementerio-malvinas.jpg?resize=525%2C300 1.5x"},"classes":[]},{"id":43178,"url":"http:\/\/www.24baires.com\/?p=43178","url_meta":{"origin":63825,"position":4},"title":"Cristina en el acto de Malvinas: \u00abLas islas se convirtieron en la base militar de la OTAN\u00bb","author":"Grupo Sierra","date":"02\/04\/2014","format":false,"excerpt":"Lo se\u00f1al\u00f3 la Presidenta en un discurso muy contundente sobre las bases militares en la zona. La presidenta Cristina Fern\u00e1ndez de Kirchner asegur\u00f3 hoy que las Islas Malvinas son hoy \"la base militar de la OTAN en el Atl\u00e1ntico Sur\" y se\u00f1al\u00f3 que \"eso es lo que no deben seguir\u2026","rel":"","context":"En \u00abPol\u00edtica\u00bb","block_context":{"text":"Pol\u00edtica","link":"http:\/\/www.24baires.com\/?cat=51"},"img":{"alt_text":"cristina1","src":"https:\/\/i0.wp.com\/www.24baires.com\/wp-content\/uploads\/2014\/02\/cristina1.jpg?resize=350%2C200","width":350,"height":200,"srcset":"https:\/\/i0.wp.com\/www.24baires.com\/wp-content\/uploads\/2014\/02\/cristina1.jpg?resize=350%2C200 1x, https:\/\/i0.wp.com\/www.24baires.com\/wp-content\/uploads\/2014\/02\/cristina1.jpg?resize=525%2C300 1.5x"},"classes":[]},{"id":19982,"url":"http:\/\/www.24baires.com\/?p=19982","url_meta":{"origin":63825,"position":5},"title":"Cristina: \u201cLos combatientes son la gloria de la Naci\u00f3n y no volver\u00e1n a ser ocultados\u201d","author":"AF","date":"02\/04\/2013","format":false,"excerpt":"La Presidenta encabez\u00f3 el acto central por el 31 aniversario de la Guerra de Malvinas en Puerto Madryn. \u201cQue el Reino Unido no utilice el caso Malvinas para esconder el desastre de Europa\u201d, agreg\u00f3. Y dijo que \"negarse al di\u00e1logo con un pa\u00eds democr\u00e1tico es incomprensible\". La presidenta Cristina Fern\u00e1ndez\u2026","rel":"","context":"En \u00abSociedad\u00bb","block_context":{"text":"Sociedad","link":"http:\/\/www.24baires.com\/?cat=1"},"img":{"alt_text":"","src":"https:\/\/i0.wp.com\/www.24baires.com\/wp-content\/uploads\/2013\/04\/cristina-malvinas.jpg?resize=350%2C200","width":350,"height":200,"srcset":"https:\/\/i0.wp.com\/www.24baires.com\/wp-content\/uploads\/2013\/04\/cristina-malvinas.jpg?resize=350%2C200 1x, https:\/\/i0.wp.com\/www.24baires.com\/wp-content\/uploads\/2013\/04\/cristina-malvinas.jpg?resize=525%2C300 1.5x"},"classes":[]}],"jetpack_sharing_enabled":true,"jetpack_likes_enabled":true,"jetpack_featured_media_url":"","_links":{"self":[{"href":"http:\/\/www.24baires.com\/index.php?rest_route=\/wp\/v2\/posts\/63825","targetHints":{"allow":["GET"]}}],"collection":[{"href":"http:\/\/www.24baires.com\/index.php?rest_route=\/wp\/v2\/posts"}],"about":[{"href":"http:\/\/www.24baires.com\/index.php?rest_route=\/wp\/v2\/types\/post"}],"author":[{"embeddable":true,"href":"http:\/\/www.24baires.com\/index.php?rest_route=\/wp\/v2\/users\/8"}],"replies":[{"embeddable":true,"href":"http:\/\/www.24baires.com\/index.php?rest_route=%2Fwp%2Fv2%2Fcomments&post=63825"}],"version-history":[{"count":3,"href":"http:\/\/www.24baires.com\/index.php?rest_route=\/wp\/v2\/posts\/63825\/revisions"}],"predecessor-version":[{"id":63836,"href":"http:\/\/www.24baires.com\/index.php?rest_route=\/wp\/v2\/posts\/63825\/revisions\/63836"}],"wp:attachment":[{"href":"http:\/\/www.24baires.com\/index.php?rest_route=%2Fwp%2Fv2%2Fmedia&parent=63825"}],"wp:term":[{"taxonomy":"category","embeddable":true,"href":"http:\/\/www.24baires.com\/index.php?rest_route=%2Fwp%2Fv2%2Fcategories&post=63825"},{"taxonomy":"post_tag","embeddable":true,"href":"http:\/\/www.24baires.com\/index.php?rest_route=%2Fwp%2Fv2%2Ftags&post=63825"}],"curies":[{"name":"wp","href":"https:\/\/api.w.org\/{rel}","templated":true}]}}