{"id":63813,"date":"2015-04-01T20:15:41","date_gmt":"2015-04-01T23:15:41","guid":{"rendered":"http:\/\/www.24baires.com\/?p=63813"},"modified":"2015-04-01T17:30:25","modified_gmt":"2015-04-01T20:30:25","slug":"si-hay-alguien-oscuro-en-este-pais-ese-es-mauricio-macri-dijo-larroque","status":"publish","type":"post","link":"http:\/\/www.24baires.com\/?p=63813","title":{"rendered":"\u00abSi hay alguien oscuro en este pa\u00eds, \u00e9se es Mauricio Macri\u00bb, dijo Larroque"},"content":{"rendered":"<p><img data-recalc-dims=\"1\" loading=\"lazy\" decoding=\"async\" class=\"aligncenter size-full wp-image-31892\" src=\"https:\/\/i0.wp.com\/www.24baires.com\/wp-content\/uploads\/2013\/09\/larroque-cuervo.jpg?resize=560%2C331\" alt=\"larroque cuervo\" width=\"560\" height=\"331\" srcset=\"https:\/\/i0.wp.com\/www.24baires.com\/wp-content\/uploads\/2013\/09\/larroque-cuervo.jpg?w=560 560w, https:\/\/i0.wp.com\/www.24baires.com\/wp-content\/uploads\/2013\/09\/larroque-cuervo.jpg?resize=300%2C177 300w\" sizes=\"auto, (max-width: 560px) 100vw, 560px\" \/>El referente de La C\u00e1mpora respondi\u00f3 as\u00ed a las declaraciones del l\u00edder del PRO, quien asegur\u00f3 que \u00abes bueno que M\u00e1ximo Kirchner haya salido de la oscuridad\u00bb, luego de que concediera una extensa entrevista radial.<!--more--><\/p>\n<p>El diputado nacional Andr\u00e9s Larroque (FPV) sostuvo este mi\u00e9rcoles que \u00absi hay alguien oscuro en este pa\u00eds, ese es Mauricio Macri\u00bb, en respuesta a la declaraciones del l\u00edder del PRO, quien esta ma\u00f1ana asegur\u00f3 que \u00abes bueno que M\u00e1ximo Kirchner haya salido de la oscuridad\u00bb luego de que el hijo de Cristina Kirchner brindara una entrevista radial.<\/p>\n<p>Larroque le respondi\u00f3 a Macri y dijo \u00abque piense que alguien por no salir en los medios est\u00e1 en la oscuridad es una demostraci\u00f3n m\u00e1s de la debilidad por el cholulismo y las fiestas que tiene el jefe de gobierno porte\u00f1o\u00bb.<\/p>\n<p>El secretario general de La C\u00e1mpora agreg\u00f3 que las declaraciones del jefe de gobierno porte\u00f1o \u00abno hacen m\u00e1s que confirmar la protecci\u00f3n medi\u00e1tica con la que cuenta. El mismo Santoro, periodista de Clar\u00edn, dijo que a Macri se lo investigar\u00e1 si es presidente. Por si Santoro no se enter\u00f3, Macri es jefe de gobierno del distrito m\u00e1s rico del pa\u00eds desde hace ocho a\u00f1os\u00bb.<\/p>\n<p>Y a\u00f1adi\u00f3 que la Ciudad posee \u00abun presupuesto superior a los 80.000 millones de pesos anuales y endeud\u00f3 la ciudad de Buenos Aires sin justificativos en m\u00e1s de 2.000 millones de d\u00f3lares y para Clar\u00edn y sus &#8216;investigaciones&#8217; est\u00e1 todo bien\u00bb.<\/p>\n<p>\u00abMacri sabe que si Clar\u00edn y sus sat\u00e9lites le sacan el banquito no gana, por lo tanto gobierna y va a gobernar para ellos. Su base electoral es la protecci\u00f3n medi\u00e1tica y la ascendencia que tienen los medios sobre una parte de la sociedad. El c\u00edrculo rojo quiere a los Macri, no a los Kirchner. Ese c\u00edrculo rojo pone a su disposici\u00f3n periodistas y dirigentes muy r\u00e1pidos para los mandados\u00bb, agreg\u00f3 el diputado en di\u00e1logo con la agencia T\u00e9lam.<\/p>\n<p>El dirigente sostuvo que el precandidato presidencial del PRO \u00abconfunde la luz del d\u00eda con la luz de los medios. A diferencia de Macri, M\u00e1ximo es una persona formada y que no tiene debilidad por las luces que el sistema ofrece a quienes les obedecen. Desarrolla su vida de manera normal todos los d\u00edas sin debilidad por los reflectores que encandilan al jefe de gobierno\u00bb.<\/p>\n<p>Larroque asever\u00f3 que \u00abver a M\u00e1ximo desistir de hacer una denuncia contra Clar\u00edn cuando tiene razones de sobra para hacerlo es otra de las diferencias y de c\u00f3mo act\u00faa una persona que se banca la persecuci\u00f3n por parte de uno de los monstruos medi\u00e1ticos m\u00e1s grandes de Latinoam\u00e9rica\u00bb.<\/p>\n<p>\u00abPara Macri si no hay vedetismo medi\u00e1tico hay oscuridad. Para \u00e9l la vida pasa por la fama. Para nosotros los proyectos pol\u00edticos se construyen de cara al pueblo y no en los estudios de TV. El PRO comparte, aparte de ideas y nombres, la misma debilidad cong\u00e9nita. La dependencia de los medios para juntar votos\u00bb, concluy\u00f3.<\/p>\n<p>&nbsp;<\/p>\n<p>&nbsp;<\/p>\n<p>&nbsp;<\/p>\n<p>&nbsp;<\/p>\n<p>&nbsp;<\/p>\n<p>&nbsp;<\/p>\n<p>&nbsp;<\/p>\n<p>&nbsp;<\/p>\n<p>&nbsp;<\/p>\n<p>&nbsp;<\/p>\n<p>&nbsp;<\/p>\n<p>&nbsp;<\/p>\n<p>&nbsp;<\/p>\n<p>&nbsp;<\/p>\n<p>&nbsp;<\/p>\n<p>&nbsp;<\/p>\n<p>&nbsp;<\/p>\n<p>&nbsp;<\/p>\n<p>&nbsp;<\/p>\n","protected":false},"excerpt":{"rendered":"<p>El referente de La C\u00e1mpora respondi\u00f3 as\u00ed a las declaraciones del l\u00edder del PRO, quien asegur\u00f3 que \u00abes bueno que M\u00e1ximo Kirchner haya salido de la oscuridad\u00bb, luego de que concediera una extensa entrevista radial.<\/p>\n","protected":false},"author":8,"featured_media":0,"comment_status":"open","ping_status":"open","sticky":false,"template":"","format":"standard","meta":{"_jetpack_newsletter_access":"","_jetpack_dont_email_post_to_subs":false,"_jetpack_newsletter_tier_id":0,"_jetpack_memberships_contains_paywalled_content":false,"_jetpack_memberships_contains_paid_content":false,"footnotes":""},"categories":[51],"tags":[],"class_list":["post-63813","post","type-post","status-publish","format-standard","hentry","category-politica"],"jetpack_shortlink":"https:\/\/wp.me\/p2JWE0-gBf","jetpack-related-posts":[{"id":105173,"url":"http:\/\/www.24baires.com\/?p=105173","url_meta":{"origin":63813,"position":0},"title":"\u00abSer\u00eda aberrante formar un frente opositor sin el kirchnerismo\u00bb","author":"GB","date":"30\/10\/2018","format":false,"excerpt":"El intendente de Tigre afirm\u00f3 que CFK y Massa tienen \"ideas en com\u00fan\" y pidi\u00f3 que confluyan en un mismo frente. Larroque le abri\u00f3 las puertas al exdiputado y dijo que \"el \u00fanico l\u00edmite es Macri\". El intendente de Tigre, Julio Zamora, opin\u00f3 que ser\u00eda \"aberrante\" excluir al kirchnerismo del\u2026","rel":"","context":"En \u00abPol\u00edtica\u00bb","block_context":{"text":"Pol\u00edtica","link":"http:\/\/www.24baires.com\/?cat=51"},"img":{"alt_text":"","src":"https:\/\/i0.wp.com\/www.24baires.com\/wp-content\/uploads\/2018\/10\/massa-zamora.jpg?resize=350%2C200","width":350,"height":200,"srcset":"https:\/\/i0.wp.com\/www.24baires.com\/wp-content\/uploads\/2018\/10\/massa-zamora.jpg?resize=350%2C200 1x, https:\/\/i0.wp.com\/www.24baires.com\/wp-content\/uploads\/2018\/10\/massa-zamora.jpg?resize=525%2C300 1.5x"},"classes":[]},{"id":108655,"url":"http:\/\/www.24baires.com\/?p=108655","url_meta":{"origin":63813,"position":1},"title":"M\u00e1ximo Kirchner: \u00abEl 10 de diciembre del 2015 todo empez\u00f3 a empeorar, lo que no quiere decir que antes era perfecto\u201d","author":"GB","date":"10\/06\/2019","format":false,"excerpt":"El diputado particip\u00f3 de un acto en Ituzaing\u00f3 acompa\u00f1ado de intendentes bonaerenses. All\u00ed, sostuvo que \"Macri deja un pa\u00eds mucho peor que el que encontr\u00f3\", aunque aclar\u00f3 que eso no significa que antes todo estuviera \"bien ni perfecto\u201d. Adem\u00e1s, afirm\u00f3 que \"la desocupaci\u00f3n es el peor infierno\" para los argentinos\u2026","rel":"","context":"En \u00abPol\u00edtica\u00bb","block_context":{"text":"Pol\u00edtica","link":"http:\/\/www.24baires.com\/?cat=51"},"img":{"alt_text":"","src":"https:\/\/i0.wp.com\/www.24baires.com\/wp-content\/uploads\/2019\/06\/maximo-kirchner.jpg?resize=350%2C200","width":350,"height":200,"srcset":"https:\/\/i0.wp.com\/www.24baires.com\/wp-content\/uploads\/2019\/06\/maximo-kirchner.jpg?resize=350%2C200 1x, https:\/\/i0.wp.com\/www.24baires.com\/wp-content\/uploads\/2019\/06\/maximo-kirchner.jpg?resize=525%2C300 1.5x"},"classes":[]},{"id":101023,"url":"http:\/\/www.24baires.com\/?p=101023","url_meta":{"origin":63813,"position":2},"title":"\u00abEstoy convencido de que si se une el peronismo le ganamos a Macri en 2019\u00bb","author":"GB","date":"13\/03\/2018","format":false,"excerpt":"As\u00ed lo asegur\u00f3 Hugo Moyano despu\u00e9s de participar de un acto en homenaje a los 45 a\u00f1os del triunfo de H\u00e9ctor C\u00e1mpora. Afirm\u00f3 que Cristina Fern\u00e1ndez de Kirchner \"por supuesto\" debe sumarse a la construcci\u00f3n de la unidad del peronismo y resalt\u00f3 que \"el mejor homenaje que tenemos que hacerle\u2026","rel":"","context":"En \u00abPol\u00edtica\u00bb","block_context":{"text":"Pol\u00edtica","link":"http:\/\/www.24baires.com\/?cat=51"},"img":{"alt_text":"","src":"https:\/\/i0.wp.com\/www.24baires.com\/wp-content\/uploads\/2018\/02\/moyano-1.jpg?resize=350%2C200","width":350,"height":200,"srcset":"https:\/\/i0.wp.com\/www.24baires.com\/wp-content\/uploads\/2018\/02\/moyano-1.jpg?resize=350%2C200 1x, https:\/\/i0.wp.com\/www.24baires.com\/wp-content\/uploads\/2018\/02\/moyano-1.jpg?resize=525%2C300 1.5x"},"classes":[]},{"id":114902,"url":"http:\/\/www.24baires.com\/?p=114902","url_meta":{"origin":63813,"position":3},"title":"Larroque: \u00abEn este contexto dif\u00edcil nosotros venimos a poner todo y un poco m\u00e1s\u00bb","author":"AF","date":"04\/05\/2020","format":false,"excerpt":"El gobernador Axel Kicillof le tom\u00f3 el juramento al flamante ministro de Desarrollo de la Comunidad de la Provincia, Andr\u00e9s Larroque. Presencia de intendentes, M\u00e1ximo Kirchner y Sergio Massa, entre otros. El gobernador Axel Kicillof le tom\u00f3 juramento al nuevo ministro de Desarrollo de la Comunidad de la Provincia de\u2026","rel":"","context":"En \u00abProvincia\u00bb","block_context":{"text":"Provincia","link":"http:\/\/www.24baires.com\/?cat=40"},"img":{"alt_text":"","src":"https:\/\/i0.wp.com\/www.24baires.com\/wp-content\/uploads\/2020\/05\/kici-larroque.jpg?resize=350%2C200","width":350,"height":200,"srcset":"https:\/\/i0.wp.com\/www.24baires.com\/wp-content\/uploads\/2020\/05\/kici-larroque.jpg?resize=350%2C200 1x, https:\/\/i0.wp.com\/www.24baires.com\/wp-content\/uploads\/2020\/05\/kici-larroque.jpg?resize=525%2C300 1.5x"},"classes":[]},{"id":119274,"url":"http:\/\/www.24baires.com\/?p=119274","url_meta":{"origin":63813,"position":4},"title":"Repudian el accionar policial y adviertien que JxC \u00abpone en riesgo la democracia\u00bb","author":"AF","date":"29\/08\/2022","format":false,"excerpt":"Funcionarios y dirigentes del oficialismo criticaron el vallado y el cierre de accesos que dispuso la Polic\u00eda de la Ciudad en torno de la casa de Cristina Fern\u00e1ndez de Kirchner en Recoleta. Funcionarios, dirigentes y referentes del Frente de Todos (FdT) renovaron este lunes sus cr\u00edticas al accionar de la\u2026","rel":"","context":"En \u00abPol\u00edtica\u00bb","block_context":{"text":"Pol\u00edtica","link":"http:\/\/www.24baires.com\/?cat=51"},"img":{"alt_text":"","src":"https:\/\/i0.wp.com\/www.24baires.com\/wp-content\/uploads\/2022\/08\/casa-cfk.jpg?resize=350%2C200","width":350,"height":200,"srcset":"https:\/\/i0.wp.com\/www.24baires.com\/wp-content\/uploads\/2022\/08\/casa-cfk.jpg?resize=350%2C200 1x, https:\/\/i0.wp.com\/www.24baires.com\/wp-content\/uploads\/2022\/08\/casa-cfk.jpg?resize=525%2C300 1.5x, https:\/\/i0.wp.com\/www.24baires.com\/wp-content\/uploads\/2022\/08\/casa-cfk.jpg?resize=700%2C400 2x"},"classes":[]},{"id":54787,"url":"http:\/\/www.24baires.com\/?p=54787","url_meta":{"origin":63813,"position":5},"title":"\u00abNosotros no queremos un Clar\u00edn propio sino que Clar\u00edn quiere un presidente propio\u00bb","author":"AF","date":"04\/10\/2014","format":false,"excerpt":"El diputado y secretario general de La C\u00e1mpora se refiri\u00f3 a la campa\u00f1a realizada por ese colectivo con el objetivo de visibilizar las consecuencias que tendr\u00eda el pago a los fondos buitre para la Argentina y respondi\u00f3 a una nota editorial del matutino. ntes de participar del acto de la\u2026","rel":"","context":"En \u00abMedios\u00bb","block_context":{"text":"Medios","link":"http:\/\/www.24baires.com\/?cat=54"},"img":{"alt_text":"larroque cuervo","src":"https:\/\/i0.wp.com\/www.24baires.com\/wp-content\/uploads\/2013\/09\/larroque-cuervo.jpg?resize=350%2C200","width":350,"height":200,"srcset":"https:\/\/i0.wp.com\/www.24baires.com\/wp-content\/uploads\/2013\/09\/larroque-cuervo.jpg?resize=350%2C200 1x, https:\/\/i0.wp.com\/www.24baires.com\/wp-content\/uploads\/2013\/09\/larroque-cuervo.jpg?resize=525%2C300 1.5x"},"classes":[]}],"jetpack_sharing_enabled":true,"jetpack_likes_enabled":true,"jetpack_featured_media_url":"","_links":{"self":[{"href":"http:\/\/www.24baires.com\/index.php?rest_route=\/wp\/v2\/posts\/63813","targetHints":{"allow":["GET"]}}],"collection":[{"href":"http:\/\/www.24baires.com\/index.php?rest_route=\/wp\/v2\/posts"}],"about":[{"href":"http:\/\/www.24baires.com\/index.php?rest_route=\/wp\/v2\/types\/post"}],"author":[{"embeddable":true,"href":"http:\/\/www.24baires.com\/index.php?rest_route=\/wp\/v2\/users\/8"}],"replies":[{"embeddable":true,"href":"http:\/\/www.24baires.com\/index.php?rest_route=%2Fwp%2Fv2%2Fcomments&post=63813"}],"version-history":[{"count":1,"href":"http:\/\/www.24baires.com\/index.php?rest_route=\/wp\/v2\/posts\/63813\/revisions"}],"predecessor-version":[{"id":63814,"href":"http:\/\/www.24baires.com\/index.php?rest_route=\/wp\/v2\/posts\/63813\/revisions\/63814"}],"wp:attachment":[{"href":"http:\/\/www.24baires.com\/index.php?rest_route=%2Fwp%2Fv2%2Fmedia&parent=63813"}],"wp:term":[{"taxonomy":"category","embeddable":true,"href":"http:\/\/www.24baires.com\/index.php?rest_route=%2Fwp%2Fv2%2Fcategories&post=63813"},{"taxonomy":"post_tag","embeddable":true,"href":"http:\/\/www.24baires.com\/index.php?rest_route=%2Fwp%2Fv2%2Ftags&post=63813"}],"curies":[{"name":"wp","href":"https:\/\/api.w.org\/{rel}","templated":true}]}}