{"id":63792,"date":"2015-04-01T13:15:17","date_gmt":"2015-04-01T16:15:17","guid":{"rendered":"http:\/\/www.24baires.com\/?p=63792"},"modified":"2015-04-01T13:01:14","modified_gmt":"2015-04-01T16:01:14","slug":"cristina-se-reunira-con-kicillof-y-julian-alvarez-en-olivos","status":"publish","type":"post","link":"http:\/\/www.24baires.com\/?p=63792","title":{"rendered":"Cristina se reunir\u00e1 con Kicillof y Juli\u00e1n \u00c1lvarez en Olivos"},"content":{"rendered":"<p><img data-recalc-dims=\"1\" loading=\"lazy\" decoding=\"async\" class=\"aligncenter size-full wp-image-63076\" src=\"https:\/\/i0.wp.com\/www.24baires.com\/wp-content\/uploads\/2015\/03\/cristina2.jpg?resize=560%2C331\" alt=\"cristina2\" width=\"560\" height=\"331\" srcset=\"https:\/\/i0.wp.com\/www.24baires.com\/wp-content\/uploads\/2015\/03\/cristina2.jpg?w=560 560w, https:\/\/i0.wp.com\/www.24baires.com\/wp-content\/uploads\/2015\/03\/cristina2.jpg?resize=300%2C177 300w\" sizes=\"auto, (max-width: 560px) 100vw, 560px\" \/>Cristina mantendr\u00e1 esta tarde una agenda de reuniones en la residencia de Olivos. Primero se reunir\u00e1 con el ministro de Econom\u00eda, y m\u00e1s tarde recibir\u00e1 al secretario de Justicia.<!--more--><\/p>\n<p>La Presidenta recibe en Olivos al Ministro de Econom\u00eda, Axel Kicillof, y m\u00e1s tarde al secretario de Justicia, Juli\u00e1n \u00c1lvarez.<\/p>\n<p>&nbsp;<\/p>\n<p>&nbsp;<\/p>\n<p>&nbsp;<\/p>\n<p>&nbsp;<\/p>\n<p>&nbsp;<\/p>\n<p>&nbsp;<\/p>\n<p>&nbsp;<\/p>\n<p>&nbsp;<\/p>\n<p>&nbsp;<\/p>\n<p>&nbsp;<\/p>\n<p>&nbsp;<\/p>\n","protected":false},"excerpt":{"rendered":"<p>Cristina mantendr\u00e1 esta tarde una agenda de reuniones en la residencia de Olivos. Primero se reunir\u00e1 con el ministro de Econom\u00eda, y m\u00e1s tarde recibir\u00e1 al secretario de Justicia.<\/p>\n","protected":false},"author":8,"featured_media":0,"comment_status":"open","ping_status":"open","sticky":false,"template":"","format":"standard","meta":{"_jetpack_newsletter_access":"","_jetpack_dont_email_post_to_subs":false,"_jetpack_newsletter_tier_id":0,"_jetpack_memberships_contains_paywalled_content":false,"_jetpack_memberships_contains_paid_content":false,"footnotes":""},"categories":[51],"tags":[],"class_list":["post-63792","post","type-post","status-publish","format-standard","hentry","category-politica"],"jetpack_shortlink":"https:\/\/wp.me\/p2JWE0-gAU","jetpack-related-posts":[{"id":57949,"url":"http:\/\/www.24baires.com\/?p=57949","url_meta":{"origin":63792,"position":0},"title":"Cristina se reunir\u00e1 con Kicillof y Zannini en Olivos","author":"GB","date":"01\/12\/2014","format":false,"excerpt":"Cristina recibir\u00e1 por la tarde al ministro de Econom\u00eda, Axel Kicillof, y al secretario de Legal y T\u00e9cnica, Carlos Zannini, en la residencia presidencial de Olivos, donde realiza su actividad oficial desde la ma\u00f1ana. Adem\u00e1s se inform\u00f3 que esta ma\u00f1ana la Presidenta recibi\u00f3 al secretario general de la Presidencia, Oscar\u2026","rel":"","context":"En \u00abPol\u00edtica\u00bb","block_context":{"text":"Pol\u00edtica","link":"http:\/\/www.24baires.com\/?cat=51"},"img":{"alt_text":"cristina","src":"https:\/\/i0.wp.com\/www.24baires.com\/wp-content\/uploads\/2014\/08\/cristina4.jpg?resize=350%2C200","width":350,"height":200,"srcset":"https:\/\/i0.wp.com\/www.24baires.com\/wp-content\/uploads\/2014\/08\/cristina4.jpg?resize=350%2C200 1x, https:\/\/i0.wp.com\/www.24baires.com\/wp-content\/uploads\/2014\/08\/cristina4.jpg?resize=525%2C300 1.5x"},"classes":[]},{"id":63918,"url":"http:\/\/www.24baires.com\/?p=63918","url_meta":{"origin":63792,"position":1},"title":"Cristina recibe en Olivos a de Pedro, Zannini y a Kicillof","author":"GB","date":"06\/04\/2015","format":false,"excerpt":"La presidenta cumplir\u00e1 su actividad oficial en la Residencia de Olivos, donde tiene previsto recibir al secretario general de la Presidencia, al secretario Legal y T\u00e9cnico y m\u00e1s tarde al ministro de Econom\u00eda. La presidenta Cristina Fern\u00e1ndez de Kirchner cumplir\u00e1 esta tarde su actividad oficial en la Residencia de Olivos,\u2026","rel":"","context":"En \u00abPol\u00edtica\u00bb","block_context":{"text":"Pol\u00edtica","link":"http:\/\/www.24baires.com\/?cat=51"},"img":{"alt_text":"cristina kicillof","src":"https:\/\/i0.wp.com\/www.24baires.com\/wp-content\/uploads\/2014\/08\/cristina-kicillof.jpg?resize=350%2C200","width":350,"height":200,"srcset":"https:\/\/i0.wp.com\/www.24baires.com\/wp-content\/uploads\/2014\/08\/cristina-kicillof.jpg?resize=350%2C200 1x, https:\/\/i0.wp.com\/www.24baires.com\/wp-content\/uploads\/2014\/08\/cristina-kicillof.jpg?resize=525%2C300 1.5x"},"classes":[]},{"id":62514,"url":"http:\/\/www.24baires.com\/?p=62514","url_meta":{"origin":63792,"position":2},"title":"La Presidenta se reunir\u00e1 con Axel Kicillof y An\u00edbal Fern\u00e1ndez","author":"GB","date":"02\/03\/2015","format":false,"excerpt":"La Presidenta repasar\u00e1 con el titular del Palacio de Hacienda y el Jefe de Gabinete diversos aspectos de la agenda. Ayer, la jefa de Estado inaugur\u00f3 las sesiones ordinarias en el Congreso, donde anunci\u00f3 cuatro proyectos de ley clave. La presidenta Cristina Fern\u00e1ndez de Kirchner recibir\u00e1 esta tarde en la\u2026","rel":"","context":"En \u00abPol\u00edtica\u00bb","block_context":{"text":"Pol\u00edtica","link":"http:\/\/www.24baires.com\/?cat=51"},"img":{"alt_text":"operacion cristina","src":"https:\/\/i0.wp.com\/www.24baires.com\/wp-content\/uploads\/2013\/10\/operacion-cristina.jpg?resize=350%2C200","width":350,"height":200,"srcset":"https:\/\/i0.wp.com\/www.24baires.com\/wp-content\/uploads\/2013\/10\/operacion-cristina.jpg?resize=350%2C200 1x, https:\/\/i0.wp.com\/www.24baires.com\/wp-content\/uploads\/2013\/10\/operacion-cristina.jpg?resize=525%2C300 1.5x"},"classes":[]},{"id":35756,"url":"http:\/\/www.24baires.com\/?p=35756","url_meta":{"origin":63792,"position":3},"title":"Cristina recibe a directivos de petroqu\u00edmica alemana y a funcionarios nacionales","author":"AF","date":"26\/11\/2013","format":false,"excerpt":"La presidenta Cristina Fern\u00e1ndez de Kirchner recibir\u00e1 esta tarde en la residencia de Olivos a los directivos de BASF, la petroqu\u00edmica alemana m\u00e1s grande del mundo, que son los due\u00f1os de Wintershall, la empresa que se asoci\u00f3 con la de gas neuquino para explotar Vaca Muerta, y a funcionarios nacionales.\u2026","rel":"","context":"En \u00abLocales\u00bb","block_context":{"text":"Locales","link":"http:\/\/www.24baires.com\/?cat=38"},"img":{"alt_text":"cristina samsung","src":"https:\/\/i0.wp.com\/www.24baires.com\/wp-content\/uploads\/2013\/07\/cristina-samsung.jpg?resize=350%2C200","width":350,"height":200,"srcset":"https:\/\/i0.wp.com\/www.24baires.com\/wp-content\/uploads\/2013\/07\/cristina-samsung.jpg?resize=350%2C200 1x, https:\/\/i0.wp.com\/www.24baires.com\/wp-content\/uploads\/2013\/07\/cristina-samsung.jpg?resize=525%2C300 1.5x"},"classes":[]},{"id":59633,"url":"http:\/\/www.24baires.com\/?p=59633","url_meta":{"origin":63792,"position":4},"title":"Cristina se reunir\u00e1 hoy con Axel Kicillof","author":"AF","date":"06\/01\/2015","format":false,"excerpt":"Cristina mantendr\u00e1 un encuentro con Axel Kicillof. La jefa de Estado retom\u00f3 su actividad oficial ayer en la residencia de Olivos, tras pasar los dos \u00faltimos d\u00edas de 2014 y el primer fin de semana del a\u00f1o junto a su familia en la provincia de Santa Cruz. La presidenta Cristina\u2026","rel":"","context":"En \u00abEconom\u00eda\u00bb","block_context":{"text":"Econom\u00eda","link":"http:\/\/www.24baires.com\/?cat=45"},"img":{"alt_text":"cristina kicillof","src":"https:\/\/i0.wp.com\/www.24baires.com\/wp-content\/uploads\/2014\/08\/cristina-kicillof.jpg?resize=350%2C200","width":350,"height":200,"srcset":"https:\/\/i0.wp.com\/www.24baires.com\/wp-content\/uploads\/2014\/08\/cristina-kicillof.jpg?resize=350%2C200 1x, https:\/\/i0.wp.com\/www.24baires.com\/wp-content\/uploads\/2014\/08\/cristina-kicillof.jpg?resize=525%2C300 1.5x"},"classes":[]},{"id":58356,"url":"http:\/\/www.24baires.com\/?p=58356","url_meta":{"origin":63792,"position":5},"title":"Se reprogram\u00f3 la inauguraci\u00f3n del hospital de Mor\u00f3n","author":"GB","date":"09\/12\/2014","format":false,"excerpt":"Cristina Fern\u00e1ndez de Kirchner dispuso pasar para ma\u00f1ana el acto por las condiciones meteorol\u00f3gicas previstas para el d\u00eda de la fecha. Por la tarde, recibir\u00e1 por separado a los ministros en su gabinete de trabajo de la residencia de Olivos. La presidenta Cristina Fern\u00e1ndez de Kirchner recibir\u00e1 esta tarde, por\u2026","rel":"","context":"En \u00abLocales\u00bb","block_context":{"text":"Locales","link":"http:\/\/www.24baires.com\/?cat=38"},"img":{"alt_text":"cristina23","src":"https:\/\/i0.wp.com\/www.24baires.com\/wp-content\/uploads\/2014\/10\/cristina23.jpg?resize=350%2C200","width":350,"height":200,"srcset":"https:\/\/i0.wp.com\/www.24baires.com\/wp-content\/uploads\/2014\/10\/cristina23.jpg?resize=350%2C200 1x, https:\/\/i0.wp.com\/www.24baires.com\/wp-content\/uploads\/2014\/10\/cristina23.jpg?resize=525%2C300 1.5x"},"classes":[]}],"jetpack_sharing_enabled":true,"jetpack_likes_enabled":true,"jetpack_featured_media_url":"","_links":{"self":[{"href":"http:\/\/www.24baires.com\/index.php?rest_route=\/wp\/v2\/posts\/63792","targetHints":{"allow":["GET"]}}],"collection":[{"href":"http:\/\/www.24baires.com\/index.php?rest_route=\/wp\/v2\/posts"}],"about":[{"href":"http:\/\/www.24baires.com\/index.php?rest_route=\/wp\/v2\/types\/post"}],"author":[{"embeddable":true,"href":"http:\/\/www.24baires.com\/index.php?rest_route=\/wp\/v2\/users\/8"}],"replies":[{"embeddable":true,"href":"http:\/\/www.24baires.com\/index.php?rest_route=%2Fwp%2Fv2%2Fcomments&post=63792"}],"version-history":[{"count":1,"href":"http:\/\/www.24baires.com\/index.php?rest_route=\/wp\/v2\/posts\/63792\/revisions"}],"predecessor-version":[{"id":63793,"href":"http:\/\/www.24baires.com\/index.php?rest_route=\/wp\/v2\/posts\/63792\/revisions\/63793"}],"wp:attachment":[{"href":"http:\/\/www.24baires.com\/index.php?rest_route=%2Fwp%2Fv2%2Fmedia&parent=63792"}],"wp:term":[{"taxonomy":"category","embeddable":true,"href":"http:\/\/www.24baires.com\/index.php?rest_route=%2Fwp%2Fv2%2Fcategories&post=63792"},{"taxonomy":"post_tag","embeddable":true,"href":"http:\/\/www.24baires.com\/index.php?rest_route=%2Fwp%2Fv2%2Ftags&post=63792"}],"curies":[{"name":"wp","href":"https:\/\/api.w.org\/{rel}","templated":true}]}}