{"id":63788,"date":"2015-04-01T12:43:24","date_gmt":"2015-04-01T15:43:24","guid":{"rendered":"http:\/\/www.24baires.com\/?p=63788"},"modified":"2015-04-02T11:25:25","modified_gmt":"2015-04-02T14:25:25","slug":"causa-amia-el-gobierno-anuncia-que-citaron-al-ex-espia-de-la-side","status":"publish","type":"post","link":"http:\/\/www.24baires.com\/?p=63788","title":{"rendered":"Causa AMIA: el Gobierno anuncia que citaron al ex esp\u00eda de la SIDE"},"content":{"rendered":"<p><img data-recalc-dims=\"1\" loading=\"lazy\" decoding=\"async\" class=\"aligncenter size-full wp-image-63789\" src=\"https:\/\/i0.wp.com\/www.24baires.com\/wp-content\/uploads\/2015\/04\/parrili.jpg?resize=560%2C322\" alt=\"parrili\" width=\"560\" height=\"322\" srcset=\"https:\/\/i0.wp.com\/www.24baires.com\/wp-content\/uploads\/2015\/04\/parrili.jpg?w=560 560w, https:\/\/i0.wp.com\/www.24baires.com\/wp-content\/uploads\/2015\/04\/parrili.jpg?resize=300%2C173 300w\" sizes=\"auto, (max-width: 560px) 100vw, 560px\" \/>En conferencia de prensa, el secretario de Inteligencia, Oscar Parrilli, inform\u00f3 la convocatoria al exesp\u00eda para que brinde informaci\u00f3n sobre cuestiones vinculadas a la investigaci\u00f3n de la causa Amia.<!--more--><\/p>\n<p>El secretario de Inteligencia, Oscar Parrilli, detall\u00f3 que la convocatoria al ex esp\u00eda de la SIDE Antonio \u00abJaime\u00bb Stiuso se da a partir de informaci\u00f3n recogida que incluye intercambios telef\u00f3nicos con el fallecido fiscal Alberto Nisman, quien encabezaba la UFI-AMIA que investigaba el atentado a la mutual jud\u00eda.<\/p>\n<p>As\u00ed lo explic\u00f3 Parrilli en conferencia de prensa en Casa de Gobierno, tras reunirse con los fiscales que integran actualmente la UFI-AMIA, tras la muerte de Nisman.<br \/>\n&nbsp;<\/p>\n<p>&nbsp;<\/p>\n<p>&nbsp;<\/p>\n<p>&nbsp;<\/p>\n<p>&nbsp;<\/p>\n","protected":false},"excerpt":{"rendered":"<p>En conferencia de prensa, el secretario de Inteligencia, Oscar Parrilli, inform\u00f3 la convocatoria al exesp\u00eda para que brinde informaci\u00f3n sobre cuestiones vinculadas a la investigaci\u00f3n de la causa Amia.<\/p>\n","protected":false},"author":8,"featured_media":0,"comment_status":"open","ping_status":"open","sticky":false,"template":"","format":"standard","meta":{"_jetpack_newsletter_access":"","_jetpack_dont_email_post_to_subs":false,"_jetpack_newsletter_tier_id":0,"_jetpack_memberships_contains_paywalled_content":false,"_jetpack_memberships_contains_paid_content":false,"footnotes":""},"categories":[51],"tags":[],"class_list":["post-63788","post","type-post","status-publish","format-standard","hentry","category-politica"],"jetpack_shortlink":"https:\/\/wp.me\/p2JWE0-gAQ","jetpack-related-posts":[{"id":63964,"url":"http:\/\/www.24baires.com\/?p=63964","url_meta":{"origin":63788,"position":0},"title":"El Gobierno denunci\u00f3 penalmente al ex agente Stiuso","author":"GB","date":"07\/04\/2015","format":false,"excerpt":"El secretario de Inteligencia, Oscar Parrilli, lo anunci\u00f3 en una conferencia de prensa. La denuncia es incumplimiento de los deberes de funcionario p\u00fablico por haber ocultado informaci\u00f3n sobre el atentado a la Amia. El secretario de Inteligencia, Oscar Parrilli, anunci\u00f3 esta tarde que fue presentada una denuncia penal contra el\u2026","rel":"","context":"En \u00abPol\u00edtica\u00bb","block_context":{"text":"Pol\u00edtica","link":"http:\/\/www.24baires.com\/?cat=51"},"img":{"alt_text":"","src":"https:\/\/i0.wp.com\/www.24baires.com\/wp-content\/uploads\/2015\/04\/parrili1.jpg?resize=350%2C200","width":350,"height":200,"srcset":"https:\/\/i0.wp.com\/www.24baires.com\/wp-content\/uploads\/2015\/04\/parrili1.jpg?resize=350%2C200 1x, https:\/\/i0.wp.com\/www.24baires.com\/wp-content\/uploads\/2015\/04\/parrili1.jpg?resize=525%2C300 1.5x"},"classes":[]},{"id":63870,"url":"http:\/\/www.24baires.com\/?p=63870","url_meta":{"origin":63788,"position":1},"title":"Stiuso deber\u00e1 presentarse en la Secretar\u00eda de Inteligencia este lunes a dar explicaciones","author":"Grupo Sierra","date":"05\/04\/2015","format":false,"excerpt":"El ex director de Operaciones Judiciales de la ex SIDE, Horacio Antonio Stiuso, deber\u00e1 presentarse ma\u00f1ana lunes ante las autoridades de la Secretar\u00eda de Inteligencia (SI) para explicar supuestas \u201cconductas dilatorias e irregulares\u201d en su accionar en la investigaci\u00f3n de la causa AMIA. La citaci\u00f3n fue realizada por el actual\u2026","rel":"","context":"En \u00abPol\u00edtica\u00bb","block_context":{"text":"Pol\u00edtica","link":"http:\/\/www.24baires.com\/?cat=51"},"img":{"alt_text":"","src":"","width":0,"height":0},"classes":[]},{"id":79923,"url":"http:\/\/www.24baires.com\/?p=79923","url_meta":{"origin":63788,"position":2},"title":"Stiuso no declar\u00f3 y present\u00f3 un escrito en la causa por el atentado a la AMIA","author":"AF","date":"09\/03\/2016","format":false,"excerpt":"El ex director de operaciones de la SIDE dijo que evitaba declarar bajo juramento de verdad porque est\u00e1 imputado en una causa por supuesto \"encubrimiento\" del ataque y podr\u00eda quedar incriminado con sus dichos. El ex director de Operaciones de la SIDE, Antonio Stiuso, se present\u00f3 a declarar como testigo\u2026","rel":"","context":"En \u00abJUDICIALES\u00bb","block_context":{"text":"JUDICIALES","link":"http:\/\/www.24baires.com\/?cat=68"},"img":{"alt_text":"stiuso","src":"https:\/\/i0.wp.com\/www.24baires.com\/wp-content\/uploads\/2015\/10\/stiuso.jpg?resize=350%2C200","width":350,"height":200,"srcset":"https:\/\/i0.wp.com\/www.24baires.com\/wp-content\/uploads\/2015\/10\/stiuso.jpg?resize=350%2C200 1x, https:\/\/i0.wp.com\/www.24baires.com\/wp-content\/uploads\/2015\/10\/stiuso.jpg?resize=525%2C300 1.5x"},"classes":[]},{"id":63908,"url":"http:\/\/www.24baires.com\/?p=63908","url_meta":{"origin":63788,"position":3},"title":"Stiuso no se present\u00f3 en la Secretar\u00eda de Inteligencia a dar explicaciones","author":"Grupo Sierra","date":"06\/04\/2015","format":false,"excerpt":"El ex director de Operaciones de la ex SIDE, Horacio Antonio Stiuso, no se present\u00f3 hoy ante las autoridades de la Secretar\u00eda de Inteligencia (SI), para explicar supuestas \u201cconductas dilatorias e irregulares\u201d en su accionar en la investigaci\u00f3n de la causa AMIA, pero s\u00ed lo hizo su abogado, Santiago Blanco\u2026","rel":"","context":"En \u00abPol\u00edtica\u00bb","block_context":{"text":"Pol\u00edtica","link":"http:\/\/www.24baires.com\/?cat=51"},"img":{"alt_text":"","src":"","width":0,"height":0},"classes":[]},{"id":65137,"url":"http:\/\/www.24baires.com\/?p=65137","url_meta":{"origin":63788,"position":4},"title":"La UFI-AMIA pidi\u00f3 a Interpol que averig\u00fce el paradero de Stiuso para que declare","author":"AF","date":"29\/04\/2015","format":false,"excerpt":"Las autoridades de la UFI-AMIA le pidieron a Interpol que averig\u00fce el paradero del ex jefe de Operaciones de la Secretar\u00eda de Inteligencia, Antonio \"Jaime\" Stiuso, con el objetivo de que sea tra\u00eddo a la Argentina para que explique en qu\u00e9 consisti\u00f3 su colaboraci\u00f3n con el fallecido fiscal Alberto Nisman,\u2026","rel":"","context":"En \u00abJUDICIALES\u00bb","block_context":{"text":"JUDICIALES","link":"http:\/\/www.24baires.com\/?cat=68"},"img":{"alt_text":"","src":"","width":0,"height":0},"classes":[]},{"id":71306,"url":"http:\/\/www.24baires.com\/?p=71306","url_meta":{"origin":63788,"position":5},"title":"La AFI ampli\u00f3 la denuncia contra Stiuso por encubrimiento del caso AMIA","author":"AF","date":"28\/08\/2015","format":false,"excerpt":"El director de la Agencia Federal de Inteligencia, Oscar Parrilli, inform\u00f3 que se present\u00f3 una ampliaci\u00f3n de denuncia penal contra el ex director general de operaciones de ese organismo. Parrilli denunci\u00f3 adem\u00e1s \"una suerte de acuerdo\" entre el ex esp\u00eda, la embajada de los Estados Unidos y algunos jueces federales\u2026","rel":"","context":"En \u00abJUDICIALES\u00bb","block_context":{"text":"JUDICIALES","link":"http:\/\/www.24baires.com\/?cat=68"},"img":{"alt_text":"oscar parrilli","src":"https:\/\/i0.wp.com\/www.24baires.com\/wp-content\/uploads\/2014\/04\/oscar-parrilli.jpg?resize=350%2C200","width":350,"height":200,"srcset":"https:\/\/i0.wp.com\/www.24baires.com\/wp-content\/uploads\/2014\/04\/oscar-parrilli.jpg?resize=350%2C200 1x, https:\/\/i0.wp.com\/www.24baires.com\/wp-content\/uploads\/2014\/04\/oscar-parrilli.jpg?resize=525%2C300 1.5x"},"classes":[]}],"jetpack_sharing_enabled":true,"jetpack_likes_enabled":true,"jetpack_featured_media_url":"","_links":{"self":[{"href":"http:\/\/www.24baires.com\/index.php?rest_route=\/wp\/v2\/posts\/63788","targetHints":{"allow":["GET"]}}],"collection":[{"href":"http:\/\/www.24baires.com\/index.php?rest_route=\/wp\/v2\/posts"}],"about":[{"href":"http:\/\/www.24baires.com\/index.php?rest_route=\/wp\/v2\/types\/post"}],"author":[{"embeddable":true,"href":"http:\/\/www.24baires.com\/index.php?rest_route=\/wp\/v2\/users\/8"}],"replies":[{"embeddable":true,"href":"http:\/\/www.24baires.com\/index.php?rest_route=%2Fwp%2Fv2%2Fcomments&post=63788"}],"version-history":[{"count":2,"href":"http:\/\/www.24baires.com\/index.php?rest_route=\/wp\/v2\/posts\/63788\/revisions"}],"predecessor-version":[{"id":63791,"href":"http:\/\/www.24baires.com\/index.php?rest_route=\/wp\/v2\/posts\/63788\/revisions\/63791"}],"wp:attachment":[{"href":"http:\/\/www.24baires.com\/index.php?rest_route=%2Fwp%2Fv2%2Fmedia&parent=63788"}],"wp:term":[{"taxonomy":"category","embeddable":true,"href":"http:\/\/www.24baires.com\/index.php?rest_route=%2Fwp%2Fv2%2Fcategories&post=63788"},{"taxonomy":"post_tag","embeddable":true,"href":"http:\/\/www.24baires.com\/index.php?rest_route=%2Fwp%2Fv2%2Ftags&post=63788"}],"curies":[{"name":"wp","href":"https:\/\/api.w.org\/{rel}","templated":true}]}}