{"id":63775,"date":"2015-04-01T09:30:55","date_gmt":"2015-04-01T12:30:55","guid":{"rendered":"http:\/\/www.24baires.com\/?p=63775"},"modified":"2015-04-02T11:25:18","modified_gmt":"2015-04-02T14:25:18","slug":"anibal-fernandez-considero-que-es-irresponsable-hablar-de-un-nuevo-paro-de-36-horas","status":"publish","type":"post","link":"http:\/\/www.24baires.com\/?p=63775","title":{"rendered":"An\u00edbal Fern\u00e1ndez consider\u00f3 que es \u00abirresponsable hablar de un nuevo paro\u00bb"},"content":{"rendered":"<p><img data-recalc-dims=\"1\" loading=\"lazy\" decoding=\"async\" class=\"aligncenter size-full wp-image-10776\" src=\"https:\/\/i0.wp.com\/www.24baires.com\/wp-content\/uploads\/2012\/12\/fern%C3%A1ndez-an%C3%ADbal.jpg?resize=560%2C314\" alt=\"fern\u00e1ndez an\u00edbal\" width=\"560\" height=\"314\" srcset=\"https:\/\/i0.wp.com\/www.24baires.com\/wp-content\/uploads\/2012\/12\/fern%C3%A1ndez-an%C3%ADbal.jpg?w=560 560w, https:\/\/i0.wp.com\/www.24baires.com\/wp-content\/uploads\/2012\/12\/fern%C3%A1ndez-an%C3%ADbal.jpg?resize=300%2C168 300w\" sizes=\"auto, (max-width: 560px) 100vw, 560px\" \/>El jefe de Gabinete se refiri\u00f3 de esa manera a la posibilidad de un nuevo cese de actividades, esta vez por 36 horas, propuesto ayer por el l\u00edder de la CGT Azul y Blanca, Luis Barrionuevo, y respaldado por el titular de la CGT Azopardo, Hugo Moyano.<br \/>\n<!--more--><\/p>\n<p>No obstante, el funcionario nacional aclar\u00f3, en declaraciones que formul\u00f3 esta ma\u00f1ana a la prensa al ingresar en Casa de Gobierno, que \u00abpor suerte escuch\u00e9 a Facundo Moyano \u00abdescalificando\u00bb esa posibilidad, lo que \u00abme satisfizo, porque significa que alguien piensa\u00bb.<\/p>\n<p>&nbsp;<\/p>\n<p>&nbsp;<\/p>\n<p>&nbsp;<\/p>\n","protected":false},"excerpt":{"rendered":"<p>El jefe de Gabinete se refiri\u00f3 de esa manera a la posibilidad de un nuevo cese de actividades, esta vez por 36 horas, propuesto ayer por el l\u00edder de la CGT Azul y Blanca, Luis Barrionuevo, y respaldado por el titular de la CGT Azopardo, Hugo Moyano.<\/p>\n","protected":false},"author":8,"featured_media":0,"comment_status":"open","ping_status":"open","sticky":false,"template":"","format":"standard","meta":{"_jetpack_newsletter_access":"","_jetpack_dont_email_post_to_subs":false,"_jetpack_newsletter_tier_id":0,"_jetpack_memberships_contains_paywalled_content":false,"_jetpack_memberships_contains_paid_content":false,"footnotes":""},"categories":[51],"tags":[],"class_list":["post-63775","post","type-post","status-publish","format-standard","hentry","category-politica"],"jetpack_shortlink":"https:\/\/wp.me\/p2JWE0-gAD","jetpack-related-posts":[{"id":100576,"url":"http:\/\/www.24baires.com\/?p=100576","url_meta":{"origin":63775,"position":0},"title":"Schmid admiti\u00f3 el quiebre en la conducci\u00f3n de la CGT","author":"AF","date":"16\/02\/2018","format":false,"excerpt":"El dirigente sindical y triunviro de la CGT sostuvo que \u201chay que barajar y dar de nuevo\" respecto a la conducci\u00f3n colegiada, aunque se\u00f1al\u00f3 que el hecho de que haya un solo secretario general no resolver\u00e1 las internas. \"Si tomamos decisiones en el colectivo y despu\u00e9s las desconocemos, estamos con\u2026","rel":"","context":"En \u00abLocales\u00bb","block_context":{"text":"Locales","link":"http:\/\/www.24baires.com\/?cat=38"},"img":{"alt_text":"","src":"https:\/\/i0.wp.com\/www.24baires.com\/wp-content\/uploads\/2017\/10\/reunion-cgt.jpg?resize=350%2C200","width":350,"height":200,"srcset":"https:\/\/i0.wp.com\/www.24baires.com\/wp-content\/uploads\/2017\/10\/reunion-cgt.jpg?resize=350%2C200 1x, https:\/\/i0.wp.com\/www.24baires.com\/wp-content\/uploads\/2017\/10\/reunion-cgt.jpg?resize=525%2C300 1.5x"},"classes":[]},{"id":121005,"url":"http:\/\/www.24baires.com\/?p=121005","url_meta":{"origin":63775,"position":1},"title":"Moyano advirti\u00f3 que la CGT se encamina hacia un gran paro nacional contra el gobierno","author":"GB","date":"21\/02\/2024","format":false,"excerpt":"En declaraciones con la prensa, el l\u00edder sindicalista adelant\u00f3 que \"una nueva movilizaci\u00f3n o un paro general\" son inminentes. Adem\u00e1s, pidi\u00f3 por la unidad del peronismo, para que \"vuelva a ser una alternativa\". Pablo Moyano, cotitular de la CGT y secretario adjunto de Camioneros, emiti\u00f3 una advertencia contundente, se\u00f1alando que\u2026","rel":"","context":"En \u00abPol\u00edtica\u00bb","block_context":{"text":"Pol\u00edtica","link":"http:\/\/www.24baires.com\/?cat=51"},"img":{"alt_text":"","src":"https:\/\/i0.wp.com\/www.24baires.com\/wp-content\/uploads\/2024\/02\/paro-general.webp?resize=350%2C200","width":350,"height":200,"srcset":"https:\/\/i0.wp.com\/www.24baires.com\/wp-content\/uploads\/2024\/02\/paro-general.webp?resize=350%2C200 1x, https:\/\/i0.wp.com\/www.24baires.com\/wp-content\/uploads\/2024\/02\/paro-general.webp?resize=525%2C300 1.5x, https:\/\/i0.wp.com\/www.24baires.com\/wp-content\/uploads\/2024\/02\/paro-general.webp?resize=700%2C400 2x"},"classes":[]},{"id":82438,"url":"http:\/\/www.24baires.com\/?p=82438","url_meta":{"origin":63775,"position":2},"title":"\u201cMe retiro de la CGT\u201d, asegur\u00f3 Hugo Moyano","author":"GB","date":"08\/05\/2016","format":false,"excerpt":"El sindicalista dijo que hay que darle lugar a los j\u00f3venes. Adem\u00e1s, est\u00e1 evaluando la posibilidad de presidir la AFA. Hugo Moyano se retirar\u00eda de la Confederaci\u00f3n General del Trabajo \u2013CGT\u2013 y se dedicar\u00eda completamente al negocio del f\u00fatbol. El dirigente dijo que \u201chay que dejar un poco a los\u2026","rel":"","context":"En \u00abPol\u00edtica\u00bb","block_context":{"text":"Pol\u00edtica","link":"http:\/\/www.24baires.com\/?cat=51"},"img":{"alt_text":"moyano","src":"https:\/\/i0.wp.com\/www.24baires.com\/wp-content\/uploads\/2012\/11\/moyano.jpg?resize=350%2C200","width":350,"height":200,"srcset":"https:\/\/i0.wp.com\/www.24baires.com\/wp-content\/uploads\/2012\/11\/moyano.jpg?resize=350%2C200 1x, https:\/\/i0.wp.com\/www.24baires.com\/wp-content\/uploads\/2012\/11\/moyano.jpg?resize=525%2C300 1.5x"},"classes":[]},{"id":121042,"url":"http:\/\/www.24baires.com\/?p=121042","url_meta":{"origin":63775,"position":3},"title":"Moyano adelant\u00f3 que habr\u00e1 un gran paro general de la CGT","author":"GB","date":"28\/02\/2024","format":false,"excerpt":"El secretario de la central obrera, Pablo Moyano, afirm\u00f3 que frente a los ajustes permanentes de la administraci\u00f3n de Javier Milei habr\u00e1 un \u201cgran paro general\u201d . El secretario general de la CGT, Pablo Moyano, afirm\u00f3 que habr\u00e1 \u201cun gran paro general\u201d de la central obrera en rechazo al \u201crecorte\u2026","rel":"","context":"En \u00abPol\u00edtica\u00bb","block_context":{"text":"Pol\u00edtica","link":"http:\/\/www.24baires.com\/?cat=51"},"img":{"alt_text":"","src":"https:\/\/i0.wp.com\/www.24baires.com\/wp-content\/uploads\/2018\/10\/pablo-moyano.jpg?resize=350%2C200","width":350,"height":200,"srcset":"https:\/\/i0.wp.com\/www.24baires.com\/wp-content\/uploads\/2018\/10\/pablo-moyano.jpg?resize=350%2C200 1x, https:\/\/i0.wp.com\/www.24baires.com\/wp-content\/uploads\/2018\/10\/pablo-moyano.jpg?resize=525%2C300 1.5x, https:\/\/i0.wp.com\/www.24baires.com\/wp-content\/uploads\/2018\/10\/pablo-moyano.jpg?resize=700%2C400 2x"},"classes":[]},{"id":111895,"url":"http:\/\/www.24baires.com\/?p=111895","url_meta":{"origin":63775,"position":4},"title":"Moyano: \u00abEstas medidas van a profundizar m\u00e1s la crisis\u00bb","author":"AF","date":"02\/09\/2019","format":false,"excerpt":"El secretario general de Camioneros sostuvo que las nuevas pol\u00edticas econ\u00f3micas del Gobierno no servir\u00e1n y dijo que el oficialismo \"busca victimizarse\". Descart\u00f3 la posibilidad de un paro nacional. El secretario general de Camioneros, Hugo Moyano, expres\u00f3 que las nuevas pol\u00edticas econ\u00f3micas del Gobierno \"van a profundizar m\u00e1s la crisis\".\u2026","rel":"","context":"En \u00abPol\u00edtica\u00bb","block_context":{"text":"Pol\u00edtica","link":"http:\/\/www.24baires.com\/?cat=51"},"img":{"alt_text":"","src":"https:\/\/i0.wp.com\/www.24baires.com\/wp-content\/uploads\/2018\/02\/moyano.jpg?resize=350%2C200","width":350,"height":200,"srcset":"https:\/\/i0.wp.com\/www.24baires.com\/wp-content\/uploads\/2018\/02\/moyano.jpg?resize=350%2C200 1x, https:\/\/i0.wp.com\/www.24baires.com\/wp-content\/uploads\/2018\/02\/moyano.jpg?resize=525%2C300 1.5x"},"classes":[]},{"id":107626,"url":"http:\/\/www.24baires.com\/?p=107626","url_meta":{"origin":63775,"position":5},"title":"Moyano llam\u00f3 a un paro general y cruz\u00f3 a la c\u00fapula de la CGT","author":"AF","date":"11\/04\/2019","format":false,"excerpt":"El l\u00edder de camioneros asegur\u00f3 que se llevar\u00e1 a cabo una huelga general para el 30 de abril. En este sentido, le reclam\u00f3 a la CGT que tome cartas en el asunto. \"No reaccionan\", se quej\u00f3 el dirigente. Los gremios disidentes a la CGT, encabezados por Hugo Moyano y las\u2026","rel":"","context":"En \u00abSociedad\u00bb","block_context":{"text":"Sociedad","link":"http:\/\/www.24baires.com\/?cat=1"},"img":{"alt_text":"","src":"https:\/\/i0.wp.com\/www.24baires.com\/wp-content\/uploads\/2018\/05\/moyano.jpg?resize=350%2C200","width":350,"height":200,"srcset":"https:\/\/i0.wp.com\/www.24baires.com\/wp-content\/uploads\/2018\/05\/moyano.jpg?resize=350%2C200 1x, https:\/\/i0.wp.com\/www.24baires.com\/wp-content\/uploads\/2018\/05\/moyano.jpg?resize=525%2C300 1.5x"},"classes":[]}],"jetpack_sharing_enabled":true,"jetpack_likes_enabled":true,"jetpack_featured_media_url":"","_links":{"self":[{"href":"http:\/\/www.24baires.com\/index.php?rest_route=\/wp\/v2\/posts\/63775","targetHints":{"allow":["GET"]}}],"collection":[{"href":"http:\/\/www.24baires.com\/index.php?rest_route=\/wp\/v2\/posts"}],"about":[{"href":"http:\/\/www.24baires.com\/index.php?rest_route=\/wp\/v2\/types\/post"}],"author":[{"embeddable":true,"href":"http:\/\/www.24baires.com\/index.php?rest_route=\/wp\/v2\/users\/8"}],"replies":[{"embeddable":true,"href":"http:\/\/www.24baires.com\/index.php?rest_route=%2Fwp%2Fv2%2Fcomments&post=63775"}],"version-history":[{"count":2,"href":"http:\/\/www.24baires.com\/index.php?rest_route=\/wp\/v2\/posts\/63775\/revisions"}],"predecessor-version":[{"id":63787,"href":"http:\/\/www.24baires.com\/index.php?rest_route=\/wp\/v2\/posts\/63775\/revisions\/63787"}],"wp:attachment":[{"href":"http:\/\/www.24baires.com\/index.php?rest_route=%2Fwp%2Fv2%2Fmedia&parent=63775"}],"wp:term":[{"taxonomy":"category","embeddable":true,"href":"http:\/\/www.24baires.com\/index.php?rest_route=%2Fwp%2Fv2%2Fcategories&post=63775"},{"taxonomy":"post_tag","embeddable":true,"href":"http:\/\/www.24baires.com\/index.php?rest_route=%2Fwp%2Fv2%2Ftags&post=63775"}],"curies":[{"name":"wp","href":"https:\/\/api.w.org\/{rel}","templated":true}]}}