{"id":63770,"date":"2015-03-31T20:08:18","date_gmt":"2015-03-31T23:08:18","guid":{"rendered":"http:\/\/www.24baires.com\/?p=63770"},"modified":"2015-03-31T20:08:18","modified_gmt":"2015-03-31T23:08:18","slug":"el-senado-dio-dictamen-favorable-al-pliego-de-carles","status":"publish","type":"post","link":"http:\/\/www.24baires.com\/?p=63770","title":{"rendered":"El Senado dio dictamen favorable al pliego de Carl\u00e9s"},"content":{"rendered":"<p><img data-recalc-dims=\"1\" loading=\"lazy\" decoding=\"async\" class=\"aligncenter size-full wp-image-63771\" src=\"https:\/\/i0.wp.com\/www.24baires.com\/wp-content\/uploads\/2015\/03\/senado-2.jpg?resize=560%2C337\" alt=\"senado 2\" width=\"560\" height=\"337\" srcset=\"https:\/\/i0.wp.com\/www.24baires.com\/wp-content\/uploads\/2015\/03\/senado-2.jpg?w=560 560w, https:\/\/i0.wp.com\/www.24baires.com\/wp-content\/uploads\/2015\/03\/senado-2.jpg?resize=300%2C181 300w\" sizes=\"auto, (max-width: 560px) 100vw, 560px\" \/>El pliego deber\u00e1 ser debatido ahora en la sesi\u00f3n del 15 de abril del Senado. En una audiencia p\u00fablica, el postulante a la Corte Suprema neg\u00f3 avalar al gobierno actual y habl\u00f3 de maniobras malintencionadas en ese sentido.<!--more--><\/p>\n<p>El pliego designando a Roberto Carl\u00e9s como candidato a integrar la Corte Suprema de Justicia de la Naci\u00f3n fue firmado s\u00f3lo por los senadores oficialistas que conforman la Comisi\u00f3n de Acuerdos de la C\u00e1mara alta.<\/p>\n<p>Los senadores que apoyaron la postulaci\u00f3n de Carl\u00e9s fueron Rodolfo Urtubey, presidente de la Comisi\u00f3n; Miguel Angel Pichetto, jefe del bloque del Frente para la Victoria; Pablo Gonz\u00e1lez, Walter Barrionuevo, Marina Riofr\u00edo, Beatriz Rojk\u00e9s de Alperovich, Juan Manuel Irraz\u00e1bal, Mar\u00eda Laura Leguizam\u00f3n y Juan Manuel Abal Medina.<\/p>\n<p>En tanto, estuvieron presentes pero no apoyaron el pliego los radicales Gerardo Morales, Luis Naidenoff, Ernesto Sanz y Alfredo Mart\u00ednez; Luis Juez del Frente C\u00edvico de C\u00f3rdoba; y Lucila Crexell, del Movimiento Popular Neuquino, una de las legisladoras que habitualmente vota en concordancia con el Frente para la Victoria.<\/p>\n<p>Asimismo, no participaron de la audiencia, aunque integran la comisi\u00f3n, los peronistas federales Carlos Verna y Adolfo Rodr\u00edguez Sa\u00e1.<\/p>\n<p>Antes de pasar a la firma el pliego, Pichetto defendi\u00f3 la designaci\u00f3n de Carl\u00e9s argumentando que el candidato dej\u00f3 \u201cdemostrada su solvencia y cumple con los requisitos legales y constitucionales para ser juez de la Corte\u201d.<\/p>\n<p>Adem\u00e1s, desestim\u00f3 las cr\u00edticas hechas desde la UCR por la juventud del postulante sugiriendo que se \u201crepase\u201d lo escrito por el jurista radical Germ\u00e1n Bidart Campos acerca de \u201cc\u00f3mo considerar la experiencia de un abogado\u201d.<\/p>\n<p>\u201cSu juventud no es ning\u00fan dem\u00e9rito. De hecho, (Louis) Saint Just (dirigente de la revoluci\u00f3n francesa) fue a la guillotina a los 26 a\u00f1os\u201d, insisti\u00f3 el senador rionegrino y agreg\u00f3 que \u201cser\u00eda poco inteligente por parte de este Senado tomar este elemento para votar en contra de la candidatura de Carl\u00e9s\u201d.<\/p>\n<p>Asimismo, Pichetto le reconoci\u00f3 al postulante \u201ccierta vivencia de la calle, rapidez en sus respuestas\u201d, y tambi\u00e9n cuestion\u00f3 el reclamo hecho por el radical Gerardo Morales para que el lugar vacante de la Corte Suprema sea ocupado por una mujer por una cuesti\u00f3n de cupo, y puntualiz\u00f3 que la selecci\u00f3n de los candidatos a la Corte no puede ser exclusiva por g\u00e9nero.<\/p>\n<p>El radical Morales, en tanto, inici\u00f3 su fundamentaci\u00f3n negativa al pliego de Carl\u00e9s impugnando el nombramiento hecho por el Poder Ejecutivo \u201cpor la falta de cupo femenino\u201d.<\/p>\n<p>No obstante, endureci\u00f3 su discurso al indicar que al designado para ocupar el lugar que dej\u00f3 vacante Ra\u00fal Eugenio Zaffaroni a fines del a\u00f1o pasado le \u201cfalta idoneidad, experiencia y trayectoria\u201d.<\/p>\n<p>\u201cEs cierto que cumple con los ocho a\u00f1os de ejercicio de la profesi\u00f3n, pero estamos hablando de un cargo en la Corte y la cuesti\u00f3n de la trayectoria es central. Sin perjuicio de que hizo una buena carrera y fue un buen alumno\u201d, reconoci\u00f3.<\/p>\n<p>Sin embargo, insisti\u00f3 con que \u201cel tema central est\u00e1 en la trayectoria\u201d ya que Carl\u00e9s \u201cno acredita la experiencia fundamental para ocupar semejante representaci\u00f3n de la m\u00e1s alta jerarqu\u00eda del Poder Judicial del Estado\u201d.<\/p>\n","protected":false},"excerpt":{"rendered":"<p>El pliego deber\u00e1 ser debatido ahora en la sesi\u00f3n del 15 de abril del Senado. En una audiencia p\u00fablica, el postulante a la Corte Suprema neg\u00f3 avalar al gobierno actual y habl\u00f3 de maniobras malintencionadas en ese sentido.<\/p>\n","protected":false},"author":8,"featured_media":0,"comment_status":"open","ping_status":"open","sticky":false,"template":"","format":"standard","meta":{"_jetpack_newsletter_access":"","_jetpack_dont_email_post_to_subs":false,"_jetpack_newsletter_tier_id":0,"_jetpack_memberships_contains_paywalled_content":false,"_jetpack_memberships_contains_paid_content":false,"footnotes":""},"categories":[51],"tags":[],"class_list":["post-63770","post","type-post","status-publish","format-standard","hentry","category-politica"],"jetpack_shortlink":"https:\/\/wp.me\/p2JWE0-gAy","jetpack-related-posts":[{"id":119377,"url":"http:\/\/www.24baires.com\/?p=119377","url_meta":{"origin":63770,"position":0},"title":"El Senado debate la ampliaci\u00f3n de la Corte Suprema de Justicia","author":"AF","date":"22\/09\/2022","format":false,"excerpt":"El oficialismo buscar\u00e1 aprobar, sin el apoyo de la oposici\u00f3n, el proyecto de ley para elevar a 25 el n\u00famero de los integrantes del m\u00e1ximo tribunal. En las \u00faltimas horas surgi\u00f3 la posibilidad de reducir el n\u00famero a 15, a pedido de algunos legisladores aliados del Frente de Todos. La\u2026","rel":"","context":"En \u00abPol\u00edtica\u00bb","block_context":{"text":"Pol\u00edtica","link":"http:\/\/www.24baires.com\/?cat=51"},"img":{"alt_text":"","src":"https:\/\/i0.wp.com\/www.24baires.com\/wp-content\/uploads\/2022\/09\/senado.jpg?resize=350%2C200","width":350,"height":200,"srcset":"https:\/\/i0.wp.com\/www.24baires.com\/wp-content\/uploads\/2022\/09\/senado.jpg?resize=350%2C200 1x, https:\/\/i0.wp.com\/www.24baires.com\/wp-content\/uploads\/2022\/09\/senado.jpg?resize=525%2C300 1.5x, https:\/\/i0.wp.com\/www.24baires.com\/wp-content\/uploads\/2022\/09\/senado.jpg?resize=700%2C400 2x"},"classes":[]},{"id":62841,"url":"http:\/\/www.24baires.com\/?p=62841","url_meta":{"origin":63770,"position":1},"title":"El Senado se apresta a debatir el pliego de Carl\u00e9s para la Corte Suprema","author":"AF","date":"08\/03\/2015","format":false,"excerpt":"El pliego que properne al jurista en reemplazo de Eugenio Zaffaroni ingres\u00f3 este viernes a la C\u00e1mara alta, que lo debatir\u00e1 una vez que adquiera estado parlamentario durante la pr\u00f3xima sesi\u00f3n ordinaria que podr\u00eda llevarse a cabo esta semana. Una vez que el pliego sea ingresado formalmente, debe ser debatido\u2026","rel":"","context":"En \u00abLocales\u00bb","block_context":{"text":"Locales","link":"http:\/\/www.24baires.com\/?cat=38"},"img":{"alt_text":"","src":"","width":0,"height":0},"classes":[]},{"id":63011,"url":"http:\/\/www.24baires.com\/?p=63011","url_meta":{"origin":63770,"position":2},"title":"El Senado tratar\u00e1 el ingreso de Carl\u00e9s a la Corte","author":"Grupo Sierra","date":"11\/03\/2015","format":false,"excerpt":"Fue admitido formalmente durante la primera sesi\u00f3n ordinaria que llev\u00f3 a cabo la C\u00e1mara alta. Ser\u00e1 debatido en la Comisi\u00f3n de Acuerdos durante una audiencia p\u00fablica que se llevar\u00e1 a cabo el 31 de marzo. El pliego designando a Roberto Carl\u00e9s como nuevo miembro de la Corte Suprema de Justicia\u2026","rel":"","context":"En \u00abLegislativo\u00bb","block_context":{"text":"Legislativo","link":"http:\/\/www.24baires.com\/?cat=75"},"img":{"alt_text":"carl\u00e9s","src":"https:\/\/i0.wp.com\/www.24baires.com\/wp-content\/uploads\/2015\/01\/carl%C3%A9s.jpg?resize=350%2C200","width":350,"height":200,"srcset":"https:\/\/i0.wp.com\/www.24baires.com\/wp-content\/uploads\/2015\/01\/carl%C3%A9s.jpg?resize=350%2C200 1x, https:\/\/i0.wp.com\/www.24baires.com\/wp-content\/uploads\/2015\/01\/carl%C3%A9s.jpg?resize=525%2C300 1.5x"},"classes":[]},{"id":107633,"url":"http:\/\/www.24baires.com\/?p=107633","url_meta":{"origin":63770,"position":3},"title":"El Senado design\u00f3 a Sergio Torres como nuevo integrante de la Corte","author":"AF","date":"11\/04\/2019","format":false,"excerpt":"El Senado bonaerense aprob\u00f3 por unanimidad el nombramiento del juez federal Sergio Torres como nuevo ministro de la Suprema Corte de Justicia bonaerense. De esta forma, el m\u00e1ximo tribunal de la provincia volver\u00e1 a completar su integraci\u00f3n luego de m\u00e1s de dos a\u00f1os, tras la jubilaci\u00f3n de Juan Carlos Hitters.\u2026","rel":"","context":"En \u00abJUDICIALES\u00bb","block_context":{"text":"JUDICIALES","link":"http:\/\/www.24baires.com\/?cat=68"},"img":{"alt_text":"","src":"https:\/\/i0.wp.com\/www.24baires.com\/wp-content\/uploads\/2019\/04\/TORRES.jpg?resize=350%2C200","width":350,"height":200,"srcset":"https:\/\/i0.wp.com\/www.24baires.com\/wp-content\/uploads\/2019\/04\/TORRES.jpg?resize=350%2C200 1x, https:\/\/i0.wp.com\/www.24baires.com\/wp-content\/uploads\/2019\/04\/TORRES.jpg?resize=525%2C300 1.5x"},"classes":[]},{"id":36228,"url":"http:\/\/www.24baires.com\/?p=36228","url_meta":{"origin":63770,"position":4},"title":"F\u00e1brega estar\u00e1 al frente del Banco Central","author":"GB","date":"04\/12\/2013","format":false,"excerpt":"El Senado dio su acuerdo a la designaci\u00f3n de Juan Carlos F\u00e1brega como titular del Banco Central, cargo para el que fue propuesto el mes pasado por la presidenta Cristina Fern\u00e1ndez de Kirchner. De esta manera, F\u00e1brega estar\u00e1 al frente del ente monetario durante los pr\u00f3ximos seis a\u00f1os. El pliego\u2026","rel":"","context":"En \u00abPol\u00edtica\u00bb","block_context":{"text":"Pol\u00edtica","link":"http:\/\/www.24baires.com\/?cat=51"},"img":{"alt_text":"Senado","src":"https:\/\/i0.wp.com\/www.24baires.com\/wp-content\/uploads\/2013\/08\/Senado-300x199.jpg?resize=350%2C200","width":350,"height":200},"classes":[]},{"id":74342,"url":"http:\/\/www.24baires.com\/?p=74342","url_meta":{"origin":63770,"position":5},"title":"Piden \u00abresponsabilidad\u00bb a la oposici\u00f3n con los nuevos candidatos para la Corte Suprema","author":"AF","date":"29\/10\/2015","format":false,"excerpt":"El ministro de Justicia, Julio Alak, ley\u00f3 hoy un mensaje de la presidenta Cristina Fern\u00e1ndez de Kirchner que critica con dureza la \"actitud autoritaria y antirepublicana\" de la oposici\u00f3n de negarse a tratar el pliego de Roberto Carl\u00e9s para integrar la Corte Suprema, y dijo que la presentaci\u00f3n de dos\u2026","rel":"","context":"En \u00abJUDICIALES\u00bb","block_context":{"text":"JUDICIALES","link":"http:\/\/www.24baires.com\/?cat=68"},"img":{"alt_text":"alak ley medios","src":"https:\/\/i0.wp.com\/www.24baires.com\/wp-content\/uploads\/2012\/12\/alak-ley-medios.jpg?resize=350%2C200","width":350,"height":200,"srcset":"https:\/\/i0.wp.com\/www.24baires.com\/wp-content\/uploads\/2012\/12\/alak-ley-medios.jpg?resize=350%2C200 1x, https:\/\/i0.wp.com\/www.24baires.com\/wp-content\/uploads\/2012\/12\/alak-ley-medios.jpg?resize=525%2C300 1.5x"},"classes":[]}],"jetpack_sharing_enabled":true,"jetpack_likes_enabled":true,"jetpack_featured_media_url":"","_links":{"self":[{"href":"http:\/\/www.24baires.com\/index.php?rest_route=\/wp\/v2\/posts\/63770","targetHints":{"allow":["GET"]}}],"collection":[{"href":"http:\/\/www.24baires.com\/index.php?rest_route=\/wp\/v2\/posts"}],"about":[{"href":"http:\/\/www.24baires.com\/index.php?rest_route=\/wp\/v2\/types\/post"}],"author":[{"embeddable":true,"href":"http:\/\/www.24baires.com\/index.php?rest_route=\/wp\/v2\/users\/8"}],"replies":[{"embeddable":true,"href":"http:\/\/www.24baires.com\/index.php?rest_route=%2Fwp%2Fv2%2Fcomments&post=63770"}],"version-history":[{"count":1,"href":"http:\/\/www.24baires.com\/index.php?rest_route=\/wp\/v2\/posts\/63770\/revisions"}],"predecessor-version":[{"id":63772,"href":"http:\/\/www.24baires.com\/index.php?rest_route=\/wp\/v2\/posts\/63770\/revisions\/63772"}],"wp:attachment":[{"href":"http:\/\/www.24baires.com\/index.php?rest_route=%2Fwp%2Fv2%2Fmedia&parent=63770"}],"wp:term":[{"taxonomy":"category","embeddable":true,"href":"http:\/\/www.24baires.com\/index.php?rest_route=%2Fwp%2Fv2%2Fcategories&post=63770"},{"taxonomy":"post_tag","embeddable":true,"href":"http:\/\/www.24baires.com\/index.php?rest_route=%2Fwp%2Fv2%2Ftags&post=63770"}],"curies":[{"name":"wp","href":"https:\/\/api.w.org\/{rel}","templated":true}]}}