{"id":63768,"date":"2015-03-31T19:00:23","date_gmt":"2015-03-31T22:00:23","guid":{"rendered":"http:\/\/www.24baires.com\/?p=63768"},"modified":"2015-03-31T18:43:03","modified_gmt":"2015-03-31T21:43:03","slug":"el-jurado-de-enjuiciamiento-rechazo-la-destitucion-del-juez-axel-lopez","status":"publish","type":"post","link":"http:\/\/www.24baires.com\/?p=63768","title":{"rendered":"El Jurado de Enjuiciamiento rechaz\u00f3 la destituci\u00f3n del juez Axel L\u00f3pez"},"content":{"rendered":"<p>No hizo lugar al pedido de destituci\u00f3n del magistrado, en el marco del proceso que llev\u00f3 adelante por presunto mal desempe\u00f1o de sus funciones al haber concedido la libertad condicional a Juan Ernesto Cabeza, condenado a 24 a\u00f1os de prisi\u00f3n por cuatro violaciones.<!--more--><\/p>\n<p>En el Jurado de Enjuiciamiento, que es el \u00f3rgano constitucional a cargo del juzgamiento de jueces, tres miembros votaron a favor de la destituci\u00f3n de L\u00f3pez, y tres en contra, lo que determin\u00f3 la absoluci\u00f3n del juez.<\/p>\n<p>El reglamento establece que se necesitan cinco votos para destituir a un magistrado.<\/p>\n","protected":false},"excerpt":{"rendered":"<p>No hizo lugar al pedido de destituci\u00f3n del magistrado, en el marco del proceso que llev\u00f3 adelante por presunto mal desempe\u00f1o de sus funciones al haber concedido la libertad condicional a Juan Ernesto Cabeza, condenado a 24 a\u00f1os de prisi\u00f3n por cuatro violaciones.<\/p>\n","protected":false},"author":8,"featured_media":0,"comment_status":"open","ping_status":"open","sticky":false,"template":"","format":"standard","meta":{"_jetpack_newsletter_access":"","_jetpack_dont_email_post_to_subs":false,"_jetpack_newsletter_tier_id":0,"_jetpack_memberships_contains_paywalled_content":false,"_jetpack_memberships_contains_paid_content":false,"footnotes":""},"categories":[51],"tags":[],"class_list":["post-63768","post","type-post","status-publish","format-standard","hentry","category-politica"],"jetpack_shortlink":"https:\/\/wp.me\/p2JWE0-gAw","jetpack-related-posts":[{"id":114316,"url":"http:\/\/www.24baires.com\/?p=114316","url_meta":{"origin":63768,"position":0},"title":"Destituyeron a un juez de Olavarr\u00eda por acoso y abuso sexual","author":"GB","date":"06\/03\/2020","format":false,"excerpt":"Se trata del juez de Familia Claudio Garc\u00eda, quien fue destituido por un jurado de Enjuiciamiento de magistrados bonaerense. El jurado de Enjuiciamiento de magistrados bonaerense destituy\u00f3 al juez de Familia de la ciudad de Olavarr\u00eda Claudio Garc\u00eda, acusado de acoso sexual y violencia laboral. Recordemos que el juez fue\u2026","rel":"","context":"En \u00abSociedad\u00bb","block_context":{"text":"Sociedad","link":"http:\/\/www.24baires.com\/?cat=1"},"img":{"alt_text":"","src":"https:\/\/i0.wp.com\/www.24baires.com\/wp-content\/uploads\/2020\/02\/juez-garcia.jpg?resize=350%2C200","width":350,"height":200,"srcset":"https:\/\/i0.wp.com\/www.24baires.com\/wp-content\/uploads\/2020\/02\/juez-garcia.jpg?resize=350%2C200 1x, https:\/\/i0.wp.com\/www.24baires.com\/wp-content\/uploads\/2020\/02\/juez-garcia.jpg?resize=525%2C300 1.5x"},"classes":[]},{"id":114977,"url":"http:\/\/www.24baires.com\/?p=114977","url_meta":{"origin":63768,"position":1},"title":"Piden la destituci\u00f3n del juez que dispuso arrestos domiciliarios masivos por el coronavirus","author":"GB","date":"11\/05\/2020","format":false,"excerpt":"Piden adem\u00e1s que se lo suspenda hasta la realizaci\u00f3n del jury de enjuiciamiento. Se espera todav\u00eda el fallo de la Suprema Corte bonaerense sobre las domiciliarias dictadas ante el avance del coronavirus. La asociaci\u00f3n \"Usina de Justicia\" pidi\u00f3 este lunes la destituci\u00f3n del juez de la C\u00e1mara de Casaci\u00f3n bonaerense\u2026","rel":"","context":"En \u00abPol\u00edtica\u00bb","block_context":{"text":"Pol\u00edtica","link":"http:\/\/www.24baires.com\/?cat=51"},"img":{"alt_text":"","src":"https:\/\/i0.wp.com\/www.24baires.com\/wp-content\/uploads\/2020\/04\/penal.jpg?resize=350%2C200","width":350,"height":200,"srcset":"https:\/\/i0.wp.com\/www.24baires.com\/wp-content\/uploads\/2020\/04\/penal.jpg?resize=350%2C200 1x, https:\/\/i0.wp.com\/www.24baires.com\/wp-content\/uploads\/2020\/04\/penal.jpg?resize=525%2C300 1.5x"},"classes":[]},{"id":20224,"url":"http:\/\/www.24baires.com\/?p=20224","url_meta":{"origin":63768,"position":2},"title":"Frenan el proceso de destituci\u00f3n de los jueces del caso Marita Ver\u00f3n","author":"AF","date":"04\/04\/2013","format":false,"excerpt":"A nueve a\u00f1os de su desaparici\u00f3n, la Corte Suprema de Justicia tucumana hizo lugar a una medida cautelar y orden\u00f3 a la comisi\u00f3n de Juicio Pol\u00edtico de la Legislatura y al Jurado de Enjuiciamiento que se abstengan de continuar el proceso de destituci\u00f3n contra los magistrados. La Justicia hizo lugar\u2026","rel":"","context":"En \u00abLocales\u00bb","block_context":{"text":"Locales","link":"http:\/\/www.24baires.com\/?cat=38"},"img":{"alt_text":"trimarco","src":"https:\/\/i0.wp.com\/www.24baires.com\/wp-content\/uploads\/2012\/11\/trimarco.jpg?resize=350%2C200","width":350,"height":200},"classes":[]},{"id":100767,"url":"http:\/\/www.24baires.com\/?p=100767","url_meta":{"origin":63768,"position":3},"title":"Apartan preventivamente a juez de Olavarr\u00eda denunciado por acoso","author":"AF","date":"27\/02\/2018","format":false,"excerpt":"El Jurado de Enjuiciamiento resolvi\u00f3 hoy aparta al actual titular del Juzgado de Familia de Olavarr\u00eda, Claudio Garc\u00eda, a pedido de la Asociaci\u00f3n Judicial Bonaerense (AJB), mientras contin\u00faa su proceso de destituci\u00f3n por acoso. El apartamiento de Garc\u00eda, quien est\u00e1 denunciado por el gremio judicial de acosar sexualmente y ejercer\u2026","rel":"","context":"En \u00abSociedad\u00bb","block_context":{"text":"Sociedad","link":"http:\/\/www.24baires.com\/?cat=1"},"img":{"alt_text":"","src":"https:\/\/i0.wp.com\/www.24baires.com\/wp-content\/uploads\/2018\/02\/garc%C3%ADa-olavarr%C3%ADa.jpeg?resize=350%2C200","width":350,"height":200,"srcset":"https:\/\/i0.wp.com\/www.24baires.com\/wp-content\/uploads\/2018\/02\/garc%C3%ADa-olavarr%C3%ADa.jpeg?resize=350%2C200 1x, https:\/\/i0.wp.com\/www.24baires.com\/wp-content\/uploads\/2018\/02\/garc%C3%ADa-olavarr%C3%ADa.jpeg?resize=525%2C300 1.5x"},"classes":[]},{"id":103919,"url":"http:\/\/www.24baires.com\/?p=103919","url_meta":{"origin":63768,"position":4},"title":"Destituyeron al juez platense Luis Arias","author":"GB","date":"16\/08\/2018","format":false,"excerpt":"El Jurado de Enjuiciamiento de Magistrados bonaerense destituy\u00f3 al juez en lo Contencioso Administrativo de La Plata, Luis Federico Arias, quien hab\u00eda tomado trascendencia medi\u00e1tica por fallar contra los tarifazos e investigar la cantidad de v\u00edctimas fatales en la inundaci\u00f3n que afect\u00f3 a la capital provincial en abril de 2013,\u2026","rel":"","context":"En \u00abProvincia\u00bb","block_context":{"text":"Provincia","link":"http:\/\/www.24baires.com\/?cat=40"},"img":{"alt_text":"","src":"https:\/\/i0.wp.com\/www.24baires.com\/wp-content\/uploads\/2018\/08\/tribunal-300x200.jpg?resize=350%2C200","width":350,"height":200},"classes":[]},{"id":113299,"url":"http:\/\/www.24baires.com\/?p=113299","url_meta":{"origin":63768,"position":5},"title":"Avanza el jury contra la jueza que trat\u00f3 de \u201ctarada\u201d a v\u00edctima de violencia machista","author":"GB","date":"08\/12\/2019","format":false,"excerpt":"Se trata de Julieta Ormaechea, quien fue separada de su cargo como titular del juzgado de Paz de San Vicente El Jurado de Enjuiciamiento de magistrados de la provincia de Buenos Aires separ\u00f3 del cargo a la jueza de Paz de San Vicente, Julieta Ormaechea, quien tom\u00f3 trascendencia p\u00fablica por\u2026","rel":"","context":"En \u00abPol\u00edtica\u00bb","block_context":{"text":"Pol\u00edtica","link":"http:\/\/www.24baires.com\/?cat=51"},"img":{"alt_text":"","src":"https:\/\/i0.wp.com\/www.24baires.com\/wp-content\/uploads\/2019\/12\/jury.jpg?resize=350%2C200","width":350,"height":200,"srcset":"https:\/\/i0.wp.com\/www.24baires.com\/wp-content\/uploads\/2019\/12\/jury.jpg?resize=350%2C200 1x, https:\/\/i0.wp.com\/www.24baires.com\/wp-content\/uploads\/2019\/12\/jury.jpg?resize=525%2C300 1.5x"},"classes":[]}],"jetpack_sharing_enabled":true,"jetpack_likes_enabled":true,"jetpack_featured_media_url":"","_links":{"self":[{"href":"http:\/\/www.24baires.com\/index.php?rest_route=\/wp\/v2\/posts\/63768","targetHints":{"allow":["GET"]}}],"collection":[{"href":"http:\/\/www.24baires.com\/index.php?rest_route=\/wp\/v2\/posts"}],"about":[{"href":"http:\/\/www.24baires.com\/index.php?rest_route=\/wp\/v2\/types\/post"}],"author":[{"embeddable":true,"href":"http:\/\/www.24baires.com\/index.php?rest_route=\/wp\/v2\/users\/8"}],"replies":[{"embeddable":true,"href":"http:\/\/www.24baires.com\/index.php?rest_route=%2Fwp%2Fv2%2Fcomments&post=63768"}],"version-history":[{"count":1,"href":"http:\/\/www.24baires.com\/index.php?rest_route=\/wp\/v2\/posts\/63768\/revisions"}],"predecessor-version":[{"id":63769,"href":"http:\/\/www.24baires.com\/index.php?rest_route=\/wp\/v2\/posts\/63768\/revisions\/63769"}],"wp:attachment":[{"href":"http:\/\/www.24baires.com\/index.php?rest_route=%2Fwp%2Fv2%2Fmedia&parent=63768"}],"wp:term":[{"taxonomy":"category","embeddable":true,"href":"http:\/\/www.24baires.com\/index.php?rest_route=%2Fwp%2Fv2%2Fcategories&post=63768"},{"taxonomy":"post_tag","embeddable":true,"href":"http:\/\/www.24baires.com\/index.php?rest_route=%2Fwp%2Fv2%2Ftags&post=63768"}],"curies":[{"name":"wp","href":"https:\/\/api.w.org\/{rel}","templated":true}]}}