{"id":63764,"date":"2015-03-31T18:40:06","date_gmt":"2015-03-31T21:40:06","guid":{"rendered":"http:\/\/www.24baires.com\/?p=63764"},"modified":"2015-04-01T09:51:59","modified_gmt":"2015-04-01T12:51:59","slug":"cuando-les-digan-que-van-por-el-choripan-digan-que-no-que-van-por-las-cloacas-y-el-trabajo","status":"publish","type":"post","link":"http:\/\/www.24baires.com\/?p=63764","title":{"rendered":"\u201cCuando les digan que van por el chorip\u00e1n, digan que no, que van por las cloacas y el trabajo\u00bb"},"content":{"rendered":"<p><img data-recalc-dims=\"1\" loading=\"lazy\" decoding=\"async\" class=\"aligncenter size-full wp-image-63765\" src=\"https:\/\/i0.wp.com\/www.24baires.com\/wp-content\/uploads\/2015\/03\/c.jpg?resize=560%2C373\" alt=\"c\" width=\"560\" height=\"373\" srcset=\"https:\/\/i0.wp.com\/www.24baires.com\/wp-content\/uploads\/2015\/03\/c.jpg?w=560 560w, https:\/\/i0.wp.com\/www.24baires.com\/wp-content\/uploads\/2015\/03\/c.jpg?resize=300%2C200 300w\" sizes=\"auto, (max-width: 560px) 100vw, 560px\" \/>La Presidenta asegur\u00f3 adem\u00e1s que le \u00abduele cuando hacen un paro porque tienen que dar un poquito de su sueldo para otros compa\u00f1eros\u00bb. La jefa de Estado encabez\u00f3 un acto en La Matanza en el que inaugur\u00f3 obras.<!--more--><\/p>\n<p>La presidenta Cristina Fern\u00e1ndez de Kirchner asegur\u00f3 hoy que le duele que los que \u00abtienen un trabajo y bien remunerado se olvidan de los que todav\u00eda est\u00e1n afuera y hacen un paro porque tienen que ceder un poco de su sueldo para otros compa\u00f1eros\u00bb.<\/p>\n<p>\u00abComo dec\u00eda Evita, le tengo m\u00e1s miedo al fr\u00edo de los corazones de los compa\u00f1eros que se olvidan de donde vinieron que al de los oligarcas\u00bb, agreg\u00f3 Cristina al encabezar un acto en la localidad bonaerense de La Matanza, transmitido por cadena nacional.<\/p>\n<p>Cristina manifest\u00f3 que \u00abno hay que confundir jam\u00e1s a los trabajadores con algunos dirigentes sindicales porque ser\u00eda injusta si generalizara\u00bb y asever\u00f3 que se refer\u00eda a \u00abuno de ellos, emblema de los &#8217;90, que se refer\u00eda a nuestro ministro de Econom\u00eda -Axel Kicillof- como &#8216;rusito&#8217; por ser jud\u00edo\u00bb, en clara alusi\u00f3n al gastron\u00f3mico Luis Barrionuevo.<\/p>\n<p>Al encabezar el acto de inauguraci\u00f3n de una red de agua potable para una zona del partido de La Matanza, en el Gran Buenos Aires, la Presidenta resalt\u00f3 que est\u00e1 esperando \u00absi la dirigencia de la comunidad le hace denuncia por discriminaci\u00f3n\u00bb y agreg\u00f3 que \u00abparece mentira que despu\u00e9s de las cosas que nos han pasado a los argentinos exista esa discriminaci\u00f3n\u00bb.<\/p>\n","protected":false},"excerpt":{"rendered":"<p>La Presidenta asegur\u00f3 adem\u00e1s que le \u00abduele cuando hacen un paro porque tienen que dar un poquito de su sueldo para otros compa\u00f1eros\u00bb. La jefa de Estado encabez\u00f3 un acto en La Matanza en el que inaugur\u00f3 obras.<\/p>\n","protected":false},"author":8,"featured_media":0,"comment_status":"open","ping_status":"open","sticky":false,"template":"","format":"standard","meta":{"_jetpack_newsletter_access":"","_jetpack_dont_email_post_to_subs":false,"_jetpack_newsletter_tier_id":0,"_jetpack_memberships_contains_paywalled_content":false,"_jetpack_memberships_contains_paid_content":false,"footnotes":""},"categories":[51],"tags":[],"class_list":["post-63764","post","type-post","status-publish","format-standard","hentry","category-politica"],"jetpack_shortlink":"https:\/\/wp.me\/p2JWE0-gAs","jetpack-related-posts":[{"id":62168,"url":"http:\/\/www.24baires.com\/?p=62168","url_meta":{"origin":63764,"position":0},"title":"Cristina: \u00abLes vamos a dejar un pa\u00eds mejor que el que recibimos\u00bb","author":"Grupo Sierra","date":"23\/02\/2015","format":false,"excerpt":"Lo dijo la Presidenta al hablar en la inauguraci\u00f3n de la nueva intendencia de Berazategui: En el acto, del que participaron el gobernador Scioli y el intendente Mussi, entre otras autoridades, la jefa de Estado, realiz\u00f3 videoconferencias con Formosa, La Matanza y Luj\u00e1n. Cristina Fern\u00e1ndez de Kirchner afirm\u00f3 que \u201chay\u2026","rel":"","context":"En \u00abGeneral\u00bb","block_context":{"text":"General","link":"http:\/\/www.24baires.com\/?cat=67"},"img":{"alt_text":"","src":"https:\/\/i0.wp.com\/www.24baires.com\/wp-content\/uploads\/2015\/02\/cristina-berazategui.jpg?resize=350%2C200","width":350,"height":200,"srcset":"https:\/\/i0.wp.com\/www.24baires.com\/wp-content\/uploads\/2015\/02\/cristina-berazategui.jpg?resize=350%2C200 1x, https:\/\/i0.wp.com\/www.24baires.com\/wp-content\/uploads\/2015\/02\/cristina-berazategui.jpg?resize=525%2C300 1.5x"},"classes":[]},{"id":112597,"url":"http:\/\/www.24baires.com\/?p=112597","url_meta":{"origin":63764,"position":1},"title":"\u00abVan a entender lo que pas\u00f3 en Argentina cuando cuenten los votos\u00bb","author":"AF","date":"22\/10\/2019","format":false,"excerpt":"El candidato a presidente del Frente de Todos estuvo con intendentes de la Primera Secci\u00f3n Electoral y habl\u00f3 del pa\u00eds que le dejar\u00e1 Macri. El candidato a presidente del Frente de Todos, Alberto Fern\u00e1ndez, encabez\u00f3 un acto de campa\u00f1a en el Estadio Direct TV Arena de Malvinas Argentinas. All\u00ed agradeci\u00f3\u2026","rel":"","context":"En \u00abPol\u00edtica\u00bb","block_context":{"text":"Pol\u00edtica","link":"http:\/\/www.24baires.com\/?cat=51"},"img":{"alt_text":"","src":"https:\/\/i0.wp.com\/www.24baires.com\/wp-content\/uploads\/2019\/10\/alberto-fernandez.jpg?resize=350%2C200","width":350,"height":200,"srcset":"https:\/\/i0.wp.com\/www.24baires.com\/wp-content\/uploads\/2019\/10\/alberto-fernandez.jpg?resize=350%2C200 1x, https:\/\/i0.wp.com\/www.24baires.com\/wp-content\/uploads\/2019\/10\/alberto-fernandez.jpg?resize=525%2C300 1.5x"},"classes":[]},{"id":115752,"url":"http:\/\/www.24baires.com\/?p=115752","url_meta":{"origin":63764,"position":2},"title":"Fern\u00e1ndez llam\u00f3 a la unidad de la CGT y la CTA","author":"AF","date":"27\/07\/2020","format":false,"excerpt":"En un acto de trabajadores, el Presidente insisti\u00f3 en la creaci\u00f3n de una sola central obrera. Alberto Fern\u00e1ndez encabez\u00f3, a trav\u00e9s de videoconferencia, la apertura del plenario nacional de la Central de Trabajadores de la Argentina. Durante su discurso, el mandatario pidi\u00f3 \"no aflojar\", que no \"dividan\" al Gobierno de\u2026","rel":"","context":"En \u00abPol\u00edtica\u00bb","block_context":{"text":"Pol\u00edtica","link":"http:\/\/www.24baires.com\/?cat=51"},"img":{"alt_text":"","src":"https:\/\/i0.wp.com\/www.24baires.com\/wp-content\/uploads\/2020\/07\/fern%C3%A1ndez-vc.jpg?resize=350%2C200","width":350,"height":200,"srcset":"https:\/\/i0.wp.com\/www.24baires.com\/wp-content\/uploads\/2020\/07\/fern%C3%A1ndez-vc.jpg?resize=350%2C200 1x, https:\/\/i0.wp.com\/www.24baires.com\/wp-content\/uploads\/2020\/07\/fern%C3%A1ndez-vc.jpg?resize=525%2C300 1.5x"},"classes":[]},{"id":105136,"url":"http:\/\/www.24baires.com\/?p=105136","url_meta":{"origin":63764,"position":3},"title":"En el aniversario de la muerte de Kirchner, M\u00e1ximo pidi\u00f3 \u00abreflexionar muy bien\u00bb a la hora de votar","author":"AF","date":"27\/10\/2018","format":false,"excerpt":"El diputado y l\u00edder de La C\u00e1mpora encabez\u00f3 un acto, rodeado de militantes y dirigentes, en Villa Palito en La Matanza. A ocho a\u00f1os de la muerte del ex presidente N\u00e9stor Kirchner, el l\u00edder de La C\u00e1mpora, M\u00e1ximo Kirchner, encabez\u00f3 un acto en Villa Palito en La Matanza y les\u2026","rel":"","context":"En \u00abPol\u00edtica\u00bb","block_context":{"text":"Pol\u00edtica","link":"http:\/\/www.24baires.com\/?cat=51"},"img":{"alt_text":"","src":"https:\/\/i0.wp.com\/www.24baires.com\/wp-content\/uploads\/2018\/10\/m%C3%A1ximo-kirchner.jpg?resize=350%2C200","width":350,"height":200,"srcset":"https:\/\/i0.wp.com\/www.24baires.com\/wp-content\/uploads\/2018\/10\/m%C3%A1ximo-kirchner.jpg?resize=350%2C200 1x, https:\/\/i0.wp.com\/www.24baires.com\/wp-content\/uploads\/2018\/10\/m%C3%A1ximo-kirchner.jpg?resize=525%2C300 1.5x"},"classes":[]},{"id":67349,"url":"http:\/\/www.24baires.com\/?p=67349","url_meta":{"origin":63764,"position":4},"title":"La Matanza podr\u00eda tener su primera Intendenta mujer","author":"AF","date":"10\/06\/2015","format":false,"excerpt":"El intendente del municipio m\u00e1s poblado del Conurbano propuso a la diputada Ver\u00f3nica Magario como candidata. \"Por primera vez en la historia, una compa\u00f1era mujer gobernar\u00e1 a nuestra querida La Matanza\u201d, dijo emocionado. Visiblemente emocionado, Espinoza encabez\u00f3 junto a Magario el acto de lanzamiento de la candidatura en el Consejo\u2026","rel":"","context":"En \u00abLocales\u00bb","block_context":{"text":"Locales","link":"http:\/\/www.24baires.com\/?cat=38"},"img":{"alt_text":"","src":"https:\/\/i0.wp.com\/www.24baires.com\/wp-content\/uploads\/2015\/06\/magario-espinoza.jpg?resize=350%2C200","width":350,"height":200,"srcset":"https:\/\/i0.wp.com\/www.24baires.com\/wp-content\/uploads\/2015\/06\/magario-espinoza.jpg?resize=350%2C200 1x, https:\/\/i0.wp.com\/www.24baires.com\/wp-content\/uploads\/2015\/06\/magario-espinoza.jpg?resize=525%2C300 1.5x"},"classes":[]},{"id":118081,"url":"http:\/\/www.24baires.com\/?p=118081","url_meta":{"origin":63764,"position":5},"title":"Fern\u00e1ndez: \u00abEstamos dando un paso para ponerle fin a una disputa de a\u00f1os\u00bb","author":"AF","date":"30\/09\/2021","format":false,"excerpt":"El Presidente encabez\u00f3 la presentaci\u00f3n del proyecto agroindustrial en Casa Rosada junto a la vicepresidenta, Cristina Fern\u00e1ndez de Kirchner; el jefe de Gabinete, Juan Manzur, y el ministro de Agricultura, Juli\u00e1n Dom\u00ednguez. El presidente Alberto Fern\u00e1ndez asegur\u00f3 hoy que se est\u00e1 dando \"un paso para ponerle fin a una disputa\u2026","rel":"","context":"En \u00abPol\u00edtica\u00bb","block_context":{"text":"Pol\u00edtica","link":"http:\/\/www.24baires.com\/?cat=51"},"img":{"alt_text":"","src":"https:\/\/i0.wp.com\/www.24baires.com\/wp-content\/uploads\/2021\/09\/alberto-fernandez-cristina-kirchner-1jpg.jpg?resize=350%2C200","width":350,"height":200,"srcset":"https:\/\/i0.wp.com\/www.24baires.com\/wp-content\/uploads\/2021\/09\/alberto-fernandez-cristina-kirchner-1jpg.jpg?resize=350%2C200 1x, https:\/\/i0.wp.com\/www.24baires.com\/wp-content\/uploads\/2021\/09\/alberto-fernandez-cristina-kirchner-1jpg.jpg?resize=525%2C300 1.5x"},"classes":[]}],"jetpack_sharing_enabled":true,"jetpack_likes_enabled":true,"jetpack_featured_media_url":"","_links":{"self":[{"href":"http:\/\/www.24baires.com\/index.php?rest_route=\/wp\/v2\/posts\/63764","targetHints":{"allow":["GET"]}}],"collection":[{"href":"http:\/\/www.24baires.com\/index.php?rest_route=\/wp\/v2\/posts"}],"about":[{"href":"http:\/\/www.24baires.com\/index.php?rest_route=\/wp\/v2\/types\/post"}],"author":[{"embeddable":true,"href":"http:\/\/www.24baires.com\/index.php?rest_route=\/wp\/v2\/users\/8"}],"replies":[{"embeddable":true,"href":"http:\/\/www.24baires.com\/index.php?rest_route=%2Fwp%2Fv2%2Fcomments&post=63764"}],"version-history":[{"count":2,"href":"http:\/\/www.24baires.com\/index.php?rest_route=\/wp\/v2\/posts\/63764\/revisions"}],"predecessor-version":[{"id":63767,"href":"http:\/\/www.24baires.com\/index.php?rest_route=\/wp\/v2\/posts\/63764\/revisions\/63767"}],"wp:attachment":[{"href":"http:\/\/www.24baires.com\/index.php?rest_route=%2Fwp%2Fv2%2Fmedia&parent=63764"}],"wp:term":[{"taxonomy":"category","embeddable":true,"href":"http:\/\/www.24baires.com\/index.php?rest_route=%2Fwp%2Fv2%2Fcategories&post=63764"},{"taxonomy":"post_tag","embeddable":true,"href":"http:\/\/www.24baires.com\/index.php?rest_route=%2Fwp%2Fv2%2Ftags&post=63764"}],"curies":[{"name":"wp","href":"https:\/\/api.w.org\/{rel}","templated":true}]}}