{"id":63760,"date":"2015-03-31T15:00:47","date_gmt":"2015-03-31T18:00:47","guid":{"rendered":"http:\/\/www.24baires.com\/?p=63760"},"modified":"2015-03-31T14:52:11","modified_gmt":"2015-03-31T17:52:11","slug":"el-proyecto-busca-consolidar-una-transformacion-inedita-en-materia-ferroviaria","status":"publish","type":"post","link":"http:\/\/www.24baires.com\/?p=63760","title":{"rendered":"El proyecto busca \u00abconsolidar una transformaci\u00f3n in\u00e9dita en materia ferroviaria\u00bb"},"content":{"rendered":"<p><img data-recalc-dims=\"1\" loading=\"lazy\" decoding=\"async\" class=\"aligncenter size-full wp-image-38437\" src=\"https:\/\/i0.wp.com\/www.24baires.com\/wp-content\/uploads\/2014\/01\/randazzo-1.jpg?resize=560%2C333\" alt=\"randazzo 1\" width=\"560\" height=\"333\" srcset=\"https:\/\/i0.wp.com\/www.24baires.com\/wp-content\/uploads\/2014\/01\/randazzo-1.jpg?w=560 560w, https:\/\/i0.wp.com\/www.24baires.com\/wp-content\/uploads\/2014\/01\/randazzo-1.jpg?resize=300%2C178 300w\" sizes=\"auto, (max-width: 560px) 100vw, 560px\" \/>As\u00ed se pronunci\u00f3 el funcionario, al iniciar su exposici\u00f3n ante un plenario de comisiones de la C\u00e1mara de Diputados, en la que resalt\u00f3 que el gobierno entiende la propuesta como \u00abun desaf\u00edo vinculado al servicio estrat\u00e9gico del desarrollo argentino\u00bb.<!--more--><\/p>\n<p>As\u00ed se pronunci\u00f3 el funcionario, al iniciar su exposici\u00f3n ante un plenario de comisiones de la C\u00e1mara de Diputados, en la que resalt\u00f3 que el gobierno de Cristina Fern\u00e1ndez de Kirchner entiende la propuesta como \u00abun desaf\u00edo vinculado al servicio estrat\u00e9gico del desarrollo argentino\u00bb, tanto en lo \u00absocial\u00bb, como en lo \u00abecon\u00f3mico\u00bb.<\/p>\n<p>El plenario de comisiones de Transporte, Presupuesto y Hacienda y Obras P\u00fablicas de la C\u00e1mara de Diputados, en el que el ministro del Interior y Transporte, Florencio Randazzo, explica los alcances del proyecto que estatiza los trenes y crea la empresa p\u00fablica Ferrocarriles Argentino, comenz\u00f3 a las 14.10.<\/p>\n<p>El oficialismo aspira a emitir dictamen luego de la disertaci\u00f3n de Randazzo para que la iniciativa pueda ser debatida en el recinto despu\u00e9s de Semana Santa, el pr\u00f3ximo 8 de abril, en el marco de una sesi\u00f3n especial.<\/p>\n","protected":false},"excerpt":{"rendered":"<p>As\u00ed se pronunci\u00f3 el funcionario, al iniciar su exposici\u00f3n ante un plenario de comisiones de la C\u00e1mara de Diputados, en la que resalt\u00f3 que el gobierno entiende la propuesta como \u00abun desaf\u00edo vinculado al servicio estrat\u00e9gico del desarrollo argentino\u00bb.<\/p>\n","protected":false},"author":8,"featured_media":0,"comment_status":"open","ping_status":"open","sticky":false,"template":"","format":"standard","meta":{"_jetpack_newsletter_access":"","_jetpack_dont_email_post_to_subs":false,"_jetpack_newsletter_tier_id":0,"_jetpack_memberships_contains_paywalled_content":false,"_jetpack_memberships_contains_paid_content":false,"footnotes":""},"categories":[51],"tags":[],"class_list":["post-63760","post","type-post","status-publish","format-standard","hentry","category-politica"],"jetpack_shortlink":"https:\/\/wp.me\/p2JWE0-gAo","jetpack-related-posts":[{"id":103630,"url":"http:\/\/www.24baires.com\/?p=103630","url_meta":{"origin":63760,"position":0},"title":"Legalizaci\u00f3n del aborto: sin dictamen, el 8 se definir\u00e1 qu\u00e9 proyecto se vota","author":"AF","date":"01\/08\/2018","format":false,"excerpt":"No hubo dictamen de mayor\u00eda debido a la falta de acuerdo en el plenario de comisiones del Senado. El proyecto de legalizaci\u00f3n del aborto ser\u00e1 votado en la fecha en que fue estipulado. Las comisiones de Salud, de Justicia y de Asuntos Constitucionales del Senado se reunieron para firmar los\u2026","rel":"","context":"En \u00abSociedad\u00bb","block_context":{"text":"Sociedad","link":"http:\/\/www.24baires.com\/?cat=1"},"img":{"alt_text":"","src":"https:\/\/i0.wp.com\/www.24baires.com\/wp-content\/uploads\/2018\/02\/aborto-congreso.jpg?resize=350%2C200","width":350,"height":200,"srcset":"https:\/\/i0.wp.com\/www.24baires.com\/wp-content\/uploads\/2018\/02\/aborto-congreso.jpg?resize=350%2C200 1x, https:\/\/i0.wp.com\/www.24baires.com\/wp-content\/uploads\/2018\/02\/aborto-congreso.jpg?resize=525%2C300 1.5x"},"classes":[]},{"id":116797,"url":"http:\/\/www.24baires.com\/?p=116797","url_meta":{"origin":63760,"position":1},"title":"Se abre la discusi\u00f3n sobre el aborto legal","author":"GB","date":"01\/12\/2020","format":false,"excerpt":"El debate comenzar\u00e1 con las exposiciones de los ministros de Salud, Gin\u00e9s Gonz\u00e1lez Garc\u00eda, y de Mujeres, G\u00e9neros y Diversidad, Elizabeth G\u00f3mez Alcorta, y la secretaria Legal y T\u00e9cnica de la Presidencia, Vilma Ibarra Con la exposici\u00f3n de funcionarios, se abre la discusi\u00f3n sobre el aborto legal La C\u00e1mara de\u2026","rel":"","context":"En \u00abPol\u00edtica\u00bb","block_context":{"text":"Pol\u00edtica","link":"http:\/\/www.24baires.com\/?cat=51"},"img":{"alt_text":"","src":"https:\/\/i0.wp.com\/www.24baires.com\/wp-content\/uploads\/2019\/02\/pa%C3%B1uelo-aborto.jpg?resize=350%2C200","width":350,"height":200,"srcset":"https:\/\/i0.wp.com\/www.24baires.com\/wp-content\/uploads\/2019\/02\/pa%C3%B1uelo-aborto.jpg?resize=350%2C200 1x, https:\/\/i0.wp.com\/www.24baires.com\/wp-content\/uploads\/2019\/02\/pa%C3%B1uelo-aborto.jpg?resize=525%2C300 1.5x"},"classes":[]},{"id":116842,"url":"http:\/\/www.24baires.com\/?p=116842","url_meta":{"origin":63760,"position":2},"title":"Aborto legal: Diputados busca emitir dictamen y tratarlo en el recinto","author":"GB","date":"09\/12\/2020","format":false,"excerpt":"Este mi\u00e9rcoles ser\u00e1 el plenario presencial para dictaminar y Diputados quiere tratar el aborto legal en el recinto el jueves y viernes El plenario de comisiones de Diputados ya comenz\u00f3 a analizar el proyecto de aborto legal tras finalizar con las jornadas informativas, con la mirada puesta en la sesi\u00f3n\u2026","rel":"","context":"En \u00abPol\u00edtica\u00bb","block_context":{"text":"Pol\u00edtica","link":"http:\/\/www.24baires.com\/?cat=51"},"img":{"alt_text":"","src":"https:\/\/i0.wp.com\/www.24baires.com\/wp-content\/uploads\/2018\/08\/senado-aborto.jpg?resize=350%2C200","width":350,"height":200,"srcset":"https:\/\/i0.wp.com\/www.24baires.com\/wp-content\/uploads\/2018\/08\/senado-aborto.jpg?resize=350%2C200 1x, https:\/\/i0.wp.com\/www.24baires.com\/wp-content\/uploads\/2018\/08\/senado-aborto.jpg?resize=525%2C300 1.5x"},"classes":[]},{"id":121294,"url":"http:\/\/www.24baires.com\/?p=121294","url_meta":{"origin":63760,"position":3},"title":"El Senado empieza a tratar la Ley de Bases","author":"GB","date":"07\/05\/2024","format":false,"excerpt":"Con un plenario de comisiones, el Senado de la Naci\u00f3n comienza a discutir la nueva ley \u00f3mnibus de Milei. La idea del oficialismo es aprobarla la semana pr\u00f3xima. Tras la aprobaci\u00f3n en la C\u00e1mara de Diputados, la nueva ley \u00f3mnibus (ahora llamada Ley Bases) y el paquete fiscal de Javier\u2026","rel":"","context":"En \u00abLocales\u00bb","block_context":{"text":"Locales","link":"http:\/\/www.24baires.com\/?cat=38"},"img":{"alt_text":"","src":"https:\/\/i0.wp.com\/www.24baires.com\/wp-content\/uploads\/2024\/05\/senadores-era-milei.webp?resize=350%2C200","width":350,"height":200,"srcset":"https:\/\/i0.wp.com\/www.24baires.com\/wp-content\/uploads\/2024\/05\/senadores-era-milei.webp?resize=350%2C200 1x, https:\/\/i0.wp.com\/www.24baires.com\/wp-content\/uploads\/2024\/05\/senadores-era-milei.webp?resize=525%2C300 1.5x, https:\/\/i0.wp.com\/www.24baires.com\/wp-content\/uploads\/2024\/05\/senadores-era-milei.webp?resize=700%2C400 2x"},"classes":[]},{"id":116296,"url":"http:\/\/www.24baires.com\/?p=116296","url_meta":{"origin":63760,"position":4},"title":"Guzm\u00e1n: el Presupuesto 2021 \u00abes un paso fundamental en el proceso de estabilizar la econom\u00eda\u00bb","author":"AF","date":"22\/09\/2020","format":false,"excerpt":"El ministro brinda detalles en comisi\u00f3n sobre los principales ejes que contempla un crecimiento del 5,5% del PBI y un gasto total de m\u00e1s de 8 billones de pesos. El ministro de Econom\u00eda, Mart\u00edn Guzm\u00e1n, afirm\u00f3 que \"estamos en una situaci\u00f3n muy dif\u00edcil en Argentina y en el mundo\" a\u2026","rel":"","context":"En \u00abEconom\u00eda\u00bb","block_context":{"text":"Econom\u00eda","link":"http:\/\/www.24baires.com\/?cat=45"},"img":{"alt_text":"","src":"https:\/\/i0.wp.com\/www.24baires.com\/wp-content\/uploads\/2020\/05\/guzman-1.jpg?resize=350%2C200","width":350,"height":200,"srcset":"https:\/\/i0.wp.com\/www.24baires.com\/wp-content\/uploads\/2020\/05\/guzman-1.jpg?resize=350%2C200 1x, https:\/\/i0.wp.com\/www.24baires.com\/wp-content\/uploads\/2020\/05\/guzman-1.jpg?resize=525%2C300 1.5x"},"classes":[]},{"id":101520,"url":"http:\/\/www.24baires.com\/?p=101520","url_meta":{"origin":63760,"position":5},"title":"Arranca debate por despenalizaci\u00f3n del aborto","author":"GB","date":"10\/04\/2018","format":false,"excerpt":"La C\u00e1mara de Diputados comenzar\u00e1 este martes el debate formal del proyecto de despenalizaci\u00f3n del aborto, en el contexto de una serie de audiencias a la que concurrir\u00e1n unos 1.000 expositores -representantes de organizaciones y especialistas- para exponer sobre una iniciativa que divide aguas en todos los bloques. Las audiencias\u2026","rel":"","context":"En \u00abPol\u00edtica\u00bb","block_context":{"text":"Pol\u00edtica","link":"http:\/\/www.24baires.com\/?cat=51"},"img":{"alt_text":"","src":"https:\/\/i0.wp.com\/www.24baires.com\/wp-content\/uploads\/2018\/03\/pa%C3%B1uelazo-aborto.jpg?resize=350%2C200","width":350,"height":200,"srcset":"https:\/\/i0.wp.com\/www.24baires.com\/wp-content\/uploads\/2018\/03\/pa%C3%B1uelazo-aborto.jpg?resize=350%2C200 1x, https:\/\/i0.wp.com\/www.24baires.com\/wp-content\/uploads\/2018\/03\/pa%C3%B1uelazo-aborto.jpg?resize=525%2C300 1.5x"},"classes":[]}],"jetpack_sharing_enabled":true,"jetpack_likes_enabled":true,"jetpack_featured_media_url":"","_links":{"self":[{"href":"http:\/\/www.24baires.com\/index.php?rest_route=\/wp\/v2\/posts\/63760","targetHints":{"allow":["GET"]}}],"collection":[{"href":"http:\/\/www.24baires.com\/index.php?rest_route=\/wp\/v2\/posts"}],"about":[{"href":"http:\/\/www.24baires.com\/index.php?rest_route=\/wp\/v2\/types\/post"}],"author":[{"embeddable":true,"href":"http:\/\/www.24baires.com\/index.php?rest_route=\/wp\/v2\/users\/8"}],"replies":[{"embeddable":true,"href":"http:\/\/www.24baires.com\/index.php?rest_route=%2Fwp%2Fv2%2Fcomments&post=63760"}],"version-history":[{"count":1,"href":"http:\/\/www.24baires.com\/index.php?rest_route=\/wp\/v2\/posts\/63760\/revisions"}],"predecessor-version":[{"id":63761,"href":"http:\/\/www.24baires.com\/index.php?rest_route=\/wp\/v2\/posts\/63760\/revisions\/63761"}],"wp:attachment":[{"href":"http:\/\/www.24baires.com\/index.php?rest_route=%2Fwp%2Fv2%2Fmedia&parent=63760"}],"wp:term":[{"taxonomy":"category","embeddable":true,"href":"http:\/\/www.24baires.com\/index.php?rest_route=%2Fwp%2Fv2%2Fcategories&post=63760"},{"taxonomy":"post_tag","embeddable":true,"href":"http:\/\/www.24baires.com\/index.php?rest_route=%2Fwp%2Fv2%2Ftags&post=63760"}],"curies":[{"name":"wp","href":"https:\/\/api.w.org\/{rel}","templated":true}]}}