{"id":63754,"date":"2015-03-31T14:00:34","date_gmt":"2015-03-31T17:00:34","guid":{"rendered":"http:\/\/www.24baires.com\/?p=63754"},"modified":"2015-03-31T13:12:56","modified_gmt":"2015-03-31T16:12:56","slug":"el-fiscal-moldes-apelo-el-fallo-que-desestimo-la-denuncia-de-nisman","status":"publish","type":"post","link":"http:\/\/www.24baires.com\/?p=63754","title":{"rendered":"El fiscal Moldes apel\u00f3 el fallo que desestim\u00f3 la denuncia de Nisman"},"content":{"rendered":"<p><img data-recalc-dims=\"1\" loading=\"lazy\" decoding=\"async\" class=\"aligncenter size-full wp-image-63755\" src=\"https:\/\/i0.wp.com\/www.24baires.com\/wp-content\/uploads\/2015\/03\/moldes.jpg?resize=560%2C372\" alt=\"moldes\" width=\"560\" height=\"372\" srcset=\"https:\/\/i0.wp.com\/www.24baires.com\/wp-content\/uploads\/2015\/03\/moldes.jpg?w=560 560w, https:\/\/i0.wp.com\/www.24baires.com\/wp-content\/uploads\/2015\/03\/moldes.jpg?resize=300%2C199 300w\" sizes=\"auto, (max-width: 560px) 100vw, 560px\" \/>El fiscal general Germ\u00e1n Moldes apel\u00f3 el fallo de la C\u00e1mara Federal que desestim\u00f3 la denuncia del fiscal Alberto Nisman contra la presidenta Cristina Kirchner por presunto encubrimiento a Ir\u00e1n en el atentado a la AMIA. El caso ir\u00e1 a la C\u00e1mara de Casaci\u00f3n Penal.<!--more--><\/p>\n<p>La denuncia de Nisman ya fue desestimada primero por el juez Daniel Rafecas, y luego por la Sala I de la C\u00e1mara Federal. Moldes intenta ahora que Casaci\u00f3n Penal, el tribunal penal m\u00e1s alto del pa\u00eds, revierta esos fallos.<\/p>\n<p>Moldes plante\u00f3 la apelaci\u00f3n ante la propia C\u00e1mara Federal, que la debe aceptar para llegar a la Casaci\u00f3n. Es probable que el tribunal conceda el recurso, pero si lo rechaza, Moldes puede insistir con lo que se denomina un recurso de queja, para llegar de manera directa ante el tribunal.<\/p>\n<p>A\u00fan no se sabe qu\u00e9 sala de Casaci\u00f3n y por ende qu\u00e9 jueces decidir\u00e1n sobre la denuncia, porque se trata de una causa nueva que no hab\u00eda llegado antes al tribunal. La sala se elegir\u00e1 por sorteo.<\/p>\n<p>Lo que s\u00ed puede saberse es qu\u00e9 fiscal ante la Casaci\u00f3n intervendr\u00e1 en el caso, de acuerdo al calendario, porque ello s\u00ed est\u00e1 prefijado.<\/p>\n<p>El nombre del fiscal ante Casaci\u00f3n que deber\u00e1 intervenir es clave porque si impulsa y sostiene el recurso, Casaci\u00f3n abrir\u00e1 a estudio el caso, en cambio, si el fiscal decide desistir y no sostener el recurso, Casaci\u00f3n no abrir\u00e1 la instancia.<\/p>\n<p>En caso de que la causa llegue a la C\u00e1mara de Casaci\u00f3n en la primera quincena de abril, el fiscal que intervendr\u00e1 es Ricardo Weschler, quien suele sostener los recursos con dict\u00e1menes generalmente duros.<\/p>\n<p>Si por el contrario, la causa llega en la segunda quincena de abril, el fiscal ser\u00eda Javier de Luca, integrante de Justicia Leg\u00edtima y quien est\u00e1 en sinton\u00eda con el Gobierno.<\/p>\n<p>&nbsp;<\/p>\n<p>&nbsp;<\/p>\n<p>&nbsp;<\/p>\n<p>&nbsp;<\/p>\n<p>&nbsp;<\/p>\n<p>&nbsp;<\/p>\n<p>&nbsp;<\/p>\n<p>&nbsp;<\/p>\n<p>&nbsp;<\/p>\n<p>&nbsp;<\/p>\n<p>&nbsp;<\/p>\n","protected":false},"excerpt":{"rendered":"<p>El fiscal general Germ\u00e1n Moldes apel\u00f3 el fallo de la C\u00e1mara Federal que desestim\u00f3 la denuncia del fiscal Alberto Nisman contra la presidenta Cristina Kirchner por presunto encubrimiento a Ir\u00e1n en el atentado a la AMIA. El caso ir\u00e1 a la C\u00e1mara de Casaci\u00f3n Penal.<\/p>\n","protected":false},"author":8,"featured_media":0,"comment_status":"open","ping_status":"open","sticky":false,"template":"","format":"standard","meta":{"_jetpack_newsletter_access":"","_jetpack_dont_email_post_to_subs":false,"_jetpack_newsletter_tier_id":0,"_jetpack_memberships_contains_paywalled_content":false,"_jetpack_memberships_contains_paid_content":false,"footnotes":""},"categories":[51],"tags":[],"class_list":["post-63754","post","type-post","status-publish","format-standard","hentry","category-politica"],"jetpack_shortlink":"https:\/\/wp.me\/p2JWE0-gAi","jetpack-related-posts":[{"id":64328,"url":"http:\/\/www.24baires.com\/?p=64328","url_meta":{"origin":63754,"position":0},"title":"La denuncia de Nisman ser\u00e1 dictaminada por el Fiscal de Casaci\u00f3n De Luca","author":"Grupo Sierra","date":"15\/04\/2015","format":false,"excerpt":"La denuncia del fallecido fiscal Alberto Nisman contra funcionarios del Gobierno y otras personas por supuesto encubrimiento del atentado a la AMIA, ser\u00e1 analizada en su nueva instancia judicial por el fiscal de Casaci\u00f3n Javier De Luca, quien deber\u00e1 dictaminar si la impulsa o la desestima, como ya ocurri\u00f3 en\u2026","rel":"","context":"En \u00abJUDICIALES\u00bb","block_context":{"text":"JUDICIALES","link":"http:\/\/www.24baires.com\/?cat=68"},"img":{"alt_text":"Alberto-Nisman","src":"https:\/\/i0.wp.com\/www.24baires.com\/wp-content\/uploads\/2015\/01\/Alberto-Nisman.jpg?resize=350%2C200","width":350,"height":200,"srcset":"https:\/\/i0.wp.com\/www.24baires.com\/wp-content\/uploads\/2015\/01\/Alberto-Nisman.jpg?resize=350%2C200 1x, https:\/\/i0.wp.com\/www.24baires.com\/wp-content\/uploads\/2015\/01\/Alberto-Nisman.jpg?resize=525%2C300 1.5x"},"classes":[]},{"id":63024,"url":"http:\/\/www.24baires.com\/?p=63024","url_meta":{"origin":63754,"position":1},"title":"El martes tratar\u00e1n las recusaciones contra el fiscal Moldes","author":"Grupo Sierra","date":"11\/03\/2015","format":false,"excerpt":"La Sala I de la C\u00e1mara Federal fij\u00f3 para la pr\u00f3xima semana una audiencia para tratar las recusaciones contra el fiscal general Germ\u00e1n Moldes en la causa por la denuncia del fallecido Alberto Nisman contra la presidenta Cristina Kirchner, el canciller H\u00e9ctor Timerman y otros acusados por el presunto encubrimiento\u2026","rel":"","context":"En \u00abJUDICIALES\u00bb","block_context":{"text":"JUDICIALES","link":"http:\/\/www.24baires.com\/?cat=68"},"img":{"alt_text":"","src":"https:\/\/i0.wp.com\/www.24baires.com\/wp-content\/uploads\/2015\/03\/Moldes-fiscal-marcha_03-05-2015-nisman.jpg?resize=350%2C200","width":350,"height":200,"srcset":"https:\/\/i0.wp.com\/www.24baires.com\/wp-content\/uploads\/2015\/03\/Moldes-fiscal-marcha_03-05-2015-nisman.jpg?resize=350%2C200 1x, https:\/\/i0.wp.com\/www.24baires.com\/wp-content\/uploads\/2015\/03\/Moldes-fiscal-marcha_03-05-2015-nisman.jpg?resize=525%2C300 1.5x"},"classes":[]},{"id":117875,"url":"http:\/\/www.24baires.com\/?p=117875","url_meta":{"origin":63754,"position":2},"title":"Cristina consider\u00f3 \u00abdisparate judicial, institucional y pol\u00edtico\u00bb a la causa del memor\u00e1ndum","author":"AF","date":"16\/07\/2021","format":false,"excerpt":"La vicepresidenta expuso durante la audiencia p\u00fablica, que fue escuchada por m\u00e1s de 20 mil personas a trav\u00e9s de YouTube. \"Se hicieron maniobras persecutorias para perjudicarnos a m\u00ed y mi familia\", asegur\u00f3. El Tribunal Oral Federal 8 debe resolver si declara o no la nulidad del proceso. La vicepresidenta Cristina\u2026","rel":"","context":"En \u00abJUDICIALES\u00bb","block_context":{"text":"JUDICIALES","link":"http:\/\/www.24baires.com\/?cat=68"},"img":{"alt_text":"","src":"https:\/\/i0.wp.com\/www.24baires.com\/wp-content\/uploads\/2021\/07\/cfk.jpg?resize=350%2C200","width":350,"height":200,"srcset":"https:\/\/i0.wp.com\/www.24baires.com\/wp-content\/uploads\/2021\/07\/cfk.jpg?resize=350%2C200 1x, https:\/\/i0.wp.com\/www.24baires.com\/wp-content\/uploads\/2021\/07\/cfk.jpg?resize=525%2C300 1.5x"},"classes":[]},{"id":63594,"url":"http:\/\/www.24baires.com\/?p=63594","url_meta":{"origin":63754,"position":3},"title":"Desestiman la denuncia de Nisman contra Cristina","author":"GB","date":"26\/03\/2015","format":false,"excerpt":"La sala I de la C\u00e1mara Federal porte\u00f1a desestim\u00f3 la denuncia del fallecido fiscal contra la Presidenta, entre otros, por supuesto encubrimiento del atentado a la AMIA. La Sala I de la C\u00e1mara Federal porte\u00f1a desestim\u00f3 la denuncia del fallecido fiscal Alberto Nisman contra la presidenta Cristina Fern\u00e1ndez de Kirchner,\u2026","rel":"","context":"En \u00abPol\u00edtica\u00bb","block_context":{"text":"Pol\u00edtica","link":"http:\/\/www.24baires.com\/?cat=51"},"img":{"alt_text":"nisman-1","src":"https:\/\/i0.wp.com\/www.24baires.com\/wp-content\/uploads\/2015\/01\/nisman-1.jpg?resize=350%2C200","width":350,"height":200,"srcset":"https:\/\/i0.wp.com\/www.24baires.com\/wp-content\/uploads\/2015\/01\/nisman-1.jpg?resize=350%2C200 1x, https:\/\/i0.wp.com\/www.24baires.com\/wp-content\/uploads\/2015\/01\/nisman-1.jpg?resize=525%2C300 1.5x"},"classes":[]},{"id":111244,"url":"http:\/\/www.24baires.com\/?p=111244","url_meta":{"origin":63754,"position":4},"title":"Stornelli falt\u00f3 al sexto llamado a indagatoria de Ramos Padilla","author":"AF","date":"18\/07\/2019","format":false,"excerpt":"El fiscal federal Carlos Stornelli, involucrado en la red de espionaje ilegal destapada por el caso del falso esp\u00eda Marcelo D\u2019Alesio, falt\u00f3 hoy al sexto llamado a indagatoria del juez federal Alejo Ramos Padilla. El integrante del Ministerio P\u00fablico estaba convocado a las 10 de la ma\u00f1ana al juzgado federal\u2026","rel":"","context":"En \u00abJUDICIALES\u00bb","block_context":{"text":"JUDICIALES","link":"http:\/\/www.24baires.com\/?cat=68"},"img":{"alt_text":"","src":"https:\/\/i0.wp.com\/www.24baires.com\/wp-content\/uploads\/2019\/03\/stornelli-1.jpg?resize=350%2C200","width":350,"height":200,"srcset":"https:\/\/i0.wp.com\/www.24baires.com\/wp-content\/uploads\/2019\/03\/stornelli-1.jpg?resize=350%2C200 1x, https:\/\/i0.wp.com\/www.24baires.com\/wp-content\/uploads\/2019\/03\/stornelli-1.jpg?resize=525%2C300 1.5x"},"classes":[]},{"id":112972,"url":"http:\/\/www.24baires.com\/?p=112972","url_meta":{"origin":63754,"position":5},"title":"Etchecolatz cumplir\u00e1 su condena en la prisi\u00f3n","author":"AF","date":"12\/11\/2019","format":false,"excerpt":"La Corte Suprema de Justicia de la Naci\u00f3n defini\u00f3 que el genocida Miguel Osvaldo Etchecolatz cumplir\u00e1 su condena en la prisi\u00f3n y no en su casa como pretend\u00eda. En una acordada de hoy publicada en el sitio del Centro de Informaciones Judiciales se dio a conocer que desestim\u00f3 el recurso\u2026","rel":"","context":"En \u00abJUDICIALES\u00bb","block_context":{"text":"JUDICIALES","link":"http:\/\/www.24baires.com\/?cat=68"},"img":{"alt_text":"","src":"https:\/\/i0.wp.com\/www.24baires.com\/wp-content\/uploads\/2016\/08\/etchecolaz.jpg?resize=350%2C200","width":350,"height":200,"srcset":"https:\/\/i0.wp.com\/www.24baires.com\/wp-content\/uploads\/2016\/08\/etchecolaz.jpg?resize=350%2C200 1x, https:\/\/i0.wp.com\/www.24baires.com\/wp-content\/uploads\/2016\/08\/etchecolaz.jpg?resize=525%2C300 1.5x"},"classes":[]}],"jetpack_sharing_enabled":true,"jetpack_likes_enabled":true,"jetpack_featured_media_url":"","_links":{"self":[{"href":"http:\/\/www.24baires.com\/index.php?rest_route=\/wp\/v2\/posts\/63754","targetHints":{"allow":["GET"]}}],"collection":[{"href":"http:\/\/www.24baires.com\/index.php?rest_route=\/wp\/v2\/posts"}],"about":[{"href":"http:\/\/www.24baires.com\/index.php?rest_route=\/wp\/v2\/types\/post"}],"author":[{"embeddable":true,"href":"http:\/\/www.24baires.com\/index.php?rest_route=\/wp\/v2\/users\/8"}],"replies":[{"embeddable":true,"href":"http:\/\/www.24baires.com\/index.php?rest_route=%2Fwp%2Fv2%2Fcomments&post=63754"}],"version-history":[{"count":1,"href":"http:\/\/www.24baires.com\/index.php?rest_route=\/wp\/v2\/posts\/63754\/revisions"}],"predecessor-version":[{"id":63756,"href":"http:\/\/www.24baires.com\/index.php?rest_route=\/wp\/v2\/posts\/63754\/revisions\/63756"}],"wp:attachment":[{"href":"http:\/\/www.24baires.com\/index.php?rest_route=%2Fwp%2Fv2%2Fmedia&parent=63754"}],"wp:term":[{"taxonomy":"category","embeddable":true,"href":"http:\/\/www.24baires.com\/index.php?rest_route=%2Fwp%2Fv2%2Fcategories&post=63754"},{"taxonomy":"post_tag","embeddable":true,"href":"http:\/\/www.24baires.com\/index.php?rest_route=%2Fwp%2Fv2%2Ftags&post=63754"}],"curies":[{"name":"wp","href":"https:\/\/api.w.org\/{rel}","templated":true}]}}