{"id":63747,"date":"2015-03-31T12:30:28","date_gmt":"2015-03-31T15:30:28","guid":{"rendered":"http:\/\/www.24baires.com\/?p=63747"},"modified":"2015-03-31T12:44:02","modified_gmt":"2015-03-31T15:44:02","slug":"massa-aprovecho-el-paro-y-prometio-eliminar-ganancias","status":"publish","type":"post","link":"http:\/\/www.24baires.com\/?p=63747","title":{"rendered":"Massa aprovech\u00f3 el paro y prometi\u00f3 eliminar ganancias"},"content":{"rendered":"<p><img data-recalc-dims=\"1\" loading=\"lazy\" decoding=\"async\" class=\"aligncenter size-full wp-image-63748\" src=\"https:\/\/i0.wp.com\/www.24baires.com\/wp-content\/uploads\/2015\/03\/massa-1.jpg?resize=560%2C313\" alt=\"massa 1\" width=\"560\" height=\"313\" srcset=\"https:\/\/i0.wp.com\/www.24baires.com\/wp-content\/uploads\/2015\/03\/massa-1.jpg?w=560 560w, https:\/\/i0.wp.com\/www.24baires.com\/wp-content\/uploads\/2015\/03\/massa-1.jpg?resize=300%2C168 300w\" sizes=\"auto, (max-width: 560px) 100vw, 560px\" \/>El diputado del Frente Renovador y precandidato presidencial dijo que, en el caso de ganar las eleciones, eliminar\u00eda el impuesto y levantar\u00eda el cepo cambiario en 100 d\u00edas.<!--more--><\/p>\n<p>El diputado del Frente Renovador y precandidato presidencial, Sergio Massa, prometi\u00f3 eliminar el impuesto a las Ganancias a los trabajadores y eliminar el cepo cambiario para la compra de d\u00f3lares en los primeros 100 d\u00edas de gobierno, en el caso de ganar las elecciones.<\/p>\n<p>En un comunicado de prensa, Massa asegur\u00f3 que \u00ablos trabajadores no quieren hacer adicionales porque lo pierden en Ganancias y ni siquiera el alquiler se puede desgravar de este impuesto. A partir del 1\u00ba de enero vamos a tener el gravamen de Ganancias s\u00f3lo para la categor\u00eda de directivo y gerente\u201d.<\/p>\n<p>\u201cPorque tenemos economistas que tuvieron la capacidad de desarticular el corralito y el corral\u00f3n y que conocen los n\u00fameros del Estado y est\u00e1n preparados en combate. Primero vamos a liberar de Ganancias a los trabajadores y en 100 d\u00edas vamos a levantar el cepo\u201d.<\/p>\n<p>Despu\u00e9s se pregunt\u00f3 \u201c\u00bfPor qu\u00e9 no se grava la timba financiera, el juego o la compra venta de acciones?\u00bb.<\/p>\n<p>&nbsp;<\/p>\n<p>&nbsp;<\/p>\n<p>&nbsp;<\/p>\n<p>&nbsp;<\/p>\n<p>&nbsp;<\/p>\n<p>&nbsp;<\/p>\n<p>&nbsp;<\/p>\n<p>&nbsp;<\/p>\n<p>&nbsp;<\/p>\n<p>&nbsp;<\/p>\n<p>&nbsp;<\/p>\n<p>&nbsp;<\/p>\n<p>&nbsp;<\/p>\n","protected":false},"excerpt":{"rendered":"<p>El diputado del Frente Renovador y precandidato presidencial dijo que, en el caso de ganar las eleciones, eliminar\u00eda el impuesto y levantar\u00eda el cepo cambiario en 100 d\u00edas.<\/p>\n","protected":false},"author":8,"featured_media":0,"comment_status":"open","ping_status":"open","sticky":false,"template":"","format":"standard","meta":{"_jetpack_newsletter_access":"","_jetpack_dont_email_post_to_subs":false,"_jetpack_newsletter_tier_id":0,"_jetpack_memberships_contains_paywalled_content":false,"_jetpack_memberships_contains_paid_content":false,"footnotes":""},"categories":[51],"tags":[],"class_list":["post-63747","post","type-post","status-publish","format-standard","hentry","category-politica"],"jetpack_shortlink":"https:\/\/wp.me\/p2JWE0-gAb","jetpack-related-posts":[{"id":120687,"url":"http:\/\/www.24baires.com\/?p=120687","url_meta":{"origin":63747,"position":0},"title":"El presidente electo asegur\u00f3 eliminaci\u00f3n de Ganancias y la reducci\u00f3n del IVA","author":"GB","date":"23\/11\/2023","format":false,"excerpt":"El presidente electo, Javier Milei, afirm\u00f3 que mantendr\u00e1 durante su gobierno la eliminaci\u00f3n del Impuesto a las Ganancias para la cuarta categor\u00eda y la reducci\u00f3n del IVA. Adem\u00e1s habl\u00f3 de su futuro Ministro de Econom\u00eda. Tras los recientes anuncios de Javier Milei, presidente electo, sobre las privatizaciones de empresas del\u2026","rel":"","context":"En \u00abConsumidores\u00bb","block_context":{"text":"Consumidores","link":"http:\/\/www.24baires.com\/?cat=78"},"img":{"alt_text":"","src":"https:\/\/i0.wp.com\/www.24baires.com\/wp-content\/uploads\/2023\/11\/milei.jpg?resize=350%2C200","width":350,"height":200,"srcset":"https:\/\/i0.wp.com\/www.24baires.com\/wp-content\/uploads\/2023\/11\/milei.jpg?resize=350%2C200 1x, https:\/\/i0.wp.com\/www.24baires.com\/wp-content\/uploads\/2023\/11\/milei.jpg?resize=525%2C300 1.5x, https:\/\/i0.wp.com\/www.24baires.com\/wp-content\/uploads\/2023\/11\/milei.jpg?resize=700%2C400 2x"},"classes":[]},{"id":120442,"url":"http:\/\/www.24baires.com\/?p=120442","url_meta":{"origin":63747,"position":1},"title":"Massa prometi\u00f3 la eliminaci\u00f3n del impuesto a las ganancias","author":"GB","date":"07\/09\/2023","format":false,"excerpt":"El ministro de Econom\u00eda, Sergio Massa, dijo que sacar\u00eda el impuesto a las Ganancias cuando sea presidente, aunque desliz\u00f3 que podr\u00eda ser antes. El ministro de Econom\u00eda y candidato presidencial de Uni\u00f3n por la Patria, Sergio Massa, anticip\u00f3 anoche que si llegara a ser presidente, eliminar\u00e1 el Impuesto a las\u2026","rel":"","context":"En \u00abEconom\u00eda\u00bb","block_context":{"text":"Econom\u00eda","link":"http:\/\/www.24baires.com\/?cat=45"},"img":{"alt_text":"","src":"https:\/\/i0.wp.com\/www.24baires.com\/wp-content\/uploads\/2023\/09\/massa.webp?resize=350%2C200","width":350,"height":200,"srcset":"https:\/\/i0.wp.com\/www.24baires.com\/wp-content\/uploads\/2023\/09\/massa.webp?resize=350%2C200 1x, https:\/\/i0.wp.com\/www.24baires.com\/wp-content\/uploads\/2023\/09\/massa.webp?resize=525%2C300 1.5x, https:\/\/i0.wp.com\/www.24baires.com\/wp-content\/uploads\/2023\/09\/massa.webp?resize=700%2C400 2x"},"classes":[]},{"id":120895,"url":"http:\/\/www.24baires.com\/?p=120895","url_meta":{"origin":63747,"position":2},"title":"Massa critic\u00f3 la vuelta del Impuesto a las Ganancias: \u00abRarezas de la libertad\u00bb","author":"AF","date":"23\/01\/2024","format":false,"excerpt":"Sergio Massa, exministro de Econom\u00eda y excandidato presidencial de Uni\u00f3n por la Patria, critic\u00f3 este martes la pol\u00edtica impositiva del Gobierno de Javier Milei, que beneficia a los evasores y perjudica a los trabajadores, luego de que se conociera que el Ejecutivo mandar\u00e1 al Congreso un proyecto de ley para\u2026","rel":"","context":"En \u00abPol\u00edtica\u00bb","block_context":{"text":"Pol\u00edtica","link":"http:\/\/www.24baires.com\/?cat=51"},"img":{"alt_text":"","src":"https:\/\/i0.wp.com\/www.24baires.com\/wp-content\/uploads\/2023\/07\/massa.jpg?resize=350%2C200","width":350,"height":200,"srcset":"https:\/\/i0.wp.com\/www.24baires.com\/wp-content\/uploads\/2023\/07\/massa.jpg?resize=350%2C200 1x, https:\/\/i0.wp.com\/www.24baires.com\/wp-content\/uploads\/2023\/07\/massa.jpg?resize=525%2C300 1.5x, https:\/\/i0.wp.com\/www.24baires.com\/wp-content\/uploads\/2023\/07\/massa.jpg?resize=700%2C400 2x"},"classes":[]},{"id":120296,"url":"http:\/\/www.24baires.com\/?p=120296","url_meta":{"origin":63747,"position":3},"title":"Massa: \u00abNuestro primer desaf\u00edo es mejorar el salario de los trabajadores\u00bb","author":"AF","date":"19\/07\/2023","format":false,"excerpt":"El precandidato a presidente y ministro de Econom\u00eda agradeci\u00f3 la invitaci\u00f3n de la CGT por su \"respaldo y acompa\u00f1amiento\" para las elecciones. Rossi, por su parte, afirm\u00f3 que la central obrera representa al sector que tienen que \"defender por excelencia\". El ministro de Econom\u00eda y precandidato presidencial por Uni\u00f3n por\u2026","rel":"","context":"En \u00abPol\u00edtica\u00bb","block_context":{"text":"Pol\u00edtica","link":"http:\/\/www.24baires.com\/?cat=51"},"img":{"alt_text":"","src":"https:\/\/i0.wp.com\/www.24baires.com\/wp-content\/uploads\/2023\/07\/WhatsApp-Image-2023-07-19-at-22.32.04.jpeg?resize=350%2C200","width":350,"height":200,"srcset":"https:\/\/i0.wp.com\/www.24baires.com\/wp-content\/uploads\/2023\/07\/WhatsApp-Image-2023-07-19-at-22.32.04.jpeg?resize=350%2C200 1x, https:\/\/i0.wp.com\/www.24baires.com\/wp-content\/uploads\/2023\/07\/WhatsApp-Image-2023-07-19-at-22.32.04.jpeg?resize=525%2C300 1.5x"},"classes":[]},{"id":120484,"url":"http:\/\/www.24baires.com\/?p=120484","url_meta":{"origin":63747,"position":4},"title":"Ganancias: el oficialismo consigui\u00f3 dictamen de mayor\u00eda","author":"AF","date":"18\/09\/2023","format":false,"excerpt":"El proyecto del Gobierno impulsado por Sergio Massa logr\u00f3 el apoyo de sectores de la oposici\u00f3n. El oficialismo lo tratar\u00e1 este martes en el recinto. Con el apoyo de sectores de la oposici\u00f3n, el oficialismo logr\u00f3 emitir un dictamen de mayor\u00eda en la Comisi\u00f3n de Presupuesto sobre el proyecto de\u2026","rel":"","context":"En \u00abEconom\u00eda\u00bb","block_context":{"text":"Econom\u00eda","link":"http:\/\/www.24baires.com\/?cat=45"},"img":{"alt_text":"","src":"https:\/\/i0.wp.com\/www.24baires.com\/wp-content\/uploads\/2023\/09\/WhatsApp-Image-2023-09-18-at-22.39.55.jpeg?resize=350%2C200","width":350,"height":200,"srcset":"https:\/\/i0.wp.com\/www.24baires.com\/wp-content\/uploads\/2023\/09\/WhatsApp-Image-2023-09-18-at-22.39.55.jpeg?resize=350%2C200 1x, https:\/\/i0.wp.com\/www.24baires.com\/wp-content\/uploads\/2023\/09\/WhatsApp-Image-2023-09-18-at-22.39.55.jpeg?resize=525%2C300 1.5x"},"classes":[]},{"id":58003,"url":"http:\/\/www.24baires.com\/?p=58003","url_meta":{"origin":63747,"position":5},"title":"Randazzo calific\u00f3 a Massa de ser un \u00abvendedor de ilusiones baratas\u00bb","author":"GB","date":"02\/12\/2014","format":false,"excerpt":"El ministro del Interior y Transporte acus\u00f3 hoy al precandidato del Frente Renovador, Sergio Massa, de \"poco serio\" por prometer que en caso de ser elegido presidente, eliminar\u00e1 el impuesto a las ganancias. Randazzo afirm\u00f3, en Casa de Gobierno, que el mencionado impuesto \"abarca a un mill\u00f3n de trabajadores, sobre\u2026","rel":"","context":"En \u00abPol\u00edtica\u00bb","block_context":{"text":"Pol\u00edtica","link":"http:\/\/www.24baires.com\/?cat=51"},"img":{"alt_text":"randazzo-tres","src":"https:\/\/i0.wp.com\/www.24baires.com\/wp-content\/uploads\/2014\/10\/randazzo-tres.jpg?resize=350%2C200","width":350,"height":200,"srcset":"https:\/\/i0.wp.com\/www.24baires.com\/wp-content\/uploads\/2014\/10\/randazzo-tres.jpg?resize=350%2C200 1x, https:\/\/i0.wp.com\/www.24baires.com\/wp-content\/uploads\/2014\/10\/randazzo-tres.jpg?resize=525%2C300 1.5x"},"classes":[]}],"jetpack_sharing_enabled":true,"jetpack_likes_enabled":true,"jetpack_featured_media_url":"","_links":{"self":[{"href":"http:\/\/www.24baires.com\/index.php?rest_route=\/wp\/v2\/posts\/63747","targetHints":{"allow":["GET"]}}],"collection":[{"href":"http:\/\/www.24baires.com\/index.php?rest_route=\/wp\/v2\/posts"}],"about":[{"href":"http:\/\/www.24baires.com\/index.php?rest_route=\/wp\/v2\/types\/post"}],"author":[{"embeddable":true,"href":"http:\/\/www.24baires.com\/index.php?rest_route=\/wp\/v2\/users\/8"}],"replies":[{"embeddable":true,"href":"http:\/\/www.24baires.com\/index.php?rest_route=%2Fwp%2Fv2%2Fcomments&post=63747"}],"version-history":[{"count":1,"href":"http:\/\/www.24baires.com\/index.php?rest_route=\/wp\/v2\/posts\/63747\/revisions"}],"predecessor-version":[{"id":63749,"href":"http:\/\/www.24baires.com\/index.php?rest_route=\/wp\/v2\/posts\/63747\/revisions\/63749"}],"wp:attachment":[{"href":"http:\/\/www.24baires.com\/index.php?rest_route=%2Fwp%2Fv2%2Fmedia&parent=63747"}],"wp:term":[{"taxonomy":"category","embeddable":true,"href":"http:\/\/www.24baires.com\/index.php?rest_route=%2Fwp%2Fv2%2Fcategories&post=63747"},{"taxonomy":"post_tag","embeddable":true,"href":"http:\/\/www.24baires.com\/index.php?rest_route=%2Fwp%2Fv2%2Ftags&post=63747"}],"curies":[{"name":"wp","href":"https:\/\/api.w.org\/{rel}","templated":true}]}}