{"id":63739,"date":"2015-03-31T11:11:43","date_gmt":"2015-03-31T14:11:43","guid":{"rendered":"http:\/\/www.24baires.com\/?p=63739"},"modified":"2015-04-01T09:52:26","modified_gmt":"2015-04-01T12:52:26","slug":"maximo-kirchner-desmintio-a-clarin-nunca-tuve-cuentas-en-el-exterior","status":"publish","type":"post","link":"http:\/\/www.24baires.com\/?p=63739","title":{"rendered":"M\u00e1ximo Kirchner desminti\u00f3 a Clar\u00edn: \u00abNunca tuve cuentas en el exterior\u00bb"},"content":{"rendered":"<p><img data-recalc-dims=\"1\" loading=\"lazy\" decoding=\"async\" class=\"aligncenter size-full wp-image-63740\" src=\"https:\/\/i0.wp.com\/www.24baires.com\/wp-content\/uploads\/2015\/03\/maximo-k.jpg?resize=560%2C313\" alt=\"maximo k\" width=\"560\" height=\"313\" srcset=\"https:\/\/i0.wp.com\/www.24baires.com\/wp-content\/uploads\/2015\/03\/maximo-k.jpg?w=560 560w, https:\/\/i0.wp.com\/www.24baires.com\/wp-content\/uploads\/2015\/03\/maximo-k.jpg?resize=300%2C168 300w\" sizes=\"auto, (max-width: 560px) 100vw, 560px\" \/>M\u00e1ximo Kirchner desminti\u00f3 la informaci\u00f3n publicada por la revista brasile\u00f1a Veja y del diario Clar\u00edn . \u00abLo que se busca es da\u00f1ar, no entienden que se les haya dicho basta\u00bb, dijo.<!--more--><\/p>\n<p>M\u00e1ximo Kirchner asegur\u00f3 hoy que \u00abnunca\u00bb tuvo ni tiene \u00abuna cuenta en el exterior\u00bb, al desmentir la informaci\u00f3n de la revista brasile\u00f1a Veja y del diario Clar\u00edn sobre la supuesta existencia de cuentas bancarias secretas en distintos pa\u00edses a su nombre.<\/p>\n<p>As\u00ed lo se\u00f1al\u00f3 el hijo de la presidenta Cristina Fern\u00e1ndez de Kirchner y referente de La C\u00e1mpora en una entrevista con V\u00edctor Hugo Morales por radio Continental, que a minutos de comenzar fue tomada en simult\u00e1neo por distintas emisoras radiales y de cable.<\/p>\n<p>En ese marco, el principal referente de la agrupaci\u00f3n La C\u00e1mpora sostuvo que \u00abes una canallada cuando no se trabaja en serio y no se chequea un dato que no es menor, sino un tema muy delicado como la energ\u00eda nuclear y los atentados\u00bb a la Amia y a la embajada de Israel.<\/p>\n<p>\u00abEsto se da para mantener la denuncia del fiscal (Alberto) Nisman por encubrimiento contra la Presidente. Pasamos del petr\u00f3leo y los granos a la energ\u00eda nuclear\u00bb, asever\u00f3.<\/p>\n<p>\u00abEs un a\u00f1o electoral y van a decir cosas peores, no se puede subestimar la imaginaci\u00f3n de esta gente\u00bb, sostuvo el hijo del ex presidente Kirchner.<\/p>\n<p>De esta forma, M\u00e1ximo Kirchner, abund\u00f3 en el comunicado que difundi\u00f3 ayer en el que catalog\u00f3 el embate de esos medios como \u00abm\u00e1s de lo mismo\u00bb, y dej\u00f3 en claro que \u00abpodr\u00e1n mentir, difamar y calumniar\u00bb, pero \u00abno le van alcanzar los diarios, ni los canales, ni la colecci\u00f3n de periodistas que poseen para apropiarse de la palabra y menos de las ideas\u00bb.<\/p>\n<p>Seg\u00fan esos medios, M\u00e1ximo Kirchner fue co-titular de cuentas en los Estados Unidos e Ir\u00e1n entre 2005 y 2011 junto a la ex ministra de Seguridad y actual embajadora ante la Organizaci\u00f3n de Estados Americanos, Nilda Garr\u00e9.<\/p>\n<p>En ese sentido, M\u00e1ximo Kirchner se\u00f1al\u00f3 que el diario Clar\u00edn \u00abhace referencia a mi pasaporte. La direcci\u00f3n de todos mis pasaportes, de sus renovaciones, es en R\u00edo Gallegos. Nunca la calle Juncal, que no s\u00e9 de qui\u00e9n es ni d\u00f3nde es\u00bb.<\/p>\n<p>En otro tramo de la entrevista y ante una consulta, M\u00e1ximo Kirchner dijo que impulsar\u00e1 acciones legales contra la revista brasile\u00f1a, pero no contra los medios argentinos porque \u00abprefiero no hacerlo en mi pa\u00eds porque creo que cualquiera puede decir lo que quiera\u00bb.<\/p>\n<p>Por otra parte, respecto de su actividad pol\u00edtica, M\u00e1ximo Kirchner no descart\u00f3 la posibilidad de hablar en otro acto pol\u00edtico como el que lo tuvo de orador el a\u00f1o pasado en el club Argentinos Juniors.<\/p>\n<p>\u00abEn un a\u00f1o electoral hay cosas para decir y proponer y para cuidar porque la Argentina ha avanzado mucho y no se puede tirar todo por la borda cuando uno escucha hablar a candidatos\u00bb, sostuvo.<\/p>\n<p>Agreg\u00f3 que \u00abes mucho mas f\u00e1cil destruir que construir y hay que tener la templanza para soportar estas cosas y avanzar en la construcci\u00f3n de un pa\u00eds\u00bb.<\/p>\n<p>M\u00e1ximo Kirchner dedic\u00f3 unos tramos para referirse al candidato presidencia del PRO, Mauricio Macri, y sostuvo que al jefe de gobierno porte\u00f1o \u00abno le importa la transparencia sino la transferencia de los recursos estatales a las grandes empresas\u00bb.<\/p>\n<p>Y se pregunt\u00f3: \u00ab\u00bfque pasar\u00eda con Macri si Clar\u00edn le dedicara tanto tiempo como a nosotros?. Que se tomen cuatro meses seguidos y nos cuenten qui\u00e9n es Macri\u00bb.<\/p>\n","protected":false},"excerpt":{"rendered":"<p>M\u00e1ximo Kirchner desminti\u00f3 la informaci\u00f3n publicada por la revista brasile\u00f1a Veja y del diario Clar\u00edn . \u00abLo que se busca es da\u00f1ar, no entienden que se les haya dicho basta\u00bb, dijo.<\/p>\n","protected":false},"author":8,"featured_media":0,"comment_status":"open","ping_status":"open","sticky":false,"template":"","format":"standard","meta":{"_jetpack_newsletter_access":"","_jetpack_dont_email_post_to_subs":false,"_jetpack_newsletter_tier_id":0,"_jetpack_memberships_contains_paywalled_content":false,"_jetpack_memberships_contains_paid_content":false,"footnotes":""},"categories":[51],"tags":[],"class_list":["post-63739","post","type-post","status-publish","format-standard","hentry","category-politica"],"jetpack_shortlink":"https:\/\/wp.me\/p2JWE0-gA3","jetpack-related-posts":[{"id":66062,"url":"http:\/\/www.24baires.com\/?p=66062","url_meta":{"origin":63739,"position":0},"title":"Niegan que exista empresa de supuesta cuenta de M\u00e1ximo y Garr\u00e9","author":"GB","date":"17\/05\/2015","format":false,"excerpt":"Documentos oficiales de Belice y el CNB Bank negaron la existencia de la empresa donde se denunci\u00f3 que se ocultar\u00eda una cuenta bancaria de M\u00e1ximo Kirchner y de la embajadora argentina ante la Organizaci\u00f3n de los Estados Americanos (OEA), Nilda Garr\u00e9. El ente oficial de registro de empresas de Belice\u2026","rel":"","context":"En \u00abPol\u00edtica\u00bb","block_context":{"text":"Pol\u00edtica","link":"http:\/\/www.24baires.com\/?cat=51"},"img":{"alt_text":"maximo-kirchner","src":"https:\/\/i0.wp.com\/www.24baires.com\/wp-content\/uploads\/2014\/03\/maximo-kirchner.jpg?resize=350%2C200","width":350,"height":200,"srcset":"https:\/\/i0.wp.com\/www.24baires.com\/wp-content\/uploads\/2014\/03\/maximo-kirchner.jpg?resize=350%2C200 1x, https:\/\/i0.wp.com\/www.24baires.com\/wp-content\/uploads\/2014\/03\/maximo-kirchner.jpg?resize=525%2C300 1.5x"},"classes":[]},{"id":64119,"url":"http:\/\/www.24baires.com\/?p=64119","url_meta":{"origin":63739,"position":1},"title":"El banco CNB neg\u00f3 haber tenido cuentas de M\u00e1ximo Kirchner","author":"GB","date":"11\/04\/2015","format":false,"excerpt":"La entidad que absorbi\u00f3 al Felton Bank de Delaware certific\u00f3 que ni la embajadora argentina ante la OEA ni el hijo de la Presidenta tuvieron cuentas en ninguna de sus sedes, como hab\u00edan asegurado la revista brasile\u00f1a Veja y el diario argentino Clar\u00edn. El banco CNB, que absorbi\u00f3 al Felton\u2026","rel":"","context":"En \u00abEconom\u00eda\u00bb","block_context":{"text":"Econom\u00eda","link":"http:\/\/www.24baires.com\/?cat=45"},"img":{"alt_text":"maximo-kirchner","src":"https:\/\/i0.wp.com\/www.24baires.com\/wp-content\/uploads\/2014\/03\/maximo-kirchner.jpg?resize=350%2C200","width":350,"height":200,"srcset":"https:\/\/i0.wp.com\/www.24baires.com\/wp-content\/uploads\/2014\/03\/maximo-kirchner.jpg?resize=350%2C200 1x, https:\/\/i0.wp.com\/www.24baires.com\/wp-content\/uploads\/2014\/03\/maximo-kirchner.jpg?resize=525%2C300 1.5x"},"classes":[]},{"id":66117,"url":"http:\/\/www.24baires.com\/?p=66117","url_meta":{"origin":63739,"position":2},"title":"Garr\u00e9 inicia acciones legales contra Clar\u00edn y una revista brasile\u00f1a","author":"AF","date":"18\/05\/2015","format":false,"excerpt":"La embajadora argentina ante la OEA, Nilda Garr\u00e9, asegur\u00f3 hoy que iniciar\u00e1 acciones legales contra el diario Clar\u00edn y la revista brasile\u00f1a Veja, luego de que la denuncia sobre la supuesta titularidad de la diplom\u00e1tica de una cuenta oculta en Belice fuera desmentida por documentos oficiales de ese pa\u00eds y\u2026","rel":"","context":"En \u00abJUDICIALES\u00bb","block_context":{"text":"JUDICIALES","link":"http:\/\/www.24baires.com\/?cat=68"},"img":{"alt_text":"","src":"https:\/\/i0.wp.com\/www.24baires.com\/wp-content\/uploads\/2015\/05\/nilda-garr%C3%A92.jpg?resize=350%2C200","width":350,"height":200,"srcset":"https:\/\/i0.wp.com\/www.24baires.com\/wp-content\/uploads\/2015\/05\/nilda-garr%C3%A92.jpg?resize=350%2C200 1x, https:\/\/i0.wp.com\/www.24baires.com\/wp-content\/uploads\/2015\/05\/nilda-garr%C3%A92.jpg?resize=525%2C300 1.5x"},"classes":[]},{"id":106352,"url":"http:\/\/www.24baires.com\/?p=106352","url_meta":{"origin":63739,"position":3},"title":"Gray pidi\u00f3 que el senador bonaerense acusado de abuso sexual renuncie a su banca","author":"GB","date":"15\/01\/2019","format":false,"excerpt":"El presidente del PJ bonaerense e intendente de Esteban Echeverr\u00eda, Fernando Gray, asegur\u00f3 hoy que el senador provincia de La C\u00e1mpora acusado por abusar de una joven militante \"deber\u00eda renunciar\" al cargo, y adelant\u00f3 que en caso de que ello no ocurra pedir\u00e1 que el partido analice su conducta. Gray\u2026","rel":"","context":"En \u00abMunicipios\u00bb","block_context":{"text":"Municipios","link":"http:\/\/www.24baires.com\/?cat=44"},"img":{"alt_text":"","src":"https:\/\/i0.wp.com\/www.24baires.com\/wp-content\/uploads\/2018\/12\/gray-pj-bonaerense.jpg?resize=350%2C200","width":350,"height":200,"srcset":"https:\/\/i0.wp.com\/www.24baires.com\/wp-content\/uploads\/2018\/12\/gray-pj-bonaerense.jpg?resize=350%2C200 1x, https:\/\/i0.wp.com\/www.24baires.com\/wp-content\/uploads\/2018\/12\/gray-pj-bonaerense.jpg?resize=525%2C300 1.5x"},"classes":[]},{"id":63813,"url":"http:\/\/www.24baires.com\/?p=63813","url_meta":{"origin":63739,"position":4},"title":"\u00abSi hay alguien oscuro en este pa\u00eds, \u00e9se es Mauricio Macri\u00bb, dijo Larroque","author":"GB","date":"01\/04\/2015","format":false,"excerpt":"El referente de La C\u00e1mpora respondi\u00f3 as\u00ed a las declaraciones del l\u00edder del PRO, quien asegur\u00f3 que \"es bueno que M\u00e1ximo Kirchner haya salido de la oscuridad\", luego de que concediera una extensa entrevista radial. El diputado nacional Andr\u00e9s Larroque (FPV) sostuvo este mi\u00e9rcoles que \"si hay alguien oscuro en\u2026","rel":"","context":"En \u00abPol\u00edtica\u00bb","block_context":{"text":"Pol\u00edtica","link":"http:\/\/www.24baires.com\/?cat=51"},"img":{"alt_text":"larroque cuervo","src":"https:\/\/i0.wp.com\/www.24baires.com\/wp-content\/uploads\/2013\/09\/larroque-cuervo.jpg?resize=350%2C200","width":350,"height":200,"srcset":"https:\/\/i0.wp.com\/www.24baires.com\/wp-content\/uploads\/2013\/09\/larroque-cuervo.jpg?resize=350%2C200 1x, https:\/\/i0.wp.com\/www.24baires.com\/wp-content\/uploads\/2013\/09\/larroque-cuervo.jpg?resize=525%2C300 1.5x"},"classes":[]},{"id":59018,"url":"http:\/\/www.24baires.com\/?p=59018","url_meta":{"origin":63739,"position":5},"title":"Clar\u00edn le cay\u00f3 a Larroque y Cristina lo defendi\u00f3","author":"Grupo Sierra","date":"22\/12\/2014","format":false,"excerpt":"La presidenta Cristina Fern\u00e1ndez de Kirchner calific\u00f3 esta tarde de \"imperdible\" al art\u00edculo del diputado nacional Andr\u00e9s Larroque publicado hoy en el portal de la agencia de noticias T\u00e9lam, en el que el legislador rechaza la portada de ayer del diario Clar\u00edn que se refiere a la mandataria y a\u2026","rel":"","context":"En \u00abPol\u00edtica\u00bb","block_context":{"text":"Pol\u00edtica","link":"http:\/\/www.24baires.com\/?cat=51"},"img":{"alt_text":"","src":"https:\/\/i0.wp.com\/www.24baires.com\/wp-content\/uploads\/2014\/12\/cristina-larroque-tw.jpg?resize=350%2C200","width":350,"height":200,"srcset":"https:\/\/i0.wp.com\/www.24baires.com\/wp-content\/uploads\/2014\/12\/cristina-larroque-tw.jpg?resize=350%2C200 1x, https:\/\/i0.wp.com\/www.24baires.com\/wp-content\/uploads\/2014\/12\/cristina-larroque-tw.jpg?resize=525%2C300 1.5x"},"classes":[]}],"jetpack_sharing_enabled":true,"jetpack_likes_enabled":true,"jetpack_featured_media_url":"","_links":{"self":[{"href":"http:\/\/www.24baires.com\/index.php?rest_route=\/wp\/v2\/posts\/63739","targetHints":{"allow":["GET"]}}],"collection":[{"href":"http:\/\/www.24baires.com\/index.php?rest_route=\/wp\/v2\/posts"}],"about":[{"href":"http:\/\/www.24baires.com\/index.php?rest_route=\/wp\/v2\/types\/post"}],"author":[{"embeddable":true,"href":"http:\/\/www.24baires.com\/index.php?rest_route=\/wp\/v2\/users\/8"}],"replies":[{"embeddable":true,"href":"http:\/\/www.24baires.com\/index.php?rest_route=%2Fwp%2Fv2%2Fcomments&post=63739"}],"version-history":[{"count":1,"href":"http:\/\/www.24baires.com\/index.php?rest_route=\/wp\/v2\/posts\/63739\/revisions"}],"predecessor-version":[{"id":63741,"href":"http:\/\/www.24baires.com\/index.php?rest_route=\/wp\/v2\/posts\/63739\/revisions\/63741"}],"wp:attachment":[{"href":"http:\/\/www.24baires.com\/index.php?rest_route=%2Fwp%2Fv2%2Fmedia&parent=63739"}],"wp:term":[{"taxonomy":"category","embeddable":true,"href":"http:\/\/www.24baires.com\/index.php?rest_route=%2Fwp%2Fv2%2Fcategories&post=63739"},{"taxonomy":"post_tag","embeddable":true,"href":"http:\/\/www.24baires.com\/index.php?rest_route=%2Fwp%2Fv2%2Ftags&post=63739"}],"curies":[{"name":"wp","href":"https:\/\/api.w.org\/{rel}","templated":true}]}}