{"id":63737,"date":"2015-03-31T10:30:40","date_gmt":"2015-03-31T13:30:40","guid":{"rendered":"http:\/\/www.24baires.com\/?p=63737"},"modified":"2015-03-31T11:35:13","modified_gmt":"2015-03-31T14:35:13","slug":"pedraza-pidio-a-la-justicia-la-prision-domiciliaria-porque-esta-en-riesgo-su-vida","status":"publish","type":"post","link":"http:\/\/www.24baires.com\/?p=63737","title":{"rendered":"Pedraza pidi\u00f3 a la Justicia la prisi\u00f3n domiciliaria porque \u00abest\u00e1 en riesgo\u00bb su vida"},"content":{"rendered":"<p><img data-recalc-dims=\"1\" loading=\"lazy\" decoding=\"async\" class=\"alignleft wp-image-38962 size-full\" src=\"https:\/\/i0.wp.com\/www.24baires.com\/wp-content\/uploads\/2014\/01\/Pedraza.jpg?resize=320%2C200\" alt=\"Pedraza\" width=\"320\" height=\"200\" srcset=\"https:\/\/i0.wp.com\/www.24baires.com\/wp-content\/uploads\/2014\/01\/Pedraza.jpg?w=320 320w, https:\/\/i0.wp.com\/www.24baires.com\/wp-content\/uploads\/2014\/01\/Pedraza.jpg?resize=300%2C187 300w\" sizes=\"auto, (max-width: 320px) 100vw, 320px\" \/>El ex dirigente ferroviario y condenado por el crimen de Mariano Ferreyra pidi\u00f3 que se le conceda la posibilidad de cumplir el resto de su condena en su domicilio por problemas de salud.<!--more--><\/p>\n<p>El pedido fue presentado a la Corte por el abogado de Pedraza, Carlos Froment, quien argument\u00f3 que el estado de salud de su defendido \u00abrequiere de una atenci\u00f3n m\u00e9dica con la que no cuenta el establecimiento carcelario y su instituci\u00f3n hospitalaria\u00bb. Pedraza se encuentra alojado en Ezeiza.<\/p>\n<p>\u00abQue mi defendido contin\u00fae detenido en el penal de Ezeiza pone en riesgo su salud y su vida\u00bb, dice la presentaci\u00f3n de Pedraza ante el m\u00e1ximo tribunal.<\/p>\n<p>Pedraza se encuentra detenido desde febrero de 2011 por el homicidio de Ferreyra. En tanto el letrado pidi\u00f3 a la Corte que se revoque el fallo de la Sala Tercera de la C\u00e1mara Federal de Casaci\u00f3n, que el 18 de marzo rechaz\u00f3 el pedido de prisi\u00f3n domiciliaria.<\/p>\n<p>Froment advirti\u00f3 que \u00abno se exige un riesgo de muerte inminente de la persona sino que se prev\u00e9 el arresto domiciliario para personas enfermas cuya dolencia no pueda ser tratada adecuadamente en prisi\u00f3n\u00bb.<\/p>\n<p>\u00abNo se busca beneficiar al interno por el solo hecho de encontrarse enfermo sino de evitar que el encierro se transforme en una situaci\u00f3n m\u00e1s gravosa y lo afecte en otros derechos, como viene ocurriendo hasta el presente\u00bb, dice el escrito.<\/p>\n<p>&nbsp;<\/p>\n<p>&nbsp;<\/p>\n<p>&nbsp;<\/p>\n<p>&nbsp;<\/p>\n<p>&nbsp;<\/p>\n<p>&nbsp;<\/p>\n<p>&nbsp;<\/p>\n<p>&nbsp;<\/p>\n<p>&nbsp;<\/p>\n<p>&nbsp;<\/p>\n<p>&nbsp;<\/p>\n","protected":false},"excerpt":{"rendered":"<p>El ex dirigente ferroviario y condenado por el crimen de Mariano Ferreyra pidi\u00f3 que se le conceda la posibilidad de cumplir el resto de su condena en su domicilio por problemas de salud.<\/p>\n","protected":false},"author":8,"featured_media":0,"comment_status":"open","ping_status":"open","sticky":false,"template":"","format":"standard","meta":{"_jetpack_newsletter_access":"","_jetpack_dont_email_post_to_subs":false,"_jetpack_newsletter_tier_id":0,"_jetpack_memberships_contains_paywalled_content":false,"_jetpack_memberships_contains_paid_content":false,"footnotes":""},"categories":[51],"tags":[],"class_list":["post-63737","post","type-post","status-publish","format-standard","hentry","category-politica"],"jetpack_shortlink":"https:\/\/wp.me\/p2JWE0-gA1","jetpack-related-posts":[{"id":47549,"url":"http:\/\/www.24baires.com\/?p=47549","url_meta":{"origin":63737,"position":0},"title":"La defensa de Pedraza pidi\u00f3 prisi\u00f3n preventiva","author":"GB","date":"06\/06\/2014","format":false,"excerpt":"El dirigente sindical condenado a 15 a\u00f1os de c\u00e1rcel pidi\u00f3 cumplir lo que resta de su sentencia en su casa y adujo problemas de salud que no podr\u00edan ser atendidos en la c\u00e1rcel de Ezeiza. La defensa de Pedraza hizo el pedido ante el Tribunal Oral Criminal 21 y ofreci\u00f3\u2026","rel":"","context":"En \u00abJUDICIALES\u00bb","block_context":{"text":"JUDICIALES","link":"http:\/\/www.24baires.com\/?cat=68"},"img":{"alt_text":"pedraza1","src":"https:\/\/i0.wp.com\/www.24baires.com\/wp-content\/uploads\/2014\/06\/pedraza1.jpg?resize=350%2C200","width":350,"height":200},"classes":[]},{"id":55199,"url":"http:\/\/www.24baires.com\/?p=55199","url_meta":{"origin":63737,"position":1},"title":"La Justicia le neg\u00f3 a Pedraza la prisi\u00f3n domiciliaria","author":"GB","date":"11\/10\/2014","format":false,"excerpt":"La Justicia le caus\u00f3 un nuevo rev\u00e9s al ex l\u00edder de la Uni\u00f3n Ferroviaria, Jos\u00e9 Pedraza. El Tribunal Oral Criminal 21 le neg\u00f3 la posibilidad de acceder a la prisi\u00f3n domiciliaria para cumplir los 15 a\u00f1os de condena que recibi\u00f3 por el asesinato del militante del PO, Mariano Ferreyra. Pedraza\u2026","rel":"","context":"En \u00abJUDICIALES\u00bb","block_context":{"text":"JUDICIALES","link":"http:\/\/www.24baires.com\/?cat=68"},"img":{"alt_text":"pedraza","src":"https:\/\/i0.wp.com\/www.24baires.com\/wp-content\/uploads\/2012\/11\/pedraza.jpg?resize=350%2C200","width":350,"height":200,"srcset":"https:\/\/i0.wp.com\/www.24baires.com\/wp-content\/uploads\/2012\/11\/pedraza.jpg?resize=350%2C200 1x, https:\/\/i0.wp.com\/www.24baires.com\/wp-content\/uploads\/2012\/11\/pedraza.jpg?resize=525%2C300 1.5x"},"classes":[]},{"id":58785,"url":"http:\/\/www.24baires.com\/?p=58785","url_meta":{"origin":63737,"position":2},"title":"Mariano Ferreyra: niegan la detenci\u00f3n domiciliaria a Pedraza","author":"GB","date":"17\/12\/2014","format":false,"excerpt":"La fiscal general ante la C\u00e1mara de Casaci\u00f3n Gabriela Baig\u00fan advirti\u00f3 que no existen motivos de salud o razones humanitarias que justifiquen la concesi\u00f3n del beneficio del arresto domiciliario al sindicalista ex l\u00edder de los ferroviarios Jos\u00e9 Pedraza, condenado a 15 a\u00f1os de prisi\u00f3n por el homicidio del militante del\u2026","rel":"","context":"En \u00abJUDICIALES\u00bb","block_context":{"text":"JUDICIALES","link":"http:\/\/www.24baires.com\/?cat=68"},"img":{"alt_text":"pedraza","src":"https:\/\/i0.wp.com\/www.24baires.com\/wp-content\/uploads\/2012\/11\/pedraza.jpg?resize=350%2C200","width":350,"height":200,"srcset":"https:\/\/i0.wp.com\/www.24baires.com\/wp-content\/uploads\/2012\/11\/pedraza.jpg?resize=350%2C200 1x, https:\/\/i0.wp.com\/www.24baires.com\/wp-content\/uploads\/2012\/11\/pedraza.jpg?resize=525%2C300 1.5x"},"classes":[]},{"id":89853,"url":"http:\/\/www.24baires.com\/?p=89853","url_meta":{"origin":63737,"position":3},"title":"La Corte Suprema dej\u00f3 firme la condena a Jos\u00e9 Pedraza","author":"GB","date":"15\/11\/2016","format":false,"excerpt":"La Corte Suprema de Justicia ratific\u00f3 las condenas contra el sindicalista Jos\u00e9 Pedraza y el resto de los imputados por el homicidio del militante Mariano Ferreyra. La Corte Suprema ratific\u00f3 las condenas contra el sindicalista Jos\u00e9 Pedraza y el resto de los imputados por el homicidio del militante del PO\u2026","rel":"","context":"En \u00abJUDICIALES\u00bb","block_context":{"text":"JUDICIALES","link":"http:\/\/www.24baires.com\/?cat=68"},"img":{"alt_text":"pedraza1","src":"https:\/\/i0.wp.com\/www.24baires.com\/wp-content\/uploads\/2014\/06\/pedraza1.jpg?resize=350%2C200","width":350,"height":200},"classes":[]},{"id":38961,"url":"http:\/\/www.24baires.com\/?p=38961","url_meta":{"origin":63737,"position":4},"title":"Mariano Ferreyra: Casaci\u00f3n revisa la condena a Pedraza","author":"GB","date":"21\/01\/2014","format":false,"excerpt":"Tras las apelaciones de las querellas, la fiscal\u00eda y las defensas, la C\u00e1mara Federal de Casaci\u00f3n Penal comenz\u00f3 a revisar la condena a 15 a\u00f1os de prisi\u00f3n dictada por el Tribunal Oral Criminal 21 contra el ex sindicalista ferroviario Jos\u00e9 Pedraza, por el asesinato del militante del Partido Obrero, Mariano\u2026","rel":"","context":"En \u00abJUDICIALES\u00bb","block_context":{"text":"JUDICIALES","link":"http:\/\/www.24baires.com\/?cat=68"},"img":{"alt_text":"","src":"","width":0,"height":0},"classes":[]},{"id":21588,"url":"http:\/\/www.24baires.com\/?p=21588","url_meta":{"origin":63737,"position":5},"title":"El abogado de Pedraza confirm\u00f3 que apelar\u00e1 al fallo","author":"Grupo Sierra","date":"21\/04\/2013","format":false,"excerpt":"Carlos Froment asegur\u00f3 que apelar\u00e1 a la condena de 15 a\u00f1os de prisi\u00f3n de su clientes por el crimen de Mariano Ferreyra. En tanto, critic\u00f3 la sentencia emitida por la Justicia en el caso y la calific\u00f3 de \"arbitraria\". El abogada del sindicalista Jos\u00e9 Pedraza, Carlos Fromet, confirm\u00f3 que apelar\u00e1\u2026","rel":"","context":"En \u00abPol\u00edtica\u00bb","block_context":{"text":"Pol\u00edtica","link":"http:\/\/www.24baires.com\/?cat=51"},"img":{"alt_text":"","src":"","width":0,"height":0},"classes":[]}],"jetpack_sharing_enabled":true,"jetpack_likes_enabled":true,"jetpack_featured_media_url":"","_links":{"self":[{"href":"http:\/\/www.24baires.com\/index.php?rest_route=\/wp\/v2\/posts\/63737","targetHints":{"allow":["GET"]}}],"collection":[{"href":"http:\/\/www.24baires.com\/index.php?rest_route=\/wp\/v2\/posts"}],"about":[{"href":"http:\/\/www.24baires.com\/index.php?rest_route=\/wp\/v2\/types\/post"}],"author":[{"embeddable":true,"href":"http:\/\/www.24baires.com\/index.php?rest_route=\/wp\/v2\/users\/8"}],"replies":[{"embeddable":true,"href":"http:\/\/www.24baires.com\/index.php?rest_route=%2Fwp%2Fv2%2Fcomments&post=63737"}],"version-history":[{"count":1,"href":"http:\/\/www.24baires.com\/index.php?rest_route=\/wp\/v2\/posts\/63737\/revisions"}],"predecessor-version":[{"id":63738,"href":"http:\/\/www.24baires.com\/index.php?rest_route=\/wp\/v2\/posts\/63737\/revisions\/63738"}],"wp:attachment":[{"href":"http:\/\/www.24baires.com\/index.php?rest_route=%2Fwp%2Fv2%2Fmedia&parent=63737"}],"wp:term":[{"taxonomy":"category","embeddable":true,"href":"http:\/\/www.24baires.com\/index.php?rest_route=%2Fwp%2Fv2%2Fcategories&post=63737"},{"taxonomy":"post_tag","embeddable":true,"href":"http:\/\/www.24baires.com\/index.php?rest_route=%2Fwp%2Fv2%2Ftags&post=63737"}],"curies":[{"name":"wp","href":"https:\/\/api.w.org\/{rel}","templated":true}]}}