{"id":63735,"date":"2015-03-31T10:00:57","date_gmt":"2015-03-31T13:00:57","guid":{"rendered":"http:\/\/www.24baires.com\/?p=63735"},"modified":"2015-04-01T09:14:27","modified_gmt":"2015-04-01T12:14:27","slug":"uta-adhiere-al-paro-para-defender-los-sueldos-altos-de-otros-gremios","status":"publish","type":"post","link":"http:\/\/www.24baires.com\/?p=63735","title":{"rendered":"UTA adhiere al paro para \u00abdefender los sueldos altos de otros gremios\u00bb"},"content":{"rendered":"<p><img data-recalc-dims=\"1\" loading=\"lazy\" decoding=\"async\" class=\"aligncenter size-full wp-image-60580\" src=\"https:\/\/i0.wp.com\/www.24baires.com\/wp-content\/uploads\/2015\/01\/anibal.jpg?resize=560%2C373\" alt=\"anibal\" width=\"560\" height=\"373\" srcset=\"https:\/\/i0.wp.com\/www.24baires.com\/wp-content\/uploads\/2015\/01\/anibal.jpg?w=560 560w, https:\/\/i0.wp.com\/www.24baires.com\/wp-content\/uploads\/2015\/01\/anibal.jpg?resize=300%2C200 300w\" sizes=\"auto, (max-width: 560px) 100vw, 560px\" \/>El jefe de Gabinete dijo hoy que la Uni\u00f3n Tranviarios Automotor \u00abdebe tener entre el 7 u 8% de trabajadores a los que le alcanza el impuesto\u00bb a las Ganancias, por lo que advirti\u00f3 que \u00abest\u00e1n parando por defender los sueldos de trabajadores de otros gremios\u00bb.<!--more--><\/p>\n<p>De esta forma, el funcionario se refiri\u00f3, en declaraciones formuladas a la prensa antes de ingresar a Casa de Gobierno, al paro nacional que se lleva adelante desde el primer minuto del d\u00eda.<\/p>\n<p>Adem\u00e1s, el jefe de Gabinete neg\u00f3 la posibilidad de que se apliquen sanciones a los gremios que protagonicen el paro nacional de transporte.<\/p>\n<p>\u00abNo hablamos nunca de sanciones\u00bb, respondi\u00f3 el funcionario al ser consultado sobre la posibilidad de que se estudien sanciones a las entidades sindicales por la medida de fuerza.<\/p>\n","protected":false},"excerpt":{"rendered":"<p>El jefe de Gabinete dijo hoy que la Uni\u00f3n Tranviarios Automotor \u00abdebe tener entre el 7 u 8% de trabajadores a los que le alcanza el impuesto\u00bb a las Ganancias, por lo que advirti\u00f3 que \u00abest\u00e1n parando por defender los sueldos de trabajadores de otros gremios\u00bb.<\/p>\n","protected":false},"author":8,"featured_media":0,"comment_status":"open","ping_status":"open","sticky":false,"template":"","format":"standard","meta":{"_jetpack_newsletter_access":"","_jetpack_dont_email_post_to_subs":false,"_jetpack_newsletter_tier_id":0,"_jetpack_memberships_contains_paywalled_content":false,"_jetpack_memberships_contains_paid_content":false,"footnotes":""},"categories":[51],"tags":[],"class_list":["post-63735","post","type-post","status-publish","format-standard","hentry","category-politica"],"jetpack_shortlink":"https:\/\/wp.me\/p2JWE0-gzZ","jetpack-related-posts":[{"id":63638,"url":"http:\/\/www.24baires.com\/?p=63638","url_meta":{"origin":63735,"position":0},"title":"An\u00edbal Fern\u00e1ndez duda de los \u00abreales motivos\u00bb del paro del martes","author":"AF","date":"27\/03\/2015","format":false,"excerpt":"El jefe de Gabinete, An\u00edbal Fern\u00e1ndez, se\u00f1al\u00f3 que la medida \"empieza a cambiar de color\" y afirm\u00f3 que desde el Gobierno han \"hecho todo lo posible para desactivar el paro\" anunciado por el sindicalismo opositor. El jefe de Gabinete, An\u00edbal Fern\u00e1ndez, dijo hoy que desde el Gobierno han \"hecho todo\u2026","rel":"","context":"En \u00abSociedad\u00bb","block_context":{"text":"Sociedad","link":"http:\/\/www.24baires.com\/?cat=1"},"img":{"alt_text":"","src":"","width":0,"height":0},"classes":[]},{"id":121223,"url":"http:\/\/www.24baires.com\/?p=121223","url_meta":{"origin":63735,"position":1},"title":"La CGT anunci\u00f3 un paro general para el 9 de mayo","author":"GB","date":"12\/04\/2024","format":false,"excerpt":"Tras una reuni\u00f3n en Casa Rosada en la jornada de ayer, los l\u00edderes de la CGT decidieron convocar a un paro general para el pr\u00f3ximo 9 de mayo. La Confederaci\u00f3n General del Trabajo (CGT) finalmente decidi\u00f3 convocar a un nuevo paro general contra el gobierno de Javier Milei y le\u2026","rel":"","context":"En \u00abPol\u00edtica\u00bb","block_context":{"text":"Pol\u00edtica","link":"http:\/\/www.24baires.com\/?cat=51"},"img":{"alt_text":"","src":"https:\/\/i0.wp.com\/www.24baires.com\/wp-content\/uploads\/2024\/04\/cgt1.webp?resize=350%2C200","width":350,"height":200,"srcset":"https:\/\/i0.wp.com\/www.24baires.com\/wp-content\/uploads\/2024\/04\/cgt1.webp?resize=350%2C200 1x, https:\/\/i0.wp.com\/www.24baires.com\/wp-content\/uploads\/2024\/04\/cgt1.webp?resize=525%2C300 1.5x, https:\/\/i0.wp.com\/www.24baires.com\/wp-content\/uploads\/2024\/04\/cgt1.webp?resize=700%2C400 2x"},"classes":[]},{"id":117130,"url":"http:\/\/www.24baires.com\/?p=117130","url_meta":{"origin":63735,"position":2},"title":"El Gobierno convoca a gremios y empresarios","author":"GB","date":"04\/02\/2021","format":false,"excerpt":"Desde el Ejecutivo adelantaron que no impondr\u00e1n topes en las discusiones por paritarias. El Gobierno nacional convocar\u00e1 la pr\u00f3xima semana a gremios y empresarios por precios y salarios, seg\u00fan inform\u00f3 la vicejefa de Gabinete, Cecilia Todesca Bocco, al finalizar la reuni\u00f3n del gabinete econ\u00f3mico en Casa Rosada. \u201cLo coordinaron todos\u2026","rel":"","context":"En \u00abPol\u00edtica\u00bb","block_context":{"text":"Pol\u00edtica","link":"http:\/\/www.24baires.com\/?cat=51"},"img":{"alt_text":"","src":"https:\/\/i0.wp.com\/www.24baires.com\/wp-content\/uploads\/2021\/02\/20210204102525_0007320104.jpg?resize=350%2C200","width":350,"height":200,"srcset":"https:\/\/i0.wp.com\/www.24baires.com\/wp-content\/uploads\/2021\/02\/20210204102525_0007320104.jpg?resize=350%2C200 1x, https:\/\/i0.wp.com\/www.24baires.com\/wp-content\/uploads\/2021\/02\/20210204102525_0007320104.jpg?resize=525%2C300 1.5x"},"classes":[]},{"id":100891,"url":"http:\/\/www.24baires.com\/?p=100891","url_meta":{"origin":63735,"position":3},"title":"Finocchiaro calific\u00f3 de \u201cobsceno\u201d al paro docente y habr\u00e1 descuentos en todo el pa\u00eds","author":"GB","date":"06\/03\/2018","format":false,"excerpt":"El Ministro de Educaci\u00f3n de la Naci\u00f3n minimiz\u00f3 el impacto de la medida de fuerza en todo el territorio argentino y apunt\u00f3 contra los sindicatos. Dijo que la huelga es \u201cpol\u00edtica\u201d y que \u201cno es por lo salarial\u201d. Al finalizar la reuni\u00f3n de gabinete nacional, el ministro de Educaci\u00f3n, Alejandro\u2026","rel":"","context":"En \u00abPol\u00edtica\u00bb","block_context":{"text":"Pol\u00edtica","link":"http:\/\/www.24baires.com\/?cat=51"},"img":{"alt_text":"","src":"https:\/\/i0.wp.com\/www.24baires.com\/wp-content\/uploads\/2016\/09\/finochiario.jpg?resize=350%2C200","width":350,"height":200,"srcset":"https:\/\/i0.wp.com\/www.24baires.com\/wp-content\/uploads\/2016\/09\/finochiario.jpg?resize=350%2C200 1x, https:\/\/i0.wp.com\/www.24baires.com\/wp-content\/uploads\/2016\/09\/finochiario.jpg?resize=525%2C300 1.5x"},"classes":[]},{"id":103595,"url":"http:\/\/www.24baires.com\/?p=103595","url_meta":{"origin":63735,"position":4},"title":"Gremios docentes sostienen que el paro \u00abqued\u00f3 en suspenso\u00bb y esperan nuevo llamado de Vidal","author":"Grupo Sierra","date":"30\/07\/2018","format":false,"excerpt":"Los gremios docentes se\u00f1alaron hoy que el paro de 72 horas no fue levantado sino que \"qued\u00f3 en suspenso\" y que ser\u00e1 implementado si el Gobierno no realiza una nueva oferta. En tanto, desde el Ejecutivo insistieron con posibles sanciones a Suteba por sumarse a una medida de fuerza nacional\u2026","rel":"","context":"En \u00abEducaci\u00f3n\u00bb","block_context":{"text":"Educaci\u00f3n","link":"http:\/\/www.24baires.com\/?cat=327"},"img":{"alt_text":"","src":"https:\/\/i0.wp.com\/www.dib.com.ar\/gestion\/images\/blogmanagement\/noticias\/thumb\/5b5f4c7d1b0281532972157.jpg?resize=350%2C200","width":350,"height":200,"srcset":"https:\/\/i0.wp.com\/www.dib.com.ar\/gestion\/images\/blogmanagement\/noticias\/thumb\/5b5f4c7d1b0281532972157.jpg?resize=350%2C200 1x, https:\/\/i0.wp.com\/www.dib.com.ar\/gestion\/images\/blogmanagement\/noticias\/thumb\/5b5f4c7d1b0281532972157.jpg?resize=525%2C300 1.5x"},"classes":[]},{"id":57121,"url":"http:\/\/www.24baires.com\/?p=57121","url_meta":{"origin":63735,"position":5},"title":"Provincia define la fecha para la apertura de la paritaria docente","author":"AF","date":"14\/11\/2014","format":false,"excerpt":"Se definir\u00e1 en las pr\u00f3ximas horas la fecha de convocatoria para empezar a debatir con los gremios docentes un incremento salarial para el a\u00f1o pr\u00f3ximo, tras la sanci\u00f3n del Presupuesto provincial 2015, informaron fuentes del Ejecutivo. El inicio de la discusi\u00f3n paritaria estar\u00e1 centrada en la posibilidad de que la\u2026","rel":"","context":"En \u00abSociedad\u00bb","block_context":{"text":"Sociedad","link":"http:\/\/www.24baires.com\/?cat=1"},"img":{"alt_text":"escuela03","src":"https:\/\/i0.wp.com\/www.24baires.com\/wp-content\/uploads\/2014\/05\/escuela03.jpg?resize=350%2C200","width":350,"height":200,"srcset":"https:\/\/i0.wp.com\/www.24baires.com\/wp-content\/uploads\/2014\/05\/escuela03.jpg?resize=350%2C200 1x, https:\/\/i0.wp.com\/www.24baires.com\/wp-content\/uploads\/2014\/05\/escuela03.jpg?resize=525%2C300 1.5x"},"classes":[]}],"jetpack_sharing_enabled":true,"jetpack_likes_enabled":true,"jetpack_featured_media_url":"","_links":{"self":[{"href":"http:\/\/www.24baires.com\/index.php?rest_route=\/wp\/v2\/posts\/63735","targetHints":{"allow":["GET"]}}],"collection":[{"href":"http:\/\/www.24baires.com\/index.php?rest_route=\/wp\/v2\/posts"}],"about":[{"href":"http:\/\/www.24baires.com\/index.php?rest_route=\/wp\/v2\/types\/post"}],"author":[{"embeddable":true,"href":"http:\/\/www.24baires.com\/index.php?rest_route=\/wp\/v2\/users\/8"}],"replies":[{"embeddable":true,"href":"http:\/\/www.24baires.com\/index.php?rest_route=%2Fwp%2Fv2%2Fcomments&post=63735"}],"version-history":[{"count":1,"href":"http:\/\/www.24baires.com\/index.php?rest_route=\/wp\/v2\/posts\/63735\/revisions"}],"predecessor-version":[{"id":63736,"href":"http:\/\/www.24baires.com\/index.php?rest_route=\/wp\/v2\/posts\/63735\/revisions\/63736"}],"wp:attachment":[{"href":"http:\/\/www.24baires.com\/index.php?rest_route=%2Fwp%2Fv2%2Fmedia&parent=63735"}],"wp:term":[{"taxonomy":"category","embeddable":true,"href":"http:\/\/www.24baires.com\/index.php?rest_route=%2Fwp%2Fv2%2Fcategories&post=63735"},{"taxonomy":"post_tag","embeddable":true,"href":"http:\/\/www.24baires.com\/index.php?rest_route=%2Fwp%2Fv2%2Ftags&post=63735"}],"curies":[{"name":"wp","href":"https:\/\/api.w.org\/{rel}","templated":true}]}}