{"id":63721,"date":"2015-03-30T17:00:06","date_gmt":"2015-03-30T20:00:06","guid":{"rendered":"http:\/\/www.24baires.com\/?p=63721"},"modified":"2015-03-30T16:29:28","modified_gmt":"2015-03-30T19:29:28","slug":"estoy-comprometido-con-trabajadores-e-industria-aseguro-scioli","status":"publish","type":"post","link":"http:\/\/www.24baires.com\/?p=63721","title":{"rendered":"\u00abEstoy comprometido con trabajadores e industria\u00bb, asegur\u00f3 Scioli"},"content":{"rendered":"<p><img data-recalc-dims=\"1\" loading=\"lazy\" decoding=\"async\" class=\"aligncenter size-full wp-image-60813\" src=\"https:\/\/i0.wp.com\/www.24baires.com\/wp-content\/uploads\/2015\/01\/scioli-1.jpg?resize=560%2C306\" alt=\"scioli 1\" width=\"560\" height=\"306\" srcset=\"https:\/\/i0.wp.com\/www.24baires.com\/wp-content\/uploads\/2015\/01\/scioli-1.jpg?w=560 560w, https:\/\/i0.wp.com\/www.24baires.com\/wp-content\/uploads\/2015\/01\/scioli-1.jpg?resize=300%2C164 300w\" sizes=\"auto, (max-width: 560px) 100vw, 560px\" \/>El gobernador bonaerense dijo que \u00ablos trabajadores y la industria nacional marcan un camino en la agenda del desarrollo y futuro del pa\u00eds\u00bb.<!--more--><\/p>\n<p>El gobernador bonaerense, Daniel Scioli, reafirm\u00f3 hoy su compromiso \u00abcon los trabajadores y la industria nacional porque marcan un camino en la agenda del desarrollo y futuro de nuestro pa\u00eds\u00bb, al recorrer las instalaciones de la empresa Bagley-Grupo Arcor, acompa\u00f1ado por el presidente de la compa\u00f1\u00eda, Luis Pagani, en la localidad de Salto.<\/p>\n<p>\u00abAlgunos siempre buscaron la competitividad por el lado de las devaluaciones, yo creo que esto perjudica a los trabajadores, la competitividad hay que buscarla por trabajar en los componentes de los costos, e incorporar tecnolog\u00eda\u00bb, expres\u00f3 el gobernador al visitar el complejo de la f\u00e1brica, junto al presidente del Banco Provincia, Gustavo Marangoni y el intendente local, Oscar Brasca.<\/p>\n<p>Scioli record\u00f3 que \u00abtoda mi vida estuve ligado a una cultura del empresariado enfocada en el trabajo genuino, innovador, en la perseverancia y fe en el pa\u00eds\u00bb, al tiempo que reafirm\u00f3: \u00aben este momento, con toda claridad, seguir\u00e9 estando a favor de la reindustrializaci\u00f3n, del trabajo, de aumentar la confianza y la competitividad para atraer a\u00fan m\u00e1s inversiones\u00bb.<\/p>\n<p>Bagley-Grupo Arcor es la principal empresa de alimentos del pa\u00eds y el primer productor mundial de caramelos. Exporta a m\u00e1s de 120 pa\u00edses de los cinco continentes y se ha posicionado como el principal distribuidor de golosinas de la Argentina, Brasil, Chile y Per\u00fa, y emplea a m\u00e1s de 20 mil personas en distintas partes del mundo y a m\u00e1s de 10.000 PyMEs contratadas como proveedores.<\/p>\n<p>Previamente, Scioli inaugur\u00f3 el \u201cEspacio Provincia\u201d de atenci\u00f3n bancaria en el Parque Industrial Comirsa de la ciudad de Ramallo, acompa\u00f1ado por los intendentes, Ariel Santalla (Ramallo) e Ismael Passaglia (San Nicol\u00e1s). All\u00ed tambi\u00e9n entreg\u00f3 certificados del Programa \u201cFuerza Productiva\u201d del Ministerio de Producci\u00f3n, Ciencia y Tecnolog\u00eda, que permiten a empresas el acceso al financiamiento de inversiones.<\/p>\n<p>\u00abLo p\u00fablico y lo privado es la agenda del desarrollo de la Argentina, y vienen tiempos de fortalecer\u00bb esta asociaci\u00f3n, dijo el Gobernador ante trabajadores del parque industrial, tras remarcar que \u00abestamos dando un avance con las escuelas de oficio y las sucursales del banco\u00bb, que se implementar\u00e1n en 14 parques de la Provincia, para la atenci\u00f3n bancaria a trabajadores de Pymes.<\/p>\n<p>&nbsp;<\/p>\n<p>&nbsp;<\/p>\n<p>&nbsp;<\/p>\n<p>&nbsp;<\/p>\n<p>&nbsp;<\/p>\n<p>&nbsp;<\/p>\n<p>&nbsp;<\/p>\n<p>&nbsp;<\/p>\n<p>&nbsp;<\/p>\n<p>&nbsp;<\/p>\n","protected":false},"excerpt":{"rendered":"<p>El gobernador bonaerense dijo que \u00ablos trabajadores y la industria nacional marcan un camino en la agenda del desarrollo y futuro del pa\u00eds\u00bb.<\/p>\n","protected":false},"author":8,"featured_media":0,"comment_status":"open","ping_status":"open","sticky":false,"template":"","format":"standard","meta":{"_jetpack_newsletter_access":"","_jetpack_dont_email_post_to_subs":false,"_jetpack_newsletter_tier_id":0,"_jetpack_memberships_contains_paywalled_content":false,"_jetpack_memberships_contains_paid_content":false,"footnotes":""},"categories":[51],"tags":[],"class_list":["post-63721","post","type-post","status-publish","format-standard","hentry","category-politica"],"jetpack_shortlink":"https:\/\/wp.me\/p2JWE0-gzL","jetpack-related-posts":[{"id":47794,"url":"http:\/\/www.24baires.com\/?p=47794","url_meta":{"origin":63721,"position":0},"title":"Seg\u00fan Scioli, \u00aba la Argentina la espera el desarrollo\u00bb","author":"Grupo Sierra","date":"10\/06\/2014","format":false,"excerpt":"As\u00ed se manifest\u00f3 el gobernador bonaerense al cumplir una intensa agenda en Rosario, que incluy\u00f3 un encuentro con empresarios en la Bolsa de Comercio, el relanzamiento de la sucursal local del Grupo Provincia, y la participaci\u00f3n en un seminario en la Universidad Nacional de esa ciudad. El gobernador Daniel Scioli\u2026","rel":"","context":"En \u00abPol\u00edtica\u00bb","block_context":{"text":"Pol\u00edtica","link":"http:\/\/www.24baires.com\/?cat=51"},"img":{"alt_text":"scioli operativo sol","src":"https:\/\/i0.wp.com\/www.24baires.com\/wp-content\/uploads\/2013\/12\/scioli-operativo-sol.jpg?resize=350%2C200","width":350,"height":200,"srcset":"https:\/\/i0.wp.com\/www.24baires.com\/wp-content\/uploads\/2013\/12\/scioli-operativo-sol.jpg?resize=350%2C200 1x, https:\/\/i0.wp.com\/www.24baires.com\/wp-content\/uploads\/2013\/12\/scioli-operativo-sol.jpg?resize=525%2C300 1.5x"},"classes":[]},{"id":120034,"url":"http:\/\/www.24baires.com\/?p=120034","url_meta":{"origin":63721,"position":1},"title":"Con una agenda industrial, Axel Kicillof llega a Brasil","author":"GB","date":"24\/04\/2023","format":false,"excerpt":"El gobernador de la provincia de Buenos Aires, Axel Kicillof, estar\u00e1 hoy y ma\u00f1ana en la ciudad de S\u00e3o Paulo. Como hab\u00eda anticipado INFOCIELO, el gobernador de la provincia de Buenos Aires, Axel Kicillof, comienza su semana en Brasil. El mandatario estar\u00e1 en S\u00e3o Paulo, la ciudad m\u00e1s poblada del\u2026","rel":"","context":"En \u00abEconom\u00eda\u00bb","block_context":{"text":"Econom\u00eda","link":"http:\/\/www.24baires.com\/?cat=45"},"img":{"alt_text":"","src":"https:\/\/i0.wp.com\/www.24baires.com\/wp-content\/uploads\/2023\/04\/kicillof-brasil.webp?resize=350%2C200","width":350,"height":200,"srcset":"https:\/\/i0.wp.com\/www.24baires.com\/wp-content\/uploads\/2023\/04\/kicillof-brasil.webp?resize=350%2C200 1x, https:\/\/i0.wp.com\/www.24baires.com\/wp-content\/uploads\/2023\/04\/kicillof-brasil.webp?resize=525%2C300 1.5x, https:\/\/i0.wp.com\/www.24baires.com\/wp-content\/uploads\/2023\/04\/kicillof-brasil.webp?resize=700%2C400 2x"},"classes":[]},{"id":69839,"url":"http:\/\/www.24baires.com\/?p=69839","url_meta":{"origin":63721,"position":2},"title":"Scioli en Tandil: \u00abEste es el espacio pol\u00edtico de la industria nacional\u00bb","author":"AF","date":"31\/07\/2015","format":false,"excerpt":"El gobernador bonaerense y candidato presidencial del Frente para la Victoria, Daniel Scioli habl\u00f3 en un acto en la ciudad bonaerense de Tandil. \"Esta Argentina va a sembrar cada vez m\u00e1s oportunidades\", dijo. El gobernador bonaerense y candidato presidencial del Frente para la Victoria, Daniel Scioli, afirm\u00f3 hoy que \"las\u2026","rel":"","context":"En \u00abElecciones 2015\u00bb","block_context":{"text":"Elecciones 2015","link":"http:\/\/www.24baires.com\/?cat=74"},"img":{"alt_text":"","src":"https:\/\/i0.wp.com\/www.24baires.com\/wp-content\/uploads\/2015\/07\/zannini-scioli-bossio-an%C3%ADbal.jpg?resize=350%2C200","width":350,"height":200,"srcset":"https:\/\/i0.wp.com\/www.24baires.com\/wp-content\/uploads\/2015\/07\/zannini-scioli-bossio-an%C3%ADbal.jpg?resize=350%2C200 1x, https:\/\/i0.wp.com\/www.24baires.com\/wp-content\/uploads\/2015\/07\/zannini-scioli-bossio-an%C3%ADbal.jpg?resize=525%2C300 1.5x"},"classes":[]},{"id":98813,"url":"http:\/\/www.24baires.com\/?p=98813","url_meta":{"origin":63721,"position":3},"title":"La provincia busca dar competitividad a la industria textil","author":"AF","date":"17\/11\/2017","format":false,"excerpt":"El gobierno de la provincia de Buenos Aires convoc\u00f3 al primer encuentro de la Mesa de Trabajo de la Industria Textil e Indumentaria en busca de generar condiciones de competitividad a trav\u00e9s de un trabajo conjunto de corto y mediano plazo, seg\u00fan inform\u00f3 hoy el Ministerio de Producci\u00f3n bonaerense que\u2026","rel":"","context":"En \u00abLocales\u00bb","block_context":{"text":"Locales","link":"http:\/\/www.24baires.com\/?cat=38"},"img":{"alt_text":"","src":"https:\/\/i0.wp.com\/www.24baires.com\/wp-content\/uploads\/2013\/11\/cooperativa-textil-tandil.jpg?resize=350%2C200","width":350,"height":200,"srcset":"https:\/\/i0.wp.com\/www.24baires.com\/wp-content\/uploads\/2013\/11\/cooperativa-textil-tandil.jpg?resize=350%2C200 1x, https:\/\/i0.wp.com\/www.24baires.com\/wp-content\/uploads\/2013\/11\/cooperativa-textil-tandil.jpg?resize=525%2C300 1.5x"},"classes":[]},{"id":121462,"url":"http:\/\/www.24baires.com\/?p=121462","url_meta":{"origin":63721,"position":4},"title":"Kicillof dej\u00f3 en claro que \u00absin industria\u00bb no hay Pacto de Mayo","author":"GB","date":"05\/07\/2024","format":false,"excerpt":"El gobernador Axel Kicillof encabez\u00f3 la apertura de la expo IndustrializAR 2024, reiter\u00f3 sus cr\u00edticas al Pacto de Mayo de Javier Milei e hizo un llamamiento a \"defender la industria y el trabajo\". El gobernador bonaerense, Axel Kicillof, encabez\u00f3 la apertura de la expo IndustrializAR 2024 en Pilar, y volvi\u00f3\u2026","rel":"","context":"En \u00abProvincia\u00bb","block_context":{"text":"Provincia","link":"http:\/\/www.24baires.com\/?cat=40"},"img":{"alt_text":"","src":"https:\/\/i0.wp.com\/www.24baires.com\/wp-content\/uploads\/2023\/09\/kicillof.webp?resize=350%2C200","width":350,"height":200,"srcset":"https:\/\/i0.wp.com\/www.24baires.com\/wp-content\/uploads\/2023\/09\/kicillof.webp?resize=350%2C200 1x, https:\/\/i0.wp.com\/www.24baires.com\/wp-content\/uploads\/2023\/09\/kicillof.webp?resize=525%2C300 1.5x, https:\/\/i0.wp.com\/www.24baires.com\/wp-content\/uploads\/2023\/09\/kicillof.webp?resize=700%2C400 2x"},"classes":[]},{"id":33221,"url":"http:\/\/www.24baires.com\/?p=33221","url_meta":{"origin":63721,"position":5},"title":"\u00abEstas obras demuestran que Naci\u00f3n y Provincia trabajan juntas\u00bb","author":"GB","date":"08\/10\/2013","format":false,"excerpt":"SAN\u00a0MART\u00cdN-\u00a0El gobernador bonaerense inaugur\u00f3 un nuevo tramo de la Ruta 8 en el Partido de San Mart\u00edn, donde adem\u00e1s pidi\u00f3 \u201cun voto a favor del trabajo, de la inclusi\u00f3n, de la industria\". \"Estas obras demuestran que Naci\u00f3n y Provincia, trabajando juntas, traen nuevas soluciones a viejos problemas\", se\u00f1al\u00f3 el mandatario\u2026","rel":"","context":"En \u00abPol\u00edtica\u00bb","block_context":{"text":"Pol\u00edtica","link":"http:\/\/www.24baires.com\/?cat=51"},"img":{"alt_text":"scioli gabinete","src":"https:\/\/i0.wp.com\/www.24baires.com\/wp-content\/uploads\/2013\/06\/scioli-gabinete-300x137.jpg?resize=350%2C200","width":350,"height":200},"classes":[]}],"jetpack_sharing_enabled":true,"jetpack_likes_enabled":true,"jetpack_featured_media_url":"","_links":{"self":[{"href":"http:\/\/www.24baires.com\/index.php?rest_route=\/wp\/v2\/posts\/63721","targetHints":{"allow":["GET"]}}],"collection":[{"href":"http:\/\/www.24baires.com\/index.php?rest_route=\/wp\/v2\/posts"}],"about":[{"href":"http:\/\/www.24baires.com\/index.php?rest_route=\/wp\/v2\/types\/post"}],"author":[{"embeddable":true,"href":"http:\/\/www.24baires.com\/index.php?rest_route=\/wp\/v2\/users\/8"}],"replies":[{"embeddable":true,"href":"http:\/\/www.24baires.com\/index.php?rest_route=%2Fwp%2Fv2%2Fcomments&post=63721"}],"version-history":[{"count":1,"href":"http:\/\/www.24baires.com\/index.php?rest_route=\/wp\/v2\/posts\/63721\/revisions"}],"predecessor-version":[{"id":63722,"href":"http:\/\/www.24baires.com\/index.php?rest_route=\/wp\/v2\/posts\/63721\/revisions\/63722"}],"wp:attachment":[{"href":"http:\/\/www.24baires.com\/index.php?rest_route=%2Fwp%2Fv2%2Fmedia&parent=63721"}],"wp:term":[{"taxonomy":"category","embeddable":true,"href":"http:\/\/www.24baires.com\/index.php?rest_route=%2Fwp%2Fv2%2Fcategories&post=63721"},{"taxonomy":"post_tag","embeddable":true,"href":"http:\/\/www.24baires.com\/index.php?rest_route=%2Fwp%2Fv2%2Ftags&post=63721"}],"curies":[{"name":"wp","href":"https:\/\/api.w.org\/{rel}","templated":true}]}}