{"id":63698,"date":"2015-03-29T20:00:55","date_gmt":"2015-03-29T23:00:55","guid":{"rendered":"http:\/\/www.24baires.com\/?p=63698"},"modified":"2015-03-29T20:00:55","modified_gmt":"2015-03-29T23:00:55","slug":"dominguez-a-muchos-les-molesta-ver-una-argentina-desendeudada","status":"publish","type":"post","link":"http:\/\/www.24baires.com\/?p=63698","title":{"rendered":"Dom\u00ednguez: \u00abA muchos les molesta ver una Argentina desendeudada\u201d"},"content":{"rendered":"<p><img data-recalc-dims=\"1\" loading=\"lazy\" decoding=\"async\" class=\"aligncenter size-full wp-image-63699\" src=\"https:\/\/i0.wp.com\/www.24baires.com\/wp-content\/uploads\/2015\/03\/dominguez-falla.jpg?resize=510%2C339\" alt=\"dominguez falla\" width=\"510\" height=\"339\" srcset=\"https:\/\/i0.wp.com\/www.24baires.com\/wp-content\/uploads\/2015\/03\/dominguez-falla.jpg?w=510 510w, https:\/\/i0.wp.com\/www.24baires.com\/wp-content\/uploads\/2015\/03\/dominguez-falla.jpg?resize=300%2C199 300w\" sizes=\"auto, (max-width: 510px) 100vw, 510px\" \/>El precandidato a gobernador bonaerense del FPV particip\u00f3 en la 61\u00b0 Falla Valenciana, en la que se quemaron mu\u00f1ecos alusivos a los fondos buitre. \u00abJam\u00e1s tomaremos medidas contra del pueblo argentino\u00bb, dijo.<!--more--><\/p>\n<p>\u201cA muchos les duele que el logro de la Argentina desendeudada es el mejor legado que les dejamos a nuestros hijos\u201d, afirm\u00f3 junto al intendente local Gustavo Pulti en la tradicional quema de mu\u00f1ecos que representaron en esta ocasi\u00f3n a los buitres, en el marco de la 61\u00b0 Falla Valenciana.<\/p>\n<p>En este marco, Dom\u00ednguez denunci\u00f3 que al Citibank al se\u00f1alar que \u00abahora vemos c\u00f3mo un banco extranjero se niega a operar bajo leyes nacionales por resoluciones judiciales externas\u201d y a\u00f1adi\u00f3 que \u201cse asocian con los buitres y comparten el mismo esp\u00edritu: s\u00f3lo desean su propio beneficio sin importarles pisotear Estados soberanos\u00bb.<\/p>\n<p>\u201cNuestras capacidades productivas siguen a pleno, con un alto consumo interno y buena inversi\u00f3n empresaria\u201d, destac\u00f3.<\/p>\n<p>Dijo tambi\u00e9n que \u201clos holdouts quisieron hacer caer la reestructuraci\u00f3n de la deuda soberana que inici\u00f3 N\u00e9stor Kirchner y profundiz\u00f3 Cristina Fern\u00e1ndez de Kirchner y que nos permiti\u00f3 desendeudar la Patria\u201d y precis\u00f3: \u201cuna Argentina en crecimiento es el mejor legado para las generaciones futuras\u201d.<\/p>\n<p>Para el titular de la C\u00e1mara baja,\u201cquemar mu\u00f1ecos representativos de los fondos buitre simboliza la uni\u00f3n de un pueblo contra la usura financiera internacional\u201d.<\/p>\n<p>\u201cAlgunos dirigentes dicen que hay que arreglar a cualquier precio, pero nosotros sabemos que jam\u00e1s tomaremos una decisi\u00f3n en contra de los argentinos\u201d, replic\u00f3.<\/p>\n<p>Al respecto, Dom\u00ednguez sostuvo que \u201cnos une con el intendente Pulti el sentimiento profundo de rechazo a los buitres y a todos aquellos que quieren ver retroceder al pa\u00eds y a nuestra Provincia\u201d.<\/p>\n<p>\u201cLo que les molesta a los enemigos de nuestra patria es ver que los pron\u00f3sticos apocal\u00edpticos no se cumplieron porque este gobierno jam\u00e1s tom\u00f3 una medida en contra del pueblo argentino\u201d, asegur\u00f3.<\/p>\n<p>Dom\u00ednguez encabez\u00f3 ayer junto a Pulti las celebraciones de la tradicional Falla, un evento que convoc\u00f3 en las calles marplatenses y en la c\u00e9ntrica Plaza Col\u00f3n a m\u00e1s de 40 mil personas.<\/p>\n<p>En ese contexto, el presidente de la C\u00e1mara de Diputados de la Naci\u00f3n le entreg\u00f3 al jefe municipal un ejemplar del nuevo C\u00f3digo Civil y Comercial, y despu\u00e9s ambos dirigentes encendieron la mecha que llev\u00f3 el fuego hasta los tradicionales mu\u00f1ecos.<\/p>\n<p>Antes hab\u00edan encabezado juntos la celebraci\u00f3n por el 20\u00b0 aniversario de los Juegos Panamericanos, en el que Dom\u00ednguez anunci\u00f3 la presentaci\u00f3n en la C\u00e1mara baja de una declaraci\u00f3n de inter\u00e9s nacional para que Mar del Plata vuelva a ser sede de los Juegos en 2023.<\/p>\n<p>Por \u00faltimo, el intendente Pulti dijo que \u201ces una gran alegr\u00eda el compromiso de Juli\u00e1n Dom\u00ednguez y les pido a los marplatenses que reparen en este apoyo que la ciudad logra a trav\u00e9s del titular de la C\u00e1mara de Diputados\u00bb.<\/p>\n","protected":false},"excerpt":{"rendered":"<p>El precandidato a gobernador bonaerense del FPV particip\u00f3 en la 61\u00b0 Falla Valenciana, en la que se quemaron mu\u00f1ecos alusivos a los fondos buitre. \u00abJam\u00e1s tomaremos medidas contra del pueblo argentino\u00bb, dijo.<\/p>\n","protected":false},"author":4,"featured_media":0,"comment_status":"open","ping_status":"open","sticky":false,"template":"","format":"standard","meta":{"_jetpack_newsletter_access":"","_jetpack_dont_email_post_to_subs":false,"_jetpack_newsletter_tier_id":0,"_jetpack_memberships_contains_paywalled_content":false,"_jetpack_memberships_contains_paid_content":false,"footnotes":""},"categories":[51],"tags":[],"class_list":["post-63698","post","type-post","status-publish","format-standard","hentry","category-politica"],"jetpack_shortlink":"https:\/\/wp.me\/p2JWE0-gzo","jetpack-related-posts":[{"id":48111,"url":"http:\/\/www.24baires.com\/?p=48111","url_meta":{"origin":63698,"position":0},"title":"Scioli, sobre los fondos buitre: \u00abTenemos que estar todos detr\u00e1s del Gobierno\u00bb","author":"GB","date":"16\/06\/2014","format":false,"excerpt":"El gobernador bonaerense respald\u00f3 al gobierno nacional, tras el fallo de la Corte Suprema norteamericana por los fondos buitre. El gobernador de la provincia de Buenos Aires, Daniel Scioli, pidi\u00f3 respaldar al Gobierno nacional, que conduce la presidenta, Cristina Fern\u00e1ndez de Kirchner, tras el fallo de la Corte Suprema de\u2026","rel":"","context":"En \u00abPol\u00edtica\u00bb","block_context":{"text":"Pol\u00edtica","link":"http:\/\/www.24baires.com\/?cat=51"},"img":{"alt_text":"scioli1","src":"https:\/\/i0.wp.com\/www.24baires.com\/wp-content\/uploads\/2013\/10\/scioli1.jpg?resize=350%2C200","width":350,"height":200},"classes":[]},{"id":63873,"url":"http:\/\/www.24baires.com\/?p=63873","url_meta":{"origin":63698,"position":1},"title":"Para Dom\u00ednguez, el rival del Frente para la Victoria es el liberalismo","author":"Grupo Sierra","date":"05\/04\/2015","format":false,"excerpt":"\u201cSeguimos sembrando la semilla de la ilusi\u00f3n y el futuro en la provincia\u201d, dijo el titular de la C\u00e1mara baja en un acto de campa\u00f1a en el Partido de la Costa. El presidente de la C\u00e1mara de Diputados y precandidato a gobernador bonaerense, Juli\u00e1n Dom\u00ednguez, asegur\u00f3 que \u201cmientras otros siembran\u2026","rel":"","context":"En \u00abPol\u00edtica\u00bb","block_context":{"text":"Pol\u00edtica","link":"http:\/\/www.24baires.com\/?cat=51"},"img":{"alt_text":"dominguez_julian","src":"https:\/\/i0.wp.com\/www.24baires.com\/wp-content\/uploads\/2013\/01\/dominguez_julian.jpg?resize=350%2C200","width":350,"height":200,"srcset":"https:\/\/i0.wp.com\/www.24baires.com\/wp-content\/uploads\/2013\/01\/dominguez_julian.jpg?resize=350%2C200 1x, https:\/\/i0.wp.com\/www.24baires.com\/wp-content\/uploads\/2013\/01\/dominguez_julian.jpg?resize=525%2C300 1.5x"},"classes":[]},{"id":54746,"url":"http:\/\/www.24baires.com\/?p=54746","url_meta":{"origin":63698,"position":2},"title":"Scioli quiere \u00abacompa\u00f1ar a Cristina\u00bb ante los fondos buitre","author":"Grupo Sierra","date":"03\/10\/2014","format":false,"excerpt":"El gobernador de la provincia de Buenos Aires, Daniel Scioli, plante\u00f3 hoy la necesidad de \"respaldar a La Presidenta en la batalla que est\u00e1 dando\" contra los fondos buitre \"para dejar a la Argentina desendeudada\". En el marco del Congreso de Infraestructura para la Producci\u00f3n, que se desarroll\u00f3 en el\u2026","rel":"","context":"En \u00abPol\u00edtica\u00bb","block_context":{"text":"Pol\u00edtica","link":"http:\/\/www.24baires.com\/?cat=51"},"img":{"alt_text":"Cristina y Scioli","src":"https:\/\/i0.wp.com\/www.24baires.com\/wp-content\/uploads\/2014\/03\/Cristina-y-Scioli.jpg?resize=350%2C200","width":350,"height":200,"srcset":"https:\/\/i0.wp.com\/www.24baires.com\/wp-content\/uploads\/2014\/03\/Cristina-y-Scioli.jpg?resize=350%2C200 1x, https:\/\/i0.wp.com\/www.24baires.com\/wp-content\/uploads\/2014\/03\/Cristina-y-Scioli.jpg?resize=525%2C300 1.5x"},"classes":[]},{"id":49460,"url":"http:\/\/www.24baires.com\/?p=49460","url_meta":{"origin":63698,"position":3},"title":"Capitanich dijo que el viernes contin\u00faa la reuni\u00f3n con el abogado designado por Griesa","author":"AF","date":"08\/07\/2014","format":false,"excerpt":"El jefe de Gabinete, Jorge Capitanich, confirm\u00f3 el encuentro de la delegaci\u00f3n encabezada por el ministro de Econom\u00eda, Axel Kicillof, con Daniel Pollack, para acercar posiciones con los fondos buitre. As\u00ed lo indic\u00f3 el funcionario en su habitual encuentro con la prensa en Casa de Gobierno, tras ratificar que luego\u2026","rel":"","context":"En \u00abEconom\u00eda\u00bb","block_context":{"text":"Econom\u00eda","link":"http:\/\/www.24baires.com\/?cat=45"},"img":{"alt_text":"capitanich 2","src":"https:\/\/i0.wp.com\/www.24baires.com\/wp-content\/uploads\/2013\/12\/capitanich-2.jpg?resize=350%2C200","width":350,"height":200,"srcset":"https:\/\/i0.wp.com\/www.24baires.com\/wp-content\/uploads\/2013\/12\/capitanich-2.jpg?resize=350%2C200 1x, https:\/\/i0.wp.com\/www.24baires.com\/wp-content\/uploads\/2013\/12\/capitanich-2.jpg?resize=525%2C300 1.5x"},"classes":[]},{"id":68954,"url":"http:\/\/www.24baires.com\/?p=68954","url_meta":{"origin":63698,"position":4},"title":"Kicillof: \u00abLos fondos buitre son un instrumento privatizado de presi\u00f3n\u00bb","author":"AF","date":"12\/07\/2015","format":false,"excerpt":"El ministro de Econom\u00eda y candidato a diputado nacional Axel Kicillof destac\u00f3 las pol\u00edticas de desendeudamiento desarrolladas por el gobierno nacional durante la \u00faltima d\u00e9cada y defini\u00f3 a los fondos buitre como \u201cun instrumento privatizado de presi\u00f3n sobre los pa\u00edses, lo que no nos puede hacer el FMI lo hacen\u2026","rel":"","context":"En \u00abEconom\u00eda\u00bb","block_context":{"text":"Econom\u00eda","link":"http:\/\/www.24baires.com\/?cat=45"},"img":{"alt_text":"kicillof","src":"https:\/\/i0.wp.com\/www.24baires.com\/wp-content\/uploads\/2014\/07\/kicillof.jpg?resize=350%2C200","width":350,"height":200,"srcset":"https:\/\/i0.wp.com\/www.24baires.com\/wp-content\/uploads\/2014\/07\/kicillof.jpg?resize=350%2C200 1x, https:\/\/i0.wp.com\/www.24baires.com\/wp-content\/uploads\/2014\/07\/kicillof.jpg?resize=525%2C300 1.5x"},"classes":[]},{"id":80767,"url":"http:\/\/www.24baires.com\/?p=80767","url_meta":{"origin":63698,"position":5},"title":"La saga de la deuda y un triste cap\u00edtulo que se escribe","author":"GB","date":"30\/03\/2016","format":false,"excerpt":"La propuesta PRO, que se ha vuelto la de tantas otras bancadas y aparentemente mayoritaria, es por completo entreguista, es una absoluta subordinaci\u00f3n del pa\u00eds, un hipotecar el futuro. Es derogar una serie de leyes referidas a la deuda externa y convalidar un preacuerdo con los buitres, con los holdouts,\u2026","rel":"","context":"En \u00abOpini\u00f3n\u00bb","block_context":{"text":"Opini\u00f3n","link":"http:\/\/www.24baires.com\/?cat=64"},"img":{"alt_text":"fondos buitre","src":"https:\/\/i0.wp.com\/www.24baires.com\/wp-content\/uploads\/2014\/08\/fondos-buitre.jpg?resize=350%2C200","width":350,"height":200,"srcset":"https:\/\/i0.wp.com\/www.24baires.com\/wp-content\/uploads\/2014\/08\/fondos-buitre.jpg?resize=350%2C200 1x, https:\/\/i0.wp.com\/www.24baires.com\/wp-content\/uploads\/2014\/08\/fondos-buitre.jpg?resize=525%2C300 1.5x"},"classes":[]}],"jetpack_sharing_enabled":true,"jetpack_likes_enabled":true,"jetpack_featured_media_url":"","_links":{"self":[{"href":"http:\/\/www.24baires.com\/index.php?rest_route=\/wp\/v2\/posts\/63698","targetHints":{"allow":["GET"]}}],"collection":[{"href":"http:\/\/www.24baires.com\/index.php?rest_route=\/wp\/v2\/posts"}],"about":[{"href":"http:\/\/www.24baires.com\/index.php?rest_route=\/wp\/v2\/types\/post"}],"author":[{"embeddable":true,"href":"http:\/\/www.24baires.com\/index.php?rest_route=\/wp\/v2\/users\/4"}],"replies":[{"embeddable":true,"href":"http:\/\/www.24baires.com\/index.php?rest_route=%2Fwp%2Fv2%2Fcomments&post=63698"}],"version-history":[{"count":1,"href":"http:\/\/www.24baires.com\/index.php?rest_route=\/wp\/v2\/posts\/63698\/revisions"}],"predecessor-version":[{"id":63700,"href":"http:\/\/www.24baires.com\/index.php?rest_route=\/wp\/v2\/posts\/63698\/revisions\/63700"}],"wp:attachment":[{"href":"http:\/\/www.24baires.com\/index.php?rest_route=%2Fwp%2Fv2%2Fmedia&parent=63698"}],"wp:term":[{"taxonomy":"category","embeddable":true,"href":"http:\/\/www.24baires.com\/index.php?rest_route=%2Fwp%2Fv2%2Fcategories&post=63698"},{"taxonomy":"post_tag","embeddable":true,"href":"http:\/\/www.24baires.com\/index.php?rest_route=%2Fwp%2Fv2%2Ftags&post=63698"}],"curies":[{"name":"wp","href":"https:\/\/api.w.org\/{rel}","templated":true}]}}