{"id":63670,"date":"2015-03-28T12:00:54","date_gmt":"2015-03-28T15:00:54","guid":{"rendered":"http:\/\/www.24baires.com\/?p=63670"},"modified":"2015-03-28T10:11:06","modified_gmt":"2015-03-28T13:11:06","slug":"la-cgt-oficialista-no-adhiere-al-paro-del-martes","status":"publish","type":"post","link":"http:\/\/www.24baires.com\/?p=63670","title":{"rendered":"La CGT oficialista no adhiere al paro del martes"},"content":{"rendered":"<p><img data-recalc-dims=\"1\" loading=\"lazy\" decoding=\"async\" class=\"alignleft size-full wp-image-3430\" src=\"https:\/\/i0.wp.com\/www.24baires.com\/wp-content\/uploads\/2012\/10\/cal%C3%B3.jpg?resize=382%2C224\" alt=\"cal\u00f3\" width=\"382\" height=\"224\" srcset=\"https:\/\/i0.wp.com\/www.24baires.com\/wp-content\/uploads\/2012\/10\/cal%C3%B3.jpg?w=382 382w, https:\/\/i0.wp.com\/www.24baires.com\/wp-content\/uploads\/2012\/10\/cal%C3%B3.jpg?resize=300%2C175 300w\" sizes=\"auto, (max-width: 382px) 100vw, 382px\" \/>El consejo directivo de la central obrera que lidera Antonio Cal\u00f3 decidi\u00f3 no sumarse a la medida de fuerza convocada por los gremios del transporte.<!--more--><\/p>\n<p>La conducci\u00f3n de esa central obrera sesion\u00f3 el viernes durante dos horas y media en el Sindicato de Peones de Taxis (SPT) de Omar Viviani y, la decisi\u00f3n, fue respaldada por \u00ablos dirigentes presentes\u00bb.<\/p>\n<p>\u00abCasi todos coincidieron en se\u00f1alar que no se duda de la legitimidad del reclamo por el impuesto a las ganancias pero, en la agenda propia, se prioriza la defensa de los puestos de trabajo y el combate al empleo en negro\u00bb, afirm\u00f3 el consejo directivo.<br \/>\nEl titular de la Federaci\u00f3n Argentina de Trabajadores de Luz y Fuerza (FATLYF), Guillermo Moser -quien hace pocos pocos meses venci\u00f3 en esa organizaci\u00f3n a Julio Ieraci y se integr\u00f3 a la conducci\u00f3n cegetista en reemplazo de Oscar Lescano-, sostuvo que ese sindicato tampoco adherir\u00e1 a la huelga del martes 31.<br \/>\nEn tanto, el titular de la CGT opositora, Hugo Moyano, se sum\u00f3 a la medida de fuerza de 24 horas para el pr\u00f3ximo martes, en todas las actividades, en reclamo de modificar el impuesto a las Ganancias, un aumento de emergencia a los jubilados, la inseguridad y la inflaci\u00f3n.<br \/>\nEl camionero reiter\u00f3 que \u00abel eje\u00bb del paro nacional, que coincidir\u00e1 con el dispuesto por los gremios del transporte, \u00abes Ganancias, pero tambi\u00e9n los dem\u00e1s reclamos como el aumento a jubilados, la seguridad y la inflaci\u00f3n\u00bb.<\/p>\n<p>Paralelamente, la CGT de Moyano prepara un plan de lucha que incluir\u00eda un paro nacional de 36 horas con movilizaci\u00f3n a la Plaza de Mayo y para ello convoc\u00f3 al Comit\u00e9 Central Confederal para el pr\u00f3ximo 15 de abril.<\/p>\n<p>&nbsp;<\/p>\n<p>&nbsp;<\/p>\n<p>&nbsp;<\/p>\n<p>&nbsp;<\/p>\n<p>&nbsp;<\/p>\n<p>&nbsp;<\/p>\n<p>&nbsp;<\/p>\n<p>&nbsp;<\/p>\n<p>&nbsp;<\/p>\n<p>&nbsp;<\/p>\n","protected":false},"excerpt":{"rendered":"<p>El consejo directivo de la central obrera que lidera Antonio Cal\u00f3 decidi\u00f3 no sumarse a la medida de fuerza convocada por los gremios del transporte.<\/p>\n","protected":false},"author":8,"featured_media":0,"comment_status":"open","ping_status":"open","sticky":false,"template":"","format":"standard","meta":{"_jetpack_newsletter_access":"","_jetpack_dont_email_post_to_subs":false,"_jetpack_newsletter_tier_id":0,"_jetpack_memberships_contains_paywalled_content":false,"_jetpack_memberships_contains_paid_content":false,"footnotes":""},"categories":[51],"tags":[],"class_list":["post-63670","post","type-post","status-publish","format-standard","hentry","category-politica"],"jetpack_shortlink":"https:\/\/wp.me\/p2JWE0-gyW","jetpack-related-posts":[{"id":100576,"url":"http:\/\/www.24baires.com\/?p=100576","url_meta":{"origin":63670,"position":0},"title":"Schmid admiti\u00f3 el quiebre en la conducci\u00f3n de la CGT","author":"AF","date":"16\/02\/2018","format":false,"excerpt":"El dirigente sindical y triunviro de la CGT sostuvo que \u201chay que barajar y dar de nuevo\" respecto a la conducci\u00f3n colegiada, aunque se\u00f1al\u00f3 que el hecho de que haya un solo secretario general no resolver\u00e1 las internas. \"Si tomamos decisiones en el colectivo y despu\u00e9s las desconocemos, estamos con\u2026","rel":"","context":"En \u00abLocales\u00bb","block_context":{"text":"Locales","link":"http:\/\/www.24baires.com\/?cat=38"},"img":{"alt_text":"","src":"https:\/\/i0.wp.com\/www.24baires.com\/wp-content\/uploads\/2017\/10\/reunion-cgt.jpg?resize=350%2C200","width":350,"height":200,"srcset":"https:\/\/i0.wp.com\/www.24baires.com\/wp-content\/uploads\/2017\/10\/reunion-cgt.jpg?resize=350%2C200 1x, https:\/\/i0.wp.com\/www.24baires.com\/wp-content\/uploads\/2017\/10\/reunion-cgt.jpg?resize=525%2C300 1.5x"},"classes":[]},{"id":101898,"url":"http:\/\/www.24baires.com\/?p=101898","url_meta":{"origin":63670,"position":1},"title":"La CGT exigi\u00f3 \u00abm\u00e1s y mejor trabajo\u00bb","author":"AF","date":"30\/04\/2018","format":false,"excerpt":"En v\u00edsperas del 1 de Mayo, la central obrera exigi\u00f3 \"la inclusi\u00f3n de los despose\u00eddos por la pobreza y la integraci\u00f3n de los desclasados por la desocupaci\u00f3n\". Adem\u00e1s reivindic\u00f3 la unidad del movimiento obrero contra las pol\u00edticas de ajuste de la alianza gobernante. El Consejo Directivo de la Confederaci\u00f3n General\u2026","rel":"","context":"En \u00abSociedad\u00bb","block_context":{"text":"Sociedad","link":"http:\/\/www.24baires.com\/?cat=1"},"img":{"alt_text":"","src":"https:\/\/i0.wp.com\/www.24baires.com\/wp-content\/uploads\/2018\/04\/cgt.jpg?resize=350%2C200","width":350,"height":200,"srcset":"https:\/\/i0.wp.com\/www.24baires.com\/wp-content\/uploads\/2018\/04\/cgt.jpg?resize=350%2C200 1x, https:\/\/i0.wp.com\/www.24baires.com\/wp-content\/uploads\/2018\/04\/cgt.jpg?resize=525%2C300 1.5x"},"classes":[]},{"id":95286,"url":"http:\/\/www.24baires.com\/?p=95286","url_meta":{"origin":63670,"position":2},"title":"La CGT anunci\u00f3 que reclamar\u00e1 un salario m\u00ednimo de 15 mil pesos","author":"AF","date":"19\/06\/2017","format":false,"excerpt":"Ese ser\u00e1 el reclamo que llevar\u00e1 los integrantes de la central obrera a la reuni\u00f3n del Consejo del Salario que se realizar\u00e1 la semana pr\u00f3xima. As\u00ed lo anticip\u00f3 el sindicalista y miembro del triunvirato Juan Carlos Smith. Juan Carlos Schmid, uno de los integrantes del triunvirato de conducci\u00f3n de la\u2026","rel":"","context":"En \u00abSociedad\u00bb","block_context":{"text":"Sociedad","link":"http:\/\/www.24baires.com\/?cat=1"},"img":{"alt_text":"","src":"https:\/\/i0.wp.com\/www.24baires.com\/wp-content\/uploads\/2016\/09\/cgt.jpg?resize=350%2C200","width":350,"height":200,"srcset":"https:\/\/i0.wp.com\/www.24baires.com\/wp-content\/uploads\/2016\/09\/cgt.jpg?resize=350%2C200 1x, https:\/\/i0.wp.com\/www.24baires.com\/wp-content\/uploads\/2016\/09\/cgt.jpg?resize=525%2C300 1.5x"},"classes":[]},{"id":111616,"url":"http:\/\/www.24baires.com\/?p=111616","url_meta":{"origin":63670,"position":3},"title":"Pese la fuerte devaluaci\u00f3n, la CGT asegur\u00f3 que no realizar\u00e1 paro","author":"GB","date":"14\/08\/2019","format":false,"excerpt":"El Consejo Directivo de la central obrera se reuni\u00f3 para evaluar la situaci\u00f3n en el marco de la crisis econ\u00f3mica. El consejo directivo de la CGT que lideran H\u00e9ctor Daer y Carlos Acu\u00f1a mantuvo un encuentro para analizar la situaci\u00f3n en el marco de la profunda devaluaci\u00f3n y confirmaron que\u2026","rel":"","context":"En \u00abPol\u00edtica\u00bb","block_context":{"text":"Pol\u00edtica","link":"http:\/\/www.24baires.com\/?cat=51"},"img":{"alt_text":"","src":"https:\/\/i0.wp.com\/www.24baires.com\/wp-content\/uploads\/2018\/09\/cgt-1.jpg?resize=350%2C200","width":350,"height":200,"srcset":"https:\/\/i0.wp.com\/www.24baires.com\/wp-content\/uploads\/2018\/09\/cgt-1.jpg?resize=350%2C200 1x, https:\/\/i0.wp.com\/www.24baires.com\/wp-content\/uploads\/2018\/09\/cgt-1.jpg?resize=525%2C300 1.5x"},"classes":[]},{"id":58104,"url":"http:\/\/www.24baires.com\/?p=58104","url_meta":{"origin":63670,"position":4},"title":"Paro de Moyano, un cl\u00e1sico de fin de a\u00f1o","author":"Grupo Sierra","date":"03\/12\/2014","format":false,"excerpt":"El gremio que conduce Hugo Moyano anunci\u00f3 un paro nacional de 24 horas, al que adhirieron gremios de transporte. Piden \"la eliminaci\u00f3n o modificaci\u00f3n de al\u00edcuotas y escalas del impuesto a las ganancias\". Luego de dos horas y media de deliberaciones, la conducci\u00f3n de la CGT Azopardo anunci\u00f3 la protesta\u2026","rel":"","context":"En \u00abPol\u00edtica\u00bb","block_context":{"text":"Pol\u00edtica","link":"http:\/\/www.24baires.com\/?cat=51"},"img":{"alt_text":"moyano massa","src":"https:\/\/i0.wp.com\/www.24baires.com\/wp-content\/uploads\/2013\/08\/moyano-massa.jpg?resize=350%2C200","width":350,"height":200,"srcset":"https:\/\/i0.wp.com\/www.24baires.com\/wp-content\/uploads\/2013\/08\/moyano-massa.jpg?resize=350%2C200 1x, https:\/\/i0.wp.com\/www.24baires.com\/wp-content\/uploads\/2013\/08\/moyano-massa.jpg?resize=525%2C300 1.5x"},"classes":[]},{"id":121042,"url":"http:\/\/www.24baires.com\/?p=121042","url_meta":{"origin":63670,"position":5},"title":"Moyano adelant\u00f3 que habr\u00e1 un gran paro general de la CGT","author":"GB","date":"28\/02\/2024","format":false,"excerpt":"El secretario de la central obrera, Pablo Moyano, afirm\u00f3 que frente a los ajustes permanentes de la administraci\u00f3n de Javier Milei habr\u00e1 un \u201cgran paro general\u201d . El secretario general de la CGT, Pablo Moyano, afirm\u00f3 que habr\u00e1 \u201cun gran paro general\u201d de la central obrera en rechazo al \u201crecorte\u2026","rel":"","context":"En \u00abPol\u00edtica\u00bb","block_context":{"text":"Pol\u00edtica","link":"http:\/\/www.24baires.com\/?cat=51"},"img":{"alt_text":"","src":"https:\/\/i0.wp.com\/www.24baires.com\/wp-content\/uploads\/2018\/10\/pablo-moyano.jpg?resize=350%2C200","width":350,"height":200,"srcset":"https:\/\/i0.wp.com\/www.24baires.com\/wp-content\/uploads\/2018\/10\/pablo-moyano.jpg?resize=350%2C200 1x, https:\/\/i0.wp.com\/www.24baires.com\/wp-content\/uploads\/2018\/10\/pablo-moyano.jpg?resize=525%2C300 1.5x, https:\/\/i0.wp.com\/www.24baires.com\/wp-content\/uploads\/2018\/10\/pablo-moyano.jpg?resize=700%2C400 2x"},"classes":[]}],"jetpack_sharing_enabled":true,"jetpack_likes_enabled":true,"jetpack_featured_media_url":"","_links":{"self":[{"href":"http:\/\/www.24baires.com\/index.php?rest_route=\/wp\/v2\/posts\/63670","targetHints":{"allow":["GET"]}}],"collection":[{"href":"http:\/\/www.24baires.com\/index.php?rest_route=\/wp\/v2\/posts"}],"about":[{"href":"http:\/\/www.24baires.com\/index.php?rest_route=\/wp\/v2\/types\/post"}],"author":[{"embeddable":true,"href":"http:\/\/www.24baires.com\/index.php?rest_route=\/wp\/v2\/users\/8"}],"replies":[{"embeddable":true,"href":"http:\/\/www.24baires.com\/index.php?rest_route=%2Fwp%2Fv2%2Fcomments&post=63670"}],"version-history":[{"count":1,"href":"http:\/\/www.24baires.com\/index.php?rest_route=\/wp\/v2\/posts\/63670\/revisions"}],"predecessor-version":[{"id":63671,"href":"http:\/\/www.24baires.com\/index.php?rest_route=\/wp\/v2\/posts\/63670\/revisions\/63671"}],"wp:attachment":[{"href":"http:\/\/www.24baires.com\/index.php?rest_route=%2Fwp%2Fv2%2Fmedia&parent=63670"}],"wp:term":[{"taxonomy":"category","embeddable":true,"href":"http:\/\/www.24baires.com\/index.php?rest_route=%2Fwp%2Fv2%2Fcategories&post=63670"},{"taxonomy":"post_tag","embeddable":true,"href":"http:\/\/www.24baires.com\/index.php?rest_route=%2Fwp%2Fv2%2Ftags&post=63670"}],"curies":[{"name":"wp","href":"https:\/\/api.w.org\/{rel}","templated":true}]}}