{"id":63660,"date":"2015-03-27T19:30:11","date_gmt":"2015-03-27T22:30:11","guid":{"rendered":"http:\/\/www.24baires.com\/?p=63660"},"modified":"2015-03-27T19:21:51","modified_gmt":"2015-03-27T22:21:51","slug":"massa-postergo-la-definicion-de-sus-precandidatos-bonaerenses","status":"publish","type":"post","link":"http:\/\/www.24baires.com\/?p=63660","title":{"rendered":"Massa posterg\u00f3 la definici\u00f3n de sus precandidatos bonaerenses"},"content":{"rendered":"<p><img data-recalc-dims=\"1\" loading=\"lazy\" decoding=\"async\" class=\"aligncenter size-full wp-image-26900\" src=\"https:\/\/i0.wp.com\/www.24baires.com\/wp-content\/uploads\/2013\/06\/massa-otra.jpg?resize=560%2C320\" alt=\"massa otra\" width=\"560\" height=\"320\" srcset=\"https:\/\/i0.wp.com\/www.24baires.com\/wp-content\/uploads\/2013\/06\/massa-otra.jpg?w=560 560w, https:\/\/i0.wp.com\/www.24baires.com\/wp-content\/uploads\/2013\/06\/massa-otra.jpg?resize=300%2C171 300w\" sizes=\"auto, (max-width: 560px) 100vw, 560px\" \/>La reuni\u00f3n de este s\u00e1bado, de la que iban a salir \u00abs\u00f3lo 2 o 3 nombres\u00bb para disputar la candidatura bonaerense, servir\u00e1 para formar un \u00abcomando\u00bb que tendr\u00e1 un mes m\u00e1s para definir la estrategia electoral.<!--more--><\/p>\n<p>En medio de una fuerte disputa interna y amenazas de portazos, el l\u00edder del Frente Renovador Sergio Massa decidi\u00f3 postergar la definici\u00f3n de los nombres que competir\u00e1n en las Primarias Abiertas, Simult\u00e1neas y Obligatorias (PASO) dentro de ese espacio por la candidatura a la gobernaci\u00f3n de la provincia de Buenos Aires.<\/p>\n<p>El c\u00f3nclave que se iba a realizar ma\u00f1ana y del cual, tal como el propio Massa hab\u00eda anticipado, iban a salir \u00abdos o tres nombres, no m\u00e1s que eso\u00bb para competir por la gobernaci\u00f3n bonaerense dentro del Frente Renovador, servir\u00e1 apenas para dar forma al \u00abComando Provincia de Buenos Aires\u00bb.<\/p>\n<p>Dicho comando estar\u00e1 integrado por 15 miembros del Frente Renovador y ser\u00e1 presentado este s\u00e1bado en luego de la reuni\u00f3n que los referentes del espacio mantendr\u00e1n en Villa Ballester.<\/p>\n<p>As\u00ed, la definici\u00f3n de los precandidatos bonaerenses del massismo qued\u00f3 postergada para m\u00e1s adelante al tiempo que el jefe pol\u00edtico de esa fuerza esquiv\u00f3 la responsabilidad de tener que contrariar a algunos de quienes lo respaldaron desde la formaci\u00f3n misma del Frente Renovador. Ser\u00e1 el \u00abComando Provincia de Buenos Aires\u00bb el encargado de la aprobaci\u00f3n de las f\u00f3rmulas bonaerenses para lo cual dispondr\u00e1 de hasta un mes de tiempo para pronunciarse. Se dispuso adem\u00e1s que las candidaturas distritales deb\u00e1n contar con la firma de la mitad m\u00e1s uno de los miembros de la Mesa.<\/p>\n<p>De esa manera, el referente del Frente Renovador intenta poner pa\u00f1os fr\u00edos en la dura discusi\u00f3n interna en la que aspirantes a la gobernaci\u00f3n como Felipe Sol\u00e1, M\u00f3nica L\u00f3pez y Jes\u00fas Cariglino amenazaron con un esc\u00e1ndalo e incluso con abandonar el partido si se decid\u00eda que los \u00fanicos postulantes fueran Francisco de Narv\u00e1ez y Dar\u00edo Giustozzi.<\/p>\n<p>Si bien los integrantes del Comando terminar\u00e1n de ser definidos el pr\u00f3ximo s\u00e1bado, se da por descontado que entre ellos estar\u00e1n el diputado nacional Facundo Moyano; el intendente de San Mart\u00edn, Gabriel Katopodis; el diputado bonaerense Ramiro Guti\u00e9rrez; el economista Aldo Pignanelli; y el senador provincial, Patricio Hoggan.<\/p>\n<p>Durante el encuentro que comenzar\u00e1 a las 11 en el Club Alem\u00e1n de Villa Ballester se crear\u00e1 adem\u00e1s una Mesa Provincial que estar\u00e1 compuesta por ocho miembros de la primera secci\u00f3n electoral, dos miembros de la tercera secci\u00f3n electoral, y 5 miembros por cada secci\u00f3n del interior.<\/p>\n<p>Asimismo se elaborar\u00e1 un \u00abdocumento pol\u00edtico\u00bb que plantear\u00e1 \u00ablas cinco pol\u00edticas p\u00fablicas\u00bb de la candidatura de Massa, y \u00ablas diez pol\u00edticas\u00bb con las que \u00abse deben comprometer los legisladores y gobernadores con intendentes\u00bb.<\/p>\n<p>&nbsp;<\/p>\n<p>&nbsp;<\/p>\n<p>&nbsp;<\/p>\n<p>&nbsp;<\/p>\n<p>&nbsp;<\/p>\n<p>&nbsp;<\/p>\n<p>&nbsp;<\/p>\n<p>&nbsp;<\/p>\n<p>&nbsp;<\/p>\n<p>&nbsp;<\/p>\n<p>&nbsp;<\/p>\n<p>&nbsp;<\/p>\n","protected":false},"excerpt":{"rendered":"<p>La reuni\u00f3n de este s\u00e1bado, de la que iban a salir \u00abs\u00f3lo 2 o 3 nombres\u00bb para disputar la candidatura bonaerense, servir\u00e1 para formar un \u00abcomando\u00bb que tendr\u00e1 un mes m\u00e1s para definir la estrategia electoral.<\/p>\n","protected":false},"author":8,"featured_media":0,"comment_status":"open","ping_status":"open","sticky":false,"template":"","format":"standard","meta":{"_jetpack_newsletter_access":"","_jetpack_dont_email_post_to_subs":false,"_jetpack_newsletter_tier_id":0,"_jetpack_memberships_contains_paywalled_content":false,"_jetpack_memberships_contains_paid_content":false,"footnotes":""},"categories":[51],"tags":[],"class_list":["post-63660","post","type-post","status-publish","format-standard","hentry","category-politica"],"jetpack_shortlink":"https:\/\/wp.me\/p2JWE0-gyM","jetpack-related-posts":[{"id":108487,"url":"http:\/\/www.24baires.com\/?p=108487","url_meta":{"origin":63660,"position":0},"title":"El massismo define si avanza en un frente con el kirchnerismo","author":"GB","date":"30\/05\/2019","format":false,"excerpt":"El Frente Renovador bonaerense realizar\u00e1 este jueves su congreso partidario para definir el futuro del partido de cara a las elecciones. El tema central de la cumbre en Parque Norte ser\u00e1 la posibilidad de avanzar en un frente com\u00fan con el kirchnerismo y el PJ bonaerense. El congreso de los\u2026","rel":"","context":"En \u00abPol\u00edtica\u00bb","block_context":{"text":"Pol\u00edtica","link":"http:\/\/www.24baires.com\/?cat=51"},"img":{"alt_text":"","src":"https:\/\/i0.wp.com\/www.24baires.com\/wp-content\/uploads\/2019\/05\/alternativa-federal.jpg?resize=350%2C200","width":350,"height":200,"srcset":"https:\/\/i0.wp.com\/www.24baires.com\/wp-content\/uploads\/2019\/05\/alternativa-federal.jpg?resize=350%2C200 1x, https:\/\/i0.wp.com\/www.24baires.com\/wp-content\/uploads\/2019\/05\/alternativa-federal.jpg?resize=525%2C300 1.5x"},"classes":[]},{"id":108380,"url":"http:\/\/www.24baires.com\/?p=108380","url_meta":{"origin":63660,"position":1},"title":"Reuni\u00f3n de Alberto Fern\u00e1ndez con intendentes del PJ bonaerense","author":"AF","date":"24\/05\/2019","format":false,"excerpt":"El precandidato presidencial Alberto Fern\u00e1ndez se reuni\u00f3 este mediod\u00eda con intendentes y legisladores peronistas en la localidad de San Antonio de Areco con la mirada puesta en recuperar los votos perdidos por el kirchnerismo en el interior rural bonaerense y continuar el debate respecto de la candidatura para gobernador. \"El\u2026","rel":"","context":"En \u00abPol\u00edtica\u00bb","block_context":{"text":"Pol\u00edtica","link":"http:\/\/www.24baires.com\/?cat=51"},"img":{"alt_text":"","src":"https:\/\/i0.wp.com\/www.24baires.com\/wp-content\/uploads\/2019\/05\/alberto-fernandez-intendentes-bonaerenses.jpg?resize=350%2C200","width":350,"height":200,"srcset":"https:\/\/i0.wp.com\/www.24baires.com\/wp-content\/uploads\/2019\/05\/alberto-fernandez-intendentes-bonaerenses.jpg?resize=350%2C200 1x, https:\/\/i0.wp.com\/www.24baires.com\/wp-content\/uploads\/2019\/05\/alberto-fernandez-intendentes-bonaerenses.jpg?resize=525%2C300 1.5x"},"classes":[]},{"id":67157,"url":"http:\/\/www.24baires.com\/?p=67157","url_meta":{"origin":63660,"position":2},"title":"Tras la baja de De Narv\u00e1ez, M\u00f3nica L\u00f3pez ratific\u00f3 su candidatura a la gobernaci\u00f3n","author":"AF","date":"06\/06\/2015","format":false,"excerpt":"\u00a0La diputada M\u00f3nica L\u00f3pez ratific\u00f3 su candidatura a la gobernaci\u00f3n bonaerense, luego que Francisco De Narv\u00e1ez anunciara que abandon\u00f3 la carrera electoral. La legisladora del Frente Renovador tambi\u00e9n enfatiz\u00f3 que \u201cSergio Massa es el \u00fanico que est\u00e1 preparado para ser el pr\u00f3ximo presidente de nuestro pa\u00eds\u201d. \u201cCuando asumimos el compromiso\u2026","rel":"","context":"En \u00abElecciones 2015\u00bb","block_context":{"text":"Elecciones 2015","link":"http:\/\/www.24baires.com\/?cat=74"},"img":{"alt_text":"","src":"","width":0,"height":0},"classes":[]},{"id":67130,"url":"http:\/\/www.24baires.com\/?p=67130","url_meta":{"origin":63660,"position":3},"title":"De Narv\u00e1ez baj\u00f3 su candidatura a la gobernaci\u00f3n de Buenos Aires","author":"GB","date":"05\/06\/2015","format":false,"excerpt":"El precandidato a gobernador bonaerense por el Frente Renovador, Francisco de Narv\u00e1ez, anunci\u00f3 que da un paso al costado y volvi\u00f3 a pedir que Massa y Macri \"se pongan de acuerdo para derrotar al kirchnerismo\". El precandidato a gobernador bonaerense por el Frente Renovador, Francisco de Narv\u00e1ez, anunci\u00f3 que da\u2026","rel":"","context":"En \u00abElecciones 2015\u00bb","block_context":{"text":"Elecciones 2015","link":"http:\/\/www.24baires.com\/?cat=74"},"img":{"alt_text":"de narv\u00e1ez2","src":"https:\/\/i0.wp.com\/www.24baires.com\/wp-content\/uploads\/2013\/05\/de-narv%C3%A1ez2.jpg?resize=350%2C200","width":350,"height":200,"srcset":"https:\/\/i0.wp.com\/www.24baires.com\/wp-content\/uploads\/2013\/05\/de-narv%C3%A1ez2.jpg?resize=350%2C200 1x, https:\/\/i0.wp.com\/www.24baires.com\/wp-content\/uploads\/2013\/05\/de-narv%C3%A1ez2.jpg?resize=525%2C300 1.5x"},"classes":[]},{"id":110772,"url":"http:\/\/www.24baires.com\/?p=110772","url_meta":{"origin":63660,"position":4},"title":"Alberto Fern\u00e1ndez y Sergio Massa presentaron la nueva coalici\u00f3n","author":"AF","date":"12\/06\/2019","format":false,"excerpt":"Despu\u00e9s de varios d\u00edas de suspenso finalmente se conform\u00f3 el Frente de Todos que unifica al Partido Justicialista, Unidad Ciudadana y el Frente Renovador, adem\u00e1s de decenas de fuerzas y partidos de menor envergadura. Como carta de presentaci\u00f3n, dieron a conocer un comunicado junto con la foto que muestra a\u2026","rel":"","context":"En \u00abPol\u00edtica\u00bb","block_context":{"text":"Pol\u00edtica","link":"http:\/\/www.24baires.com\/?cat=51"},"img":{"alt_text":"","src":"https:\/\/i0.wp.com\/www.24baires.com\/wp-content\/uploads\/2019\/06\/massa-fern%C3%A1ndez.jpg?resize=350%2C200","width":350,"height":200,"srcset":"https:\/\/i0.wp.com\/www.24baires.com\/wp-content\/uploads\/2019\/06\/massa-fern%C3%A1ndez.jpg?resize=350%2C200 1x, https:\/\/i0.wp.com\/www.24baires.com\/wp-content\/uploads\/2019\/06\/massa-fern%C3%A1ndez.jpg?resize=525%2C300 1.5x"},"classes":[]},{"id":9343,"url":"http:\/\/www.24baires.com\/?p=9343","url_meta":{"origin":63660,"position":5},"title":"Para Massa todav\u00eda no es momento de \u00abdiscutir candidaturas y alianzas pol\u00edticas\u00bb","author":"Grupo Sierra","date":"16\/12\/2012","format":false,"excerpt":"As\u00ed lo manifest\u00f3 el Intendente de Tigre al ser consultado sobre una eventual postulaci\u00f3n para la gobernaci\u00f3n de la provincia de Buenos Aires. El ex jefe de Gabinete nacional admiti\u00f3 que \u201clos n\u00fameros de las encuestas\u201d lo hacen \u201cso\u00f1ar\u201d. No obstante, critic\u00f3 la especulaci\u00f3n pol\u00edtica.\u00a0 El intendente de la localidad\u2026","rel":"","context":"En \u00abPol\u00edtica\u00bb","block_context":{"text":"Pol\u00edtica","link":"http:\/\/www.24baires.com\/?cat=51"},"img":{"alt_text":"","src":"https:\/\/i0.wp.com\/www.24baires.com\/wp-content\/uploads\/2012\/12\/massa-candidaturas.jpg?resize=350%2C200","width":350,"height":200,"srcset":"https:\/\/i0.wp.com\/www.24baires.com\/wp-content\/uploads\/2012\/12\/massa-candidaturas.jpg?resize=350%2C200 1x, https:\/\/i0.wp.com\/www.24baires.com\/wp-content\/uploads\/2012\/12\/massa-candidaturas.jpg?resize=525%2C300 1.5x"},"classes":[]}],"jetpack_sharing_enabled":true,"jetpack_likes_enabled":true,"jetpack_featured_media_url":"","_links":{"self":[{"href":"http:\/\/www.24baires.com\/index.php?rest_route=\/wp\/v2\/posts\/63660","targetHints":{"allow":["GET"]}}],"collection":[{"href":"http:\/\/www.24baires.com\/index.php?rest_route=\/wp\/v2\/posts"}],"about":[{"href":"http:\/\/www.24baires.com\/index.php?rest_route=\/wp\/v2\/types\/post"}],"author":[{"embeddable":true,"href":"http:\/\/www.24baires.com\/index.php?rest_route=\/wp\/v2\/users\/8"}],"replies":[{"embeddable":true,"href":"http:\/\/www.24baires.com\/index.php?rest_route=%2Fwp%2Fv2%2Fcomments&post=63660"}],"version-history":[{"count":1,"href":"http:\/\/www.24baires.com\/index.php?rest_route=\/wp\/v2\/posts\/63660\/revisions"}],"predecessor-version":[{"id":63661,"href":"http:\/\/www.24baires.com\/index.php?rest_route=\/wp\/v2\/posts\/63660\/revisions\/63661"}],"wp:attachment":[{"href":"http:\/\/www.24baires.com\/index.php?rest_route=%2Fwp%2Fv2%2Fmedia&parent=63660"}],"wp:term":[{"taxonomy":"category","embeddable":true,"href":"http:\/\/www.24baires.com\/index.php?rest_route=%2Fwp%2Fv2%2Fcategories&post=63660"},{"taxonomy":"post_tag","embeddable":true,"href":"http:\/\/www.24baires.com\/index.php?rest_route=%2Fwp%2Fv2%2Ftags&post=63660"}],"curies":[{"name":"wp","href":"https:\/\/api.w.org\/{rel}","templated":true}]}}