{"id":63641,"date":"2015-03-27T14:00:44","date_gmt":"2015-03-27T17:00:44","guid":{"rendered":"http:\/\/www.24baires.com\/?p=63641"},"modified":"2015-03-27T13:59:52","modified_gmt":"2015-03-27T16:59:52","slug":"el-mayor-legado-que-nos-deja-cristina-es-la-autonomia-de-la-politica-sobre-las-corporaciones","status":"publish","type":"post","link":"http:\/\/www.24baires.com\/?p=63641","title":{"rendered":"\u00abEl mayor legado que nos deja Cristina es la autonom\u00eda de la pol\u00edtica sobre las corporaciones\u00bb"},"content":{"rendered":"<p><img data-recalc-dims=\"1\" loading=\"lazy\" decoding=\"async\" src=\"https:\/\/i0.wp.com\/www.24baires.com\/wp-content\/uploads\/2015\/03\/randazzo1.jpg?resize=510%2C339\" alt=\"randazzo\" width=\"510\" height=\"339\" class=\"aligncenter size-full wp-image-63642\" srcset=\"https:\/\/i0.wp.com\/www.24baires.com\/wp-content\/uploads\/2015\/03\/randazzo1.jpg?w=510 510w, https:\/\/i0.wp.com\/www.24baires.com\/wp-content\/uploads\/2015\/03\/randazzo1.jpg?resize=300%2C199 300w\" sizes=\"auto, (max-width: 510px) 100vw, 510px\" \/>El ministro y precandidato presidencial Florencio Ranzazzo se refiri\u00f3 de esta manera en un acto que comparti\u00f3 con el Secretario General de la Presidencia, Eduardo de Pedro, en Mercedes, al anunciar la puesta en valor de una vieja estaci\u00f3n del ferrocarril Belgrano Norte.<!--more--><\/p>\n<p>El ministro de Interior y Transporte  asegur\u00f3 que \u00abel mayor legado\u00bb que deja la Presidenta ser\u00e1 \u00abla autonom\u00eda de la pol\u00edtica por encima de cualquier corporaci\u00f3n econ\u00f3mica y pensando siempre en el inter\u00e9s de la mayor\u00eda\u00bb, al anunciar en Mercedes la puesta en valor de una vieja estaci\u00f3n del ferrocarril Belgrano Norte.<\/p>\n<p>\u00abLa recuperaci\u00f3n de los trenes es una decisi\u00f3n de nuestra Presidenta -dijo Randazzo-, que nos dejar\u00e1 como mayor legado la autonom\u00eda de la pol\u00edtica por encima de cualquier corporaci\u00f3n econ\u00f3mica. Estamos reparando los errores que se cometieron en los \u00faltimos 60 a\u00f1os con el sistema ferroviario\u00bb.<\/p>\n<p>Randazzo estuvo en Mercedes acompa\u00f1ado por el secretario general de la Presidencia, Eduardo &#8216;Wado&#8217; de Pedro (vecino de la ciudad); el diputado provincial Alberto Espa\u00f1a; el intendente local, Carlos Selva; el presidente del bloque de concejales del Frente para la Victoria, Juan Ignacio Ustarroz; y el presidente de la ADIF, Ariel Franetovich, entre otras autoridades provinciales y municipales.<\/p>\n<p>Las obras anunciadas consisten en la recuperaci\u00f3n y puesta en valor de la vieja estaci\u00f3n del ramal Belgrano Norte de Mercedes (conocida como &#8216;La Trocha&#8217;), los dos galpones del predio y las seis hect\u00e1reas que rodean el edificio. Los trabajos, enfatiz\u00f3 Randazzo, conservar\u00e1n toda la infraestructura ferroviaria.<\/p>\n<p>Durante a\u00f1os, el predio de La Trocha estuvo abandonado y el edificio, apenas sostenido por el esfuerzo de una radio local y la Asociaci\u00f3n Amigos del Belgrano Norte.<\/p>\n<p>\u00abMercedes tiene una gran historia ferroviaria -record\u00f3 el ministro-, y como a muchas otras ciudades de nuestra Argentina le hab\u00edan robado parte de su historia en aquella \u00e9poca en que se dec\u00eda &#8216;ramal que para, ramal que cierra&#8217;. Nosotros ahora decimos lo contrario: &#8216;ramal que abre, ramal que no cierra nunca m\u00e1s&#8217;, porque la decadencia de la Argentina estuvo vinculada a la decadencia del ferrocarril\u00bb.<\/p>\n<p>\u00abNo hay posibilidad de un desarrollo estrat\u00e9gico de crecimiento sin el tren. La ecuaci\u00f3n econ\u00f3mica de los 90&#8242; no entendi\u00f3 que el tren era mucho m\u00e1s que un medio de transporte\u00bb, agreg\u00f3 Randazzo.<\/p>\n<p>El ministro celebr\u00f3 la decisi\u00f3n de volver a estatizar los ferrocarriles argentinos: \u00abHemos iniciado un proceso de recuperaci\u00f3n definitiva del transporte ferroviario\u00bb, dijo.<\/p>\n<p>\u00abEs muy importante entender la importancia que tiene el transporte p\u00fablico, porque lo usan los que m\u00e1s lo necesitan. La recuperaci\u00f3n del tren es parte de un proyecto pol\u00edtico inclusivo, que piensa en lo que menos tienen. Por eso -insisti\u00f3-, ese es el mayor legado que nos deja la Presidenta: la pol\u00edtica por encima de las corporaciones y pensando siempre en la inclusi\u00f3n, en las mayor\u00edas\u00bb.<\/p>\n<p>Por su parte, De Pedro agradeci\u00f3 la visita de Randazzo \u00abvecino de Chivilcoy, que tiene la misi\u00f3n encargada por la presidenta Cristina Fern\u00e1ndez de Kirchner de llevar adelante la renovaci\u00f3n integral del sistema ferroviario que le va a dar mucha felicidad a millones de argentinos\u00bb.<\/p>\n<p>\u00abTambi\u00e9n, con esa renovaci\u00f3n de estaciones viene la renovaci\u00f3n cultural y volver a sentir la tradici\u00f3n ferroviaria que tenemos los argentinos y en particular los mercedinos, que contamos con esta hermosa estaci\u00f3n, fundada en 1908 -agreg\u00f3-. A inicios de la d\u00e9cada del 90 fueron expulsados los \u00faltimos trabajadores de esta estaci\u00f3n, empujados a la desocupaci\u00f3n millones de argentinos, empujados por un sistema de exclusi\u00f3n al que no le importaba la gente\u00bb.<\/p>\n<p>\u00abHasta que llegaron N\u00e9stor Kirchner y Cristina, que empezaron un proyecto de inclusi\u00f3n, de recuperaci\u00f3n, a favor de la industria nacional que tiene como eje central a los trabajadores argentinos. Por eso, recuperar esta estaci\u00f3n, el espacio verde, tiene que ver con la continuidad de un proyecto que recuper\u00f3 la dignidad de todos los argentinos, trabajadores, comerciantes y empresarios. Volvemos a sentir que tenemos pueblo, que tenemos Patria\u00bb, cerr\u00f3.<\/p>\n<p>Randazzo, adem\u00e1s, recorri\u00f3 los puestos m\u00f3viles que llegaron hace diez d\u00edas a la ciudad y las terminales de renovaci\u00f3n de DNI y pasaporte instaladas en las oficinas de la ANSES: la UDAI local ofrece el servicio tras un convenio con el Registro Nacional de las Personas, dependiente del Ministerio del Interior y Transporte.<\/p>\n","protected":false},"excerpt":{"rendered":"<p>El ministro y precandidato presidencial Florencio Ranzazzo se refiri\u00f3 de esta manera en un acto que comparti\u00f3 con el Secretario General de la Presidencia, Eduardo de Pedro, en Mercedes, al anunciar la puesta en valor de una vieja estaci\u00f3n del ferrocarril Belgrano Norte.<\/p>\n","protected":false},"author":4,"featured_media":0,"comment_status":"open","ping_status":"open","sticky":false,"template":"","format":"standard","meta":{"_jetpack_newsletter_access":"","_jetpack_dont_email_post_to_subs":false,"_jetpack_newsletter_tier_id":0,"_jetpack_memberships_contains_paywalled_content":false,"_jetpack_memberships_contains_paid_content":false,"footnotes":""},"categories":[51],"tags":[],"class_list":["post-63641","post","type-post","status-publish","format-standard","hentry","category-politica"],"jetpack_shortlink":"https:\/\/wp.me\/p2JWE0-gyt","jetpack-related-posts":[{"id":116025,"url":"http:\/\/www.24baires.com\/?p=116025","url_meta":{"origin":63641,"position":0},"title":"Fern\u00e1ndez asegura que el Gobierno nacional est\u00e1 dando \u00abotro paso\u00bb despu\u00e9s \u00abde dos pandemias\u00bb","author":"AF","date":"21\/08\/2020","format":false,"excerpt":"El Presidente anunci\u00f3 obras de infraestructura para los partidos bonaerenses de San Fernando, Escobar y Malvinas Argentinas, por una inversi\u00f3n de casi 2.600 millones de pesos. El presidente Alberto Fern\u00e1ndez present\u00f3 como \"otro paso\" para \"poner de pie a la Argentina\" las mejoras en el servicio de Ferrocarriles que hoy\u2026","rel":"","context":"En \u00abPol\u00edtica\u00bb","block_context":{"text":"Pol\u00edtica","link":"http:\/\/www.24baires.com\/?cat=51"},"img":{"alt_text":"","src":"https:\/\/i0.wp.com\/www.24baires.com\/wp-content\/uploads\/2020\/08\/alberto-fern%C3%A1ndez.jpg?resize=350%2C200","width":350,"height":200,"srcset":"https:\/\/i0.wp.com\/www.24baires.com\/wp-content\/uploads\/2020\/08\/alberto-fern%C3%A1ndez.jpg?resize=350%2C200 1x, https:\/\/i0.wp.com\/www.24baires.com\/wp-content\/uploads\/2020\/08\/alberto-fern%C3%A1ndez.jpg?resize=525%2C300 1.5x"},"classes":[]},{"id":66471,"url":"http:\/\/www.24baires.com\/?p=66471","url_meta":{"origin":63641,"position":1},"title":"Destinar\u00e1n 9.000 millones de pesos para mejorar la infraestructura ferroviaria","author":"AF","date":"25\/05\/2015","format":false,"excerpt":"Estos fondos se destinar\u00e1n al Belgrano Cargas, a los ramales metropolitanos Roca, San Mart\u00edn, Mitre, Sarmiento, Belgrano Norte y Sur; y a los corredores Buenos Aires-Rosario y Buenos Aires-Mar del Plata. La empresa Administraci\u00f3n de Infraestructuras Ferroviarias Sociedad del Estado (ADIF) invertir\u00e1 este a\u00f1o casi 9 mil millones de pesos\u2026","rel":"","context":"En \u00abLocales\u00bb","block_context":{"text":"Locales","link":"http:\/\/www.24baires.com\/?cat=38"},"img":{"alt_text":"","src":"","width":0,"height":0},"classes":[]},{"id":103574,"url":"http:\/\/www.24baires.com\/?p=103574","url_meta":{"origin":63641,"position":2},"title":"Dietrich anunci\u00f3 un nuevo tarifazo en el transporte","author":"AF","date":"27\/07\/2018","format":false,"excerpt":"Los colectivos subir\u00e1n un peso por mes hasta octubre y los trenes 0,75. El ministro apel\u00f3 a una de las muletillas favoritas de Cambiemos: \"Si hubiese otra alternativa, con el Presidente, no tengan dudas de que la elegir\u00edamos\". El ministro de Transporte, Guillermo Dietrich, anunci\u00f3 esta tarde un nuevo incremento\u2026","rel":"","context":"En \u00abSociedad\u00bb","block_context":{"text":"Sociedad","link":"http:\/\/www.24baires.com\/?cat=1"},"img":{"alt_text":"","src":"https:\/\/i0.wp.com\/www.24baires.com\/wp-content\/uploads\/2016\/03\/dietrich.jpg?resize=350%2C200","width":350,"height":200,"srcset":"https:\/\/i0.wp.com\/www.24baires.com\/wp-content\/uploads\/2016\/03\/dietrich.jpg?resize=350%2C200 1x, https:\/\/i0.wp.com\/www.24baires.com\/wp-content\/uploads\/2016\/03\/dietrich.jpg?resize=525%2C300 1.5x"},"classes":[]},{"id":61683,"url":"http:\/\/www.24baires.com\/?p=61683","url_meta":{"origin":63641,"position":3},"title":"Randazzo: \u00abMe siento respaldado por la Presidenta\u00bb","author":"Grupo Sierra","date":"12\/02\/2015","format":false,"excerpt":"El ministro del Interior y Transporte, Florencio Randazzo, afirm\u00f3 hoy que \u201cno solo que me siento respaldado, sino que soy parte de este proyecto y adhiero con enorme convicci\u00f3n a todas las pol\u00edticas. Y sobre todo a darle autonom\u00eda a la pol\u00edtica por encima de cualquier corporaci\u00f3n econ\u00f3mica y medi\u00e1tica,\u2026","rel":"","context":"En \u00abPol\u00edtica\u00bb","block_context":{"text":"Pol\u00edtica","link":"http:\/\/www.24baires.com\/?cat=51"},"img":{"alt_text":"","src":"https:\/\/i0.wp.com\/www.24baires.com\/wp-content\/uploads\/2015\/02\/randazzo.jpg?resize=350%2C200","width":350,"height":200,"srcset":"https:\/\/i0.wp.com\/www.24baires.com\/wp-content\/uploads\/2015\/02\/randazzo.jpg?resize=350%2C200 1x, https:\/\/i0.wp.com\/www.24baires.com\/wp-content\/uploads\/2015\/02\/randazzo.jpg?resize=525%2C300 1.5x"},"classes":[]},{"id":240,"url":"http:\/\/www.24baires.com\/?p=240","url_meta":{"origin":63641,"position":4},"title":"\u201cEl legado de Belgrano est\u00e1 vivo en cada decisi\u00f3n pol\u00edtica de Cristina a favor del pueblo\u201d","author":"Grupo Sierra","date":"24\/09\/2012","format":false,"excerpt":"El titular de la C\u00e1mara de Diputados, Juli\u00e1n Dom\u00ednguez, se refiri\u00f3 a la conmemoraci\u00f3n del Bicentenario de la \"Batalla de Tucum\u00e1n\" y asegur\u00f3 que \u201cel legado de Belgrano est\u00e1 vivo en cada decisi\u00f3n pol\u00edtica de nuestra presidenta en favor del pueblo\u201d. \u201cManuel Belgrano tuvo la valent\u00eda de desafiar al orden\u2026","rel":"","context":"En \u00abPol\u00edtica\u00bb","block_context":{"text":"Pol\u00edtica","link":"http:\/\/www.24baires.com\/?cat=51"},"img":{"alt_text":"","src":"https:\/\/i0.wp.com\/www.24baires.com\/wp-content\/uploads\/2012\/09\/dominguez-julian.jpg?resize=350%2C200","width":350,"height":200,"srcset":"https:\/\/i0.wp.com\/www.24baires.com\/wp-content\/uploads\/2012\/09\/dominguez-julian.jpg?resize=350%2C200 1x, https:\/\/i0.wp.com\/www.24baires.com\/wp-content\/uploads\/2012\/09\/dominguez-julian.jpg?resize=525%2C300 1.5x"},"classes":[]},{"id":57607,"url":"http:\/\/www.24baires.com\/?p=57607","url_meta":{"origin":63641,"position":5},"title":"Randazzo: \u201cHay una Justicia funcional a la Argentina corporativa\u00bb","author":"GB","date":"24\/11\/2014","format":false,"excerpt":"El ministro del Interior y Transporte, Florencio Randazzo, sostuvo que hay sectores que \"no le van a perdonar\" a la presidenta Cristina Fern\u00e1ndez de Kirchner \"la autonom\u00eda e independencia que tuvo en estos a\u00f1os\". En una entrevista al diario La Capital de Mar del Plata, Randazzo critic\u00f3 al Poder Judicial\u2026","rel":"","context":"En \u00abPol\u00edtica\u00bb","block_context":{"text":"Pol\u00edtica","link":"http:\/\/www.24baires.com\/?cat=51"},"img":{"alt_text":"randazzo 1","src":"https:\/\/i0.wp.com\/www.24baires.com\/wp-content\/uploads\/2014\/01\/randazzo-1.jpg?resize=350%2C200","width":350,"height":200,"srcset":"https:\/\/i0.wp.com\/www.24baires.com\/wp-content\/uploads\/2014\/01\/randazzo-1.jpg?resize=350%2C200 1x, https:\/\/i0.wp.com\/www.24baires.com\/wp-content\/uploads\/2014\/01\/randazzo-1.jpg?resize=525%2C300 1.5x"},"classes":[]}],"jetpack_sharing_enabled":true,"jetpack_likes_enabled":true,"jetpack_featured_media_url":"","_links":{"self":[{"href":"http:\/\/www.24baires.com\/index.php?rest_route=\/wp\/v2\/posts\/63641","targetHints":{"allow":["GET"]}}],"collection":[{"href":"http:\/\/www.24baires.com\/index.php?rest_route=\/wp\/v2\/posts"}],"about":[{"href":"http:\/\/www.24baires.com\/index.php?rest_route=\/wp\/v2\/types\/post"}],"author":[{"embeddable":true,"href":"http:\/\/www.24baires.com\/index.php?rest_route=\/wp\/v2\/users\/4"}],"replies":[{"embeddable":true,"href":"http:\/\/www.24baires.com\/index.php?rest_route=%2Fwp%2Fv2%2Fcomments&post=63641"}],"version-history":[{"count":1,"href":"http:\/\/www.24baires.com\/index.php?rest_route=\/wp\/v2\/posts\/63641\/revisions"}],"predecessor-version":[{"id":63643,"href":"http:\/\/www.24baires.com\/index.php?rest_route=\/wp\/v2\/posts\/63641\/revisions\/63643"}],"wp:attachment":[{"href":"http:\/\/www.24baires.com\/index.php?rest_route=%2Fwp%2Fv2%2Fmedia&parent=63641"}],"wp:term":[{"taxonomy":"category","embeddable":true,"href":"http:\/\/www.24baires.com\/index.php?rest_route=%2Fwp%2Fv2%2Fcategories&post=63641"},{"taxonomy":"post_tag","embeddable":true,"href":"http:\/\/www.24baires.com\/index.php?rest_route=%2Fwp%2Fv2%2Ftags&post=63641"}],"curies":[{"name":"wp","href":"https:\/\/api.w.org\/{rel}","templated":true}]}}