{"id":63596,"date":"2015-03-26T17:24:13","date_gmt":"2015-03-26T20:24:13","guid":{"rendered":"http:\/\/www.24baires.com\/?p=63596"},"modified":"2015-03-26T17:24:13","modified_gmt":"2015-03-26T20:24:13","slug":"scioli-confia-en-que-el-paro-se-pueda-evitar-por-conversaciones-que-estan-en-marcha","status":"publish","type":"post","link":"http:\/\/www.24baires.com\/?p=63596","title":{"rendered":"Scioli conf\u00eda en que el paro se pueda evitar por \u00abconversaciones que est\u00e1n en marcha\u00bb"},"content":{"rendered":"<p><img data-recalc-dims=\"1\" loading=\"lazy\" decoding=\"async\" class=\"aligncenter size-full wp-image-62506\" src=\"https:\/\/i0.wp.com\/www.24baires.com\/wp-content\/uploads\/2015\/03\/scioli-congreso.png?resize=560%2C314\" alt=\"scioli congreso\" width=\"560\" height=\"314\" srcset=\"https:\/\/i0.wp.com\/www.24baires.com\/wp-content\/uploads\/2015\/03\/scioli-congreso.png?w=560 560w, https:\/\/i0.wp.com\/www.24baires.com\/wp-content\/uploads\/2015\/03\/scioli-congreso.png?resize=300%2C168 300w\" sizes=\"auto, (max-width: 560px) 100vw, 560px\" \/>\u00abApelo a todas las instancias de di\u00e1logo para que se pueda superar este conflicto sin tener que llegar al paro, por el bien de la gente y de los trabajadores\u00bb, expres\u00f3 el gobernador bonaerense.<!--more--><\/p>\n<p>El gobernador bonaerense, Daniel Scioli, dijo este jueves \u00abconfiar\u00bb en que el paro general convocado por la CGT opositora para el martes pr\u00f3ximo, se pueda \u00abevitar\u00bb a partir de las \u00abconversaciones\u00bb que est\u00e1n en marcha con las autoridades.<\/p>\n<p>\u00abApelo a todas las instancias de di\u00e1logo para que se pueda superar este conflicto sin tener que llegar al paro, por el bien de la gente y de los trabajadores\u00bb, expres\u00f3 el mandatario, en declaraciones a la radio V\u00f3rterix.<\/p>\n<p>Si fuimos capaces de generar el mayor crecimiento de la Argentina en 200 a\u00f1os, tenemos que seguir avanzando juntos\u00bb, inst\u00f3 el precandidato presidencial del oficialismo. Y agreg\u00f3: \u00abConf\u00edo en que se pueda evitar la medida, con las conversaciones que est\u00e1n en marcha\u00bb con las representaciones gremiales de la CGT moyanista.<br \/>\nLa CGT opositora que encabeza Hugo Moyano convoc\u00f3 a un paro nacional para el pr\u00f3ximo martes 31, ampliando la medida de fuerza decidida para ese d\u00eda por los gremios del transporte, ante la falta de respuesta del Gobierno a su reclamo de suba del m\u00ednimo no imponible del Impuesto a las Ganancias.<br \/>\nLa medida de fuerza contar\u00e1, adem\u00e1s, con el respaldo de la opositora CTA-Aut\u00f3noma del estatal Pablo Micheli y de la CGT Azul y Blanca del gastron\u00f3mico Luis Barrionuevo.<br \/>\nM\u00e1s tarde, tambi\u00e9n en declaraciones radiales, Scioli asegur\u00f3 que \u00abno se puede sacar de un d\u00eda para el otro\u00bb el cepo cambiario ni las retenciones al agro y consider\u00f3 que las elecciones de octubre las definir\u00e1 con el jefe de gobierno porte\u00f1o, Mauricio Macri.<br \/>\n\u00abEn estos momentos de campa\u00f1a se escucha a veces cada&#8230; es subestimar a la gente. A los al campo les dicen que van a sacar las retenciones y a los trabajadores el impuesto a las Ganancias y despu\u00e9s que van a sacar el cepo de un d\u00eda para otro. La Argentina que se viene es de gradualidad. No se pueden sacar de un d\u00eda para el otro nada. Es gradualidad, ir avanzando sector por sector\u00bb, subray\u00f3 Scioli.<br \/>\nCuando se le consult\u00f3 si pensaba acordar con los fondos buitre si llega a la Casa Rosada, el gobernador record\u00f3 con iron\u00eda que \u00abel que quer\u00eda salir corriendo a pagarles era Macri\u00bb y sostuvo que \u00abArgentina est\u00e1 marcando un camino\u00bb con la pelea con los fondos buitre porque representan \u00abel capitalismo salvaje, el capitalismo especulativo que ha hecho estragos\u00bb.<\/p>\n<p>&nbsp;<\/p>\n<p>&nbsp;<\/p>\n<p>&nbsp;<\/p>\n<p>&nbsp;<\/p>\n<p>&nbsp;<\/p>\n<p>&nbsp;<\/p>\n<p>&nbsp;<\/p>\n<p>&nbsp;<\/p>\n<p>&nbsp;<\/p>\n<p>&nbsp;<\/p>\n<p>&nbsp;<\/p>\n","protected":false},"excerpt":{"rendered":"<p>\u00abApelo a todas las instancias de di\u00e1logo para que se pueda superar este conflicto sin tener que llegar al paro, por el bien de la gente y de los trabajadores\u00bb, expres\u00f3 el gobernador bonaerense.<\/p>\n","protected":false},"author":8,"featured_media":0,"comment_status":"open","ping_status":"open","sticky":false,"template":"","format":"standard","meta":{"_jetpack_newsletter_access":"","_jetpack_dont_email_post_to_subs":false,"_jetpack_newsletter_tier_id":0,"_jetpack_memberships_contains_paywalled_content":false,"_jetpack_memberships_contains_paid_content":false,"footnotes":""},"categories":[51],"tags":[],"class_list":["post-63596","post","type-post","status-publish","format-standard","hentry","category-politica"],"jetpack_shortlink":"https:\/\/wp.me\/p2JWE0-gxK","jetpack-related-posts":[{"id":101232,"url":"http:\/\/www.24baires.com\/?p=101232","url_meta":{"origin":63596,"position":0},"title":"Vidal quiere frenar el paro y llama a negociar \u00abcon los chicos en las aulas\u00bb","author":"GB","date":"23\/03\/2018","format":false,"excerpt":"El paro docente que los gremios bonaerenses anunciaron ayer tras rechazar una nueva oferta del Gobierno comienza a tomar forma y ser\u00eda en la primera semana de abril, aunque la gobernadora Mar\u00eda Eugenia Vidal volvi\u00f3 a pedir hoy que el di\u00e1logo se desarrolle \"con los chicos en las aulas\". A\u2026","rel":"","context":"En \u00abProvincia\u00bb","block_context":{"text":"Provincia","link":"http:\/\/www.24baires.com\/?cat=40"},"img":{"alt_text":"","src":"https:\/\/i0.wp.com\/www.24baires.com\/wp-content\/uploads\/2018\/02\/docentes.jpg?resize=350%2C200","width":350,"height":200,"srcset":"https:\/\/i0.wp.com\/www.24baires.com\/wp-content\/uploads\/2018\/02\/docentes.jpg?resize=350%2C200 1x, https:\/\/i0.wp.com\/www.24baires.com\/wp-content\/uploads\/2018\/02\/docentes.jpg?resize=525%2C300 1.5x"},"classes":[]},{"id":25004,"url":"http:\/\/www.24baires.com\/?p=25004","url_meta":{"origin":63596,"position":1},"title":"\u201cSoy un fan\u00e1tico del di\u00e1logo y de las reuniones de trabajo\u201d asegur\u00f3 Scioli","author":"Grupo Sierra","date":"03\/06\/2013","format":false,"excerpt":"El Gobernador bonaerense reiter\u00f3 su voluntad de di\u00e1logo con los docentes a fin de destrabar el conflicto salarial con el sector. \u201cEst\u00e1n pidiendo di\u00e1logo, yo soy un especialista, un fan\u00e1tico del di\u00e1logo, y de las reuniones de trabajo y de hacer todo lo que tengamos que hacer\u201d, enfatiz\u00f3. El Gobernador\u2026","rel":"","context":"En \u00abProvincia\u00bb","block_context":{"text":"Provincia","link":"http:\/\/www.24baires.com\/?cat=40"},"img":{"alt_text":"scioli ok","src":"https:\/\/i0.wp.com\/www.24baires.com\/wp-content\/uploads\/2012\/12\/scioli-ok-300x231.jpg?resize=350%2C200","width":350,"height":200},"classes":[]},{"id":19398,"url":"http:\/\/www.24baires.com\/?p=19398","url_meta":{"origin":63596,"position":2},"title":"Scioli adelant\u00f3 que la reuni\u00f3n de ma\u00f1ana con docentes ser\u00e1 con \u00abagenda abierta\u00bb","author":"AF","date":"26\/03\/2013","format":false,"excerpt":"En declaraciones brindadas en la Sala de Periodistas de Casa de Gobierno, ante los cronistas de medios acreditados, entre ellos 24baires.com, el mandatario provincial manifest\u00f3 que \"el tema salarial ustedes saben que ya fue ante el inminente tiempo de liquidaci\u00f3n fue instrumentado, con la proyecci\u00f3n del 22,6 por ciento. Pero\u2026","rel":"","context":"En \u00abSociedad\u00bb","block_context":{"text":"Sociedad","link":"http:\/\/www.24baires.com\/?cat=1"},"img":{"alt_text":"","src":"","width":0,"height":0},"classes":[]},{"id":103562,"url":"http:\/\/www.24baires.com\/?p=103562","url_meta":{"origin":63596,"position":3},"title":"Vidal solicita la conciliaci\u00f3n obligatoria para evitar el paro docente","author":"AF","date":"27\/07\/2018","format":false,"excerpt":"La estrategia de la gobernadora, luego de la oferta irrisoria a los gremios, es tratar de desactivar el paro y acusar a los maestros de \"hacer pol\u00edtica\". Lejos de intentar solucionar el conflicto salarial con los docentes bonaerenses a trav\u00e9s de una propuesta razonable, Mar\u00eda Eugenia Vidal apuesta a eternizar\u2026","rel":"","context":"En \u00abSociedad\u00bb","block_context":{"text":"Sociedad","link":"http:\/\/www.24baires.com\/?cat=1"},"img":{"alt_text":"","src":"https:\/\/i0.wp.com\/www.24baires.com\/wp-content\/uploads\/2017\/04\/salarios-docentes.jpg?resize=350%2C200","width":350,"height":200,"srcset":"https:\/\/i0.wp.com\/www.24baires.com\/wp-content\/uploads\/2017\/04\/salarios-docentes.jpg?resize=350%2C200 1x, https:\/\/i0.wp.com\/www.24baires.com\/wp-content\/uploads\/2017\/04\/salarios-docentes.jpg?resize=525%2C300 1.5x"},"classes":[]},{"id":101449,"url":"http:\/\/www.24baires.com\/?p=101449","url_meta":{"origin":63596,"position":4},"title":"Baradel: \u00abLa intenci\u00f3n de Vidal no es solucionar el conflicto, es disciplinar\u00bb","author":"AF","date":"05\/04\/2018","format":false,"excerpt":"El titular de Suteba destac\u00f3 la masiva marcha a La Plata y el alto acatamiento del paro docente que integr\u00f2 a estatales bonaerenses \"en rechazo al ajuste y al 15% de aumento salarial\" ofrecido por el gobierno provincial. El titular de Suteba, Roberto Baradel, destac\u00f3 el alto acatamiento del paro\u2026","rel":"","context":"En \u00abSociedad\u00bb","block_context":{"text":"Sociedad","link":"http:\/\/www.24baires.com\/?cat=1"},"img":{"alt_text":"","src":"https:\/\/i0.wp.com\/www.24baires.com\/wp-content\/uploads\/2017\/07\/baradel.jpg?resize=350%2C200","width":350,"height":200,"srcset":"https:\/\/i0.wp.com\/www.24baires.com\/wp-content\/uploads\/2017\/07\/baradel.jpg?resize=350%2C200 1x, https:\/\/i0.wp.com\/www.24baires.com\/wp-content\/uploads\/2017\/07\/baradel.jpg?resize=525%2C300 1.5x"},"classes":[]},{"id":89678,"url":"http:\/\/www.24baires.com\/?p=89678","url_meta":{"origin":63596,"position":5},"title":"Vidal asegura que el acuerdo paritario con docentes \u00abno fue superado por la inflaci\u00f3n\u00bb","author":"AF","date":"10\/11\/2016","format":false,"excerpt":"La gobernador bonaerense, Mar\u00eda Eugenia Vidal, lament\u00f3 este jueves el paro que el Frente Gremial Docente lleva a cabo en las escuelas p\u00fablicas y privadas de la provincia, ratific\u00f3 que descontar\u00e1 el d\u00eda a los maestros que adhieran y advirti\u00f3 a los sindicalistas que \"el acuerdo paritario no fue superado\u2026","rel":"","context":"En \u00abSociedad\u00bb","block_context":{"text":"Sociedad","link":"http:\/\/www.24baires.com\/?cat=1"},"img":{"alt_text":"vidal en lincoln","src":"https:\/\/i0.wp.com\/www.24baires.com\/wp-content\/uploads\/2016\/08\/vidal-en-lincoln.jpg?resize=350%2C200","width":350,"height":200,"srcset":"https:\/\/i0.wp.com\/www.24baires.com\/wp-content\/uploads\/2016\/08\/vidal-en-lincoln.jpg?resize=350%2C200 1x, https:\/\/i0.wp.com\/www.24baires.com\/wp-content\/uploads\/2016\/08\/vidal-en-lincoln.jpg?resize=525%2C300 1.5x"},"classes":[]}],"jetpack_sharing_enabled":true,"jetpack_likes_enabled":true,"jetpack_featured_media_url":"","_links":{"self":[{"href":"http:\/\/www.24baires.com\/index.php?rest_route=\/wp\/v2\/posts\/63596","targetHints":{"allow":["GET"]}}],"collection":[{"href":"http:\/\/www.24baires.com\/index.php?rest_route=\/wp\/v2\/posts"}],"about":[{"href":"http:\/\/www.24baires.com\/index.php?rest_route=\/wp\/v2\/types\/post"}],"author":[{"embeddable":true,"href":"http:\/\/www.24baires.com\/index.php?rest_route=\/wp\/v2\/users\/8"}],"replies":[{"embeddable":true,"href":"http:\/\/www.24baires.com\/index.php?rest_route=%2Fwp%2Fv2%2Fcomments&post=63596"}],"version-history":[{"count":1,"href":"http:\/\/www.24baires.com\/index.php?rest_route=\/wp\/v2\/posts\/63596\/revisions"}],"predecessor-version":[{"id":63597,"href":"http:\/\/www.24baires.com\/index.php?rest_route=\/wp\/v2\/posts\/63596\/revisions\/63597"}],"wp:attachment":[{"href":"http:\/\/www.24baires.com\/index.php?rest_route=%2Fwp%2Fv2%2Fmedia&parent=63596"}],"wp:term":[{"taxonomy":"category","embeddable":true,"href":"http:\/\/www.24baires.com\/index.php?rest_route=%2Fwp%2Fv2%2Fcategories&post=63596"},{"taxonomy":"post_tag","embeddable":true,"href":"http:\/\/www.24baires.com\/index.php?rest_route=%2Fwp%2Fv2%2Ftags&post=63596"}],"curies":[{"name":"wp","href":"https:\/\/api.w.org\/{rel}","templated":true}]}}