{"id":63567,"date":"2015-03-25T17:28:12","date_gmt":"2015-03-25T20:28:12","guid":{"rendered":"http:\/\/www.24baires.com\/?p=63567"},"modified":"2015-03-25T17:28:12","modified_gmt":"2015-03-25T20:28:12","slug":"cristina-recibio-al-secretario-de-obras-publicas-y-al-titular-del-banco-nacion","status":"publish","type":"post","link":"http:\/\/www.24baires.com\/?p=63567","title":{"rendered":"Cristina recibi\u00f3 al secretario de Obras P\u00fablicas y al titular del Banco Naci\u00f3n"},"content":{"rendered":"<p><a href=\"https:\/\/i0.wp.com\/www.24baires.com\/wp-content\/uploads\/2015\/03\/wpid-wp-1427315226536.jpeg\"><img data-recalc-dims=\"1\" decoding=\"async\" title=\"wp-1427315226536\" class=\"alignnone size-full\"  alt=\"image\" src=\"https:\/\/i0.wp.com\/www.24baires.com\/wp-content\/uploads\/2015\/03\/wpid-wp-1427315226536.jpeg?w=860\" \/><\/a><\/p>\n<p>La presidenta Cristina Fern\u00e1ndez de Kirchner recibi\u00f3 en la residencia de Olivos al secretario de Obras P\u00fablicas, Jos\u00e9 L\u00f3pez, y al presidente del Banco de la Naci\u00f3n, Juan Forl\u00f3n, informaron fuentes oficiales. Cristina retom\u00f3 la actividad oficial y dialog\u00f3 en primer t\u00e9rmino con el secretario de Obras P\u00fablicas, y luego mantuvo una reuni\u00f3n con el titular del Banco Naci\u00f3n, se\u00f1alaron las fuentes.<!--more--><\/p>\n<p>La Presidenta pas\u00f3 el fin de semana en Santa Cruz, donde el viernes pasado encabez\u00f3 en El Calafate la inauguraci\u00f3n del Centro de Informes de Parques Nacionales, la ampliaci\u00f3n del Paseo Costero y la sede de la Secretar\u00eda de Turismo.<\/p>\n","protected":false},"excerpt":{"rendered":"<p>La presidenta Cristina Fern\u00e1ndez de Kirchner recibi\u00f3 en la residencia de Olivos al secretario de Obras P\u00fablicas, Jos\u00e9 L\u00f3pez, y al presidente del Banco de la Naci\u00f3n, Juan Forl\u00f3n, informaron fuentes oficiales. Cristina retom\u00f3 la actividad oficial y dialog\u00f3 en primer t\u00e9rmino con el secretario de Obras P\u00fablicas, y luego mantuvo una reuni\u00f3n con el titular del Banco Naci\u00f3n, se\u00f1alaron [&#8230;]<\/p>\n","protected":false},"author":4,"featured_media":0,"comment_status":"open","ping_status":"open","sticky":false,"template":"","format":"standard","meta":{"_jetpack_newsletter_access":"","_jetpack_dont_email_post_to_subs":false,"_jetpack_newsletter_tier_id":0,"_jetpack_memberships_contains_paywalled_content":false,"_jetpack_memberships_contains_paid_content":false,"footnotes":""},"categories":[51],"tags":[],"class_list":["post-63567","post","type-post","status-publish","format-standard","hentry","category-politica"],"jetpack_shortlink":"https:\/\/wp.me\/p2JWE0-gxh","jetpack-related-posts":[{"id":119172,"url":"http:\/\/www.24baires.com\/?p=119172","url_meta":{"origin":63567,"position":0},"title":"Cristina se reuni\u00f3 con el nuevo \u00absuperministro\u00bb","author":"AF","date":"01\/08\/2022","format":false,"excerpt":"El encuentro se produjo horas despu\u00e9s de que Massa anunciara los primeros nombres que lo acompa\u00f1ar\u00e1n en el Palacio de Hacienda. Qu\u00e9 se sabe hasta ahora de las futuras medidas que tomar\u00e1 el nuevo ministro y los viajes que tiene previsto. La vicepresidenta Cristina Kirchner recibi\u00f3 este lunes al presidente\u2026","rel":"","context":"En \u00abPol\u00edtica\u00bb","block_context":{"text":"Pol\u00edtica","link":"http:\/\/www.24baires.com\/?cat=51"},"img":{"alt_text":"","src":"https:\/\/i0.wp.com\/www.24baires.com\/wp-content\/uploads\/2022\/08\/cristina-massa.jpg?resize=350%2C200","width":350,"height":200,"srcset":"https:\/\/i0.wp.com\/www.24baires.com\/wp-content\/uploads\/2022\/08\/cristina-massa.jpg?resize=350%2C200 1x, https:\/\/i0.wp.com\/www.24baires.com\/wp-content\/uploads\/2022\/08\/cristina-massa.jpg?resize=525%2C300 1.5x, https:\/\/i0.wp.com\/www.24baires.com\/wp-content\/uploads\/2022\/08\/cristina-massa.jpg?resize=700%2C400 2x"},"classes":[]},{"id":114883,"url":"http:\/\/www.24baires.com\/?p=114883","url_meta":{"origin":63567,"position":1},"title":"Fernanda Raverta quedar\u00e1 a cargo de ANSES","author":"GB","date":"30\/04\/2020","format":false,"excerpt":"Tras la renuncia de Alejandro Vanoli, la ministra de Desarrollo de la Comunidad de la Provincia queda al mando del organismo previsional. Es licenciada en Trabajo Social y cuenta con una amplia trayectoria en el \u00e1rea. Tras la salida de Alejandro Vanoli como presidente de ANSES, el presidente de la\u2026","rel":"","context":"En \u00abPol\u00edtica\u00bb","block_context":{"text":"Pol\u00edtica","link":"http:\/\/www.24baires.com\/?cat=51"},"img":{"alt_text":"","src":"https:\/\/i0.wp.com\/www.24baires.com\/wp-content\/uploads\/2020\/04\/alberto-raberta.jpg?resize=350%2C200","width":350,"height":200,"srcset":"https:\/\/i0.wp.com\/www.24baires.com\/wp-content\/uploads\/2020\/04\/alberto-raberta.jpg?resize=350%2C200 1x, https:\/\/i0.wp.com\/www.24baires.com\/wp-content\/uploads\/2020\/04\/alberto-raberta.jpg?resize=525%2C300 1.5x"},"classes":[]},{"id":120690,"url":"http:\/\/www.24baires.com\/?p=120690","url_meta":{"origin":63567,"position":2},"title":"Bullrich vuelve a Seguridad y crece la influencia de Macri","author":"AF","date":"24\/11\/2023","format":false,"excerpt":"La excandidata a presidente de Juntos por el Cambio volver\u00e1 a estar al frente de la cartera que ejerci\u00f3 entre 2015 y 2019. Tambi\u00e9n, este jueves se inform\u00f3 que Carolina P\u00edparo no estar\u00e1 al frente de la ANSES, tal como se hab\u00eda anunciado. El presidente electo Javier Milei continu\u00f3 en\u2026","rel":"","context":"En \u00abPol\u00edtica\u00bb","block_context":{"text":"Pol\u00edtica","link":"http:\/\/www.24baires.com\/?cat=51"},"img":{"alt_text":"","src":"https:\/\/i0.wp.com\/www.24baires.com\/wp-content\/uploads\/2023\/11\/bullrich.jpg?resize=350%2C200","width":350,"height":200,"srcset":"https:\/\/i0.wp.com\/www.24baires.com\/wp-content\/uploads\/2023\/11\/bullrich.jpg?resize=350%2C200 1x, https:\/\/i0.wp.com\/www.24baires.com\/wp-content\/uploads\/2023\/11\/bullrich.jpg?resize=525%2C300 1.5x, https:\/\/i0.wp.com\/www.24baires.com\/wp-content\/uploads\/2023\/11\/bullrich.jpg?resize=700%2C400 2x, https:\/\/i0.wp.com\/www.24baires.com\/wp-content\/uploads\/2023\/11\/bullrich.jpg?resize=1050%2C600 3x"},"classes":[]},{"id":120223,"url":"http:\/\/www.24baires.com\/?p=120223","url_meta":{"origin":63567,"position":3},"title":"El Presidente recibi\u00f3 a representantes de comunidades originarias de Jujuy","author":"AF","date":"27\/06\/2023","format":false,"excerpt":"Desde las organizaciones informaron que presentaron un escrito en el que fijan posici\u00f3n sobre lo sucedido en la provincia y elevaron petitorio. El presidente Alberto Fern\u00e1ndez recibi\u00f3 a representantes de comunidades originarias de Jujuy para interiorizarse sobre la situaci\u00f3n en esa provincia tras la reforma constitucional impulsada por el gobierno\u2026","rel":"","context":"En \u00abSociedad\u00bb","block_context":{"text":"Sociedad","link":"http:\/\/www.24baires.com\/?cat=1"},"img":{"alt_text":"","src":"https:\/\/i0.wp.com\/www.24baires.com\/wp-content\/uploads\/2023\/06\/WhatsApp-Image-2023-06-27-at-18.33.42.jpeg?resize=350%2C200","width":350,"height":200,"srcset":"https:\/\/i0.wp.com\/www.24baires.com\/wp-content\/uploads\/2023\/06\/WhatsApp-Image-2023-06-27-at-18.33.42.jpeg?resize=350%2C200 1x, https:\/\/i0.wp.com\/www.24baires.com\/wp-content\/uploads\/2023\/06\/WhatsApp-Image-2023-06-27-at-18.33.42.jpeg?resize=525%2C300 1.5x, https:\/\/i0.wp.com\/www.24baires.com\/wp-content\/uploads\/2023\/06\/WhatsApp-Image-2023-06-27-at-18.33.42.jpeg?resize=700%2C400 2x"},"classes":[]},{"id":113285,"url":"http:\/\/www.24baires.com\/?p=113285","url_meta":{"origin":63567,"position":4},"title":"Qui\u00e9nes dirigir\u00e1n los ministerios y las principales secretar\u00edas del pr\u00f3ximo gobierno","author":"AF","date":"06\/12\/2019","format":false,"excerpt":"Los nombres de las mujeres y hombres que suenan con m\u00e1s fuerza para acompa\u00f1ar al presidente electo Alberto Fern\u00e1ndez. La transici\u00f3n interminable un d\u00eda ten\u00eda que terminar. Hoy, viernes, Alberto Fern\u00e1ndez presentar\u00e1 su gabinete , estirando todo lo posible los plazos, lo que evit\u00f3 un desgaste prematuro de los elegidos\u2026","rel":"","context":"En \u00abPol\u00edtica\u00bb","block_context":{"text":"Pol\u00edtica","link":"http:\/\/www.24baires.com\/?cat=51"},"img":{"alt_text":"","src":"https:\/\/i0.wp.com\/www.24baires.com\/wp-content\/uploads\/2019\/10\/alberto1.jpeg?resize=350%2C200","width":350,"height":200,"srcset":"https:\/\/i0.wp.com\/www.24baires.com\/wp-content\/uploads\/2019\/10\/alberto1.jpeg?resize=350%2C200 1x, https:\/\/i0.wp.com\/www.24baires.com\/wp-content\/uploads\/2019\/10\/alberto1.jpeg?resize=525%2C300 1.5x"},"classes":[]},{"id":119277,"url":"http:\/\/www.24baires.com\/?p=119277","url_meta":{"origin":63567,"position":5},"title":"Cristina se re\u00fane con diputados y senadores del oficialismo","author":"AF","date":"30\/08\/2022","format":false,"excerpt":"Cristina Fern\u00e1ndez de Kirchner encabeza un encuentro con los bloques del Frente de Todos de ambas c\u00e1maras del Congreso. La reuni\u00f3n se lleva a cabo desde pasadas las 17 en el Sal\u00f3n Azul del Senado. La vicepresidenta Cristina Fern\u00e1ndez de Kirchner mantiene esta tarde en la C\u00e1mara alta una reuni\u00f3n\u2026","rel":"","context":"En \u00abPol\u00edtica\u00bb","block_context":{"text":"Pol\u00edtica","link":"http:\/\/www.24baires.com\/?cat=51"},"img":{"alt_text":"","src":"https:\/\/i0.wp.com\/www.24baires.com\/wp-content\/uploads\/2021\/10\/cristina.jpg?resize=350%2C200","width":350,"height":200,"srcset":"https:\/\/i0.wp.com\/www.24baires.com\/wp-content\/uploads\/2021\/10\/cristina.jpg?resize=350%2C200 1x, https:\/\/i0.wp.com\/www.24baires.com\/wp-content\/uploads\/2021\/10\/cristina.jpg?resize=525%2C300 1.5x, https:\/\/i0.wp.com\/www.24baires.com\/wp-content\/uploads\/2021\/10\/cristina.jpg?resize=700%2C400 2x"},"classes":[]}],"jetpack_sharing_enabled":true,"jetpack_likes_enabled":true,"jetpack_featured_media_url":"","_links":{"self":[{"href":"http:\/\/www.24baires.com\/index.php?rest_route=\/wp\/v2\/posts\/63567","targetHints":{"allow":["GET"]}}],"collection":[{"href":"http:\/\/www.24baires.com\/index.php?rest_route=\/wp\/v2\/posts"}],"about":[{"href":"http:\/\/www.24baires.com\/index.php?rest_route=\/wp\/v2\/types\/post"}],"author":[{"embeddable":true,"href":"http:\/\/www.24baires.com\/index.php?rest_route=\/wp\/v2\/users\/4"}],"replies":[{"embeddable":true,"href":"http:\/\/www.24baires.com\/index.php?rest_route=%2Fwp%2Fv2%2Fcomments&post=63567"}],"version-history":[{"count":1,"href":"http:\/\/www.24baires.com\/index.php?rest_route=\/wp\/v2\/posts\/63567\/revisions"}],"predecessor-version":[{"id":63568,"href":"http:\/\/www.24baires.com\/index.php?rest_route=\/wp\/v2\/posts\/63567\/revisions\/63568"}],"wp:attachment":[{"href":"http:\/\/www.24baires.com\/index.php?rest_route=%2Fwp%2Fv2%2Fmedia&parent=63567"}],"wp:term":[{"taxonomy":"category","embeddable":true,"href":"http:\/\/www.24baires.com\/index.php?rest_route=%2Fwp%2Fv2%2Fcategories&post=63567"},{"taxonomy":"post_tag","embeddable":true,"href":"http:\/\/www.24baires.com\/index.php?rest_route=%2Fwp%2Fv2%2Ftags&post=63567"}],"curies":[{"name":"wp","href":"https:\/\/api.w.org\/{rel}","templated":true}]}}