{"id":63557,"date":"2015-03-25T14:00:52","date_gmt":"2015-03-25T17:00:52","guid":{"rendered":"http:\/\/www.24baires.com\/?p=63557"},"modified":"2015-03-25T13:49:55","modified_gmt":"2015-03-25T16:49:55","slug":"el-massismo-esta-en-contra-de-la-comision-legislativa-que-investigara-el-caso-hsbc","status":"publish","type":"post","link":"http:\/\/www.24baires.com\/?p=63557","title":{"rendered":"El massismo est\u00e1 en contra de la comisi\u00f3n legislativa que investigar\u00e1 el caso HSBC"},"content":{"rendered":"<p><img data-recalc-dims=\"1\" loading=\"lazy\" decoding=\"async\" class=\"aligncenter size-full wp-image-59522\" src=\"https:\/\/i0.wp.com\/www.24baires.com\/wp-content\/uploads\/2015\/01\/massa-mate.jpg?resize=560%2C373\" alt=\"massa mate\" width=\"560\" height=\"373\" srcset=\"https:\/\/i0.wp.com\/www.24baires.com\/wp-content\/uploads\/2015\/01\/massa-mate.jpg?w=560 560w, https:\/\/i0.wp.com\/www.24baires.com\/wp-content\/uploads\/2015\/01\/massa-mate.jpg?resize=300%2C200 300w\" sizes=\"auto, (max-width: 560px) 100vw, 560px\" \/>El economista del Frente Renovador Mart\u00edn Redrado manifest\u00f3 su rechazo a la conformaci\u00f3n de la comisi\u00f3n bicameral y consider\u00f3: \u00abSi el Poder Legislativo quiere ocupar el rol del Poder Judicial, estamos complicados\u00bb.<!--more--><\/p>\n<p>El economista del Frente Renovador Mart\u00edn Redrado manifest\u00f3 su rechazo a la conformaci\u00f3n de la comisi\u00f3n bicameral parlamentaria que se ocupar\u00e1 de investigar el caso de HSBC, especialmente las 4.000 cuentas abiertas por contribuyentes argentinos en el exterior, que no fueron declaradas ante el fisco, por alrededor de U$S 3.500 millones, porque consider\u00f3 que el Congreso \u00abest\u00e1 tomando el rol del Poder Judicial\u00bb.<\/p>\n<p>\u00abEst\u00e1 muy bueno que se busque la transparencia y avanzar en todos los canales que muestren que todas las operaciones que se hacen son l\u00edcitas, pero lo que se debe hacer es que con todas las denuncias o investigaciones se canalicen por la Justicia\u00bb, sostuvo el referente econ\u00f3mico del massismo a radio Mitre.<\/p>\n<p>A su criterio, \u00absi el Poder Legislativo quiere ocupar el rol del Poder Judicial, estamos complicados\u00bb.<\/p>\n<p>\u00abSi faltan leyes que permitan transparentar las operaciones, bienvenido sea y tengamos un Congreso que se ocupe de dictar las leyes m\u00e1s duras y que tengan la capacidad de aplicarse para que haya un mercado verdaderamente fluido y transparente. Pero si se cambian los roles y al Legislativo se le da el del Poder Judicial, es mucho ruido y pocas nueces\u00bb, afirm\u00f3 Redrado.<\/p>\n<p>El economista remarc\u00f3 que \u00abla pregunta es si esta comisi\u00f3n no tiene la voluntad de hacer m\u00e1s ruido medi\u00e1tico\u00bb.<\/p>\n<p>Esta comisi\u00f3n fue creada por ley en diciembre \u00faltimo, a la luz de la denuncia realizada por la Afip, estar\u00e1 integrado por cinco diputados y cinco senadores, y efectuar\u00e1 su primera reuni\u00f3n esta tarde a las 16.<\/p>\n","protected":false},"excerpt":{"rendered":"<p>El economista del Frente Renovador Mart\u00edn Redrado manifest\u00f3 su rechazo a la conformaci\u00f3n de la comisi\u00f3n bicameral y consider\u00f3: \u00abSi el Poder Legislativo quiere ocupar el rol del Poder Judicial, estamos complicados\u00bb.<\/p>\n","protected":false},"author":8,"featured_media":0,"comment_status":"open","ping_status":"open","sticky":false,"template":"","format":"standard","meta":{"_jetpack_newsletter_access":"","_jetpack_dont_email_post_to_subs":false,"_jetpack_newsletter_tier_id":0,"_jetpack_memberships_contains_paywalled_content":false,"_jetpack_memberships_contains_paid_content":false,"footnotes":""},"categories":[51],"tags":[],"class_list":["post-63557","post","type-post","status-publish","format-standard","hentry","category-politica"],"jetpack_shortlink":"https:\/\/wp.me\/p2JWE0-gx7","jetpack-related-posts":[{"id":58019,"url":"http:\/\/www.24baires.com\/?p=58019","url_meta":{"origin":63557,"position":0},"title":"Buscan crear comisi\u00f3n que investigue evasi\u00f3n pero Massa se niega","author":"Grupo Sierra","date":"02\/12\/2014","format":false,"excerpt":"El senador An\u00edbal Fern\u00e1ndez y el diputado Roberto Feletti se refirieron a la intenci\u00f3n del oficialismo respecto a la creaci\u00f3n de una comisi\u00f3n bicameral que investigue la denuncia de la AFIP sobre evasi\u00f3n impositiva del HSBC. El diputado nacional del Frente Renovador, Sergio Massa, asegur\u00f3 que \"antes de discutir una\u2026","rel":"","context":"En \u00abLegislativo\u00bb","block_context":{"text":"Legislativo","link":"http:\/\/www.24baires.com\/?cat=75"},"img":{"alt_text":"","src":"https:\/\/i0.wp.com\/www.24baires.com\/wp-content\/uploads\/2014\/12\/massa-congreso.jpg?resize=350%2C200","width":350,"height":200,"srcset":"https:\/\/i0.wp.com\/www.24baires.com\/wp-content\/uploads\/2014\/12\/massa-congreso.jpg?resize=350%2C200 1x, https:\/\/i0.wp.com\/www.24baires.com\/wp-content\/uploads\/2014\/12\/massa-congreso.jpg?resize=525%2C300 1.5x"},"classes":[]},{"id":63773,"url":"http:\/\/www.24baires.com\/?p=63773","url_meta":{"origin":63557,"position":1},"title":"El mi\u00e9rcoles comenzar\u00e1n las exposiciones por la causa HSBC","author":"GB","date":"31\/03\/2015","format":false,"excerpt":"El titular de AFIP, Ricardo Echegaray, y el presidente del HSBC, Gabriel Martino, concurrir\u00e1n al Congreso para exponer ante la comisi\u00f3n legislativa en el marco de la causa por fuga de capitales. La comisi\u00f3n bicameral, que preside el economista Roberto Feletti, recibir\u00e1 ma\u00f1ana a las 14 a Echegaray para que\u2026","rel":"","context":"En \u00abJUDICIALES\u00bb","block_context":{"text":"JUDICIALES","link":"http:\/\/www.24baires.com\/?cat=68"},"img":{"alt_text":"hsbc","src":"https:\/\/i0.wp.com\/www.24baires.com\/wp-content\/uploads\/2014\/08\/hsbc.jpg?resize=350%2C200","width":350,"height":200,"srcset":"https:\/\/i0.wp.com\/www.24baires.com\/wp-content\/uploads\/2014\/08\/hsbc.jpg?resize=350%2C200 1x, https:\/\/i0.wp.com\/www.24baires.com\/wp-content\/uploads\/2014\/08\/hsbc.jpg?resize=525%2C300 1.5x"},"classes":[]},{"id":66878,"url":"http:\/\/www.24baires.com\/?p=66878","url_meta":{"origin":63557,"position":2},"title":"Sbatella presentar\u00e1 pruebas que vinculan al HSBC con Iron Mountain","author":"GB","date":"01\/06\/2015","format":false,"excerpt":"Horas antes de exponer ante la Comisi\u00f3n que investiga las 4.040 cuentas ocultas del HSBC en Suiza, el titular de la Unidad de Informaci\u00f3n Financiera, Jos\u00e9 Sbatella, anunci\u00f3 que llevar\u00e1 al Congreso contundentes pruebas que vinculan el incendio intencional en Iron Mountain con el presunto lavado de dinero de m\u00e1s\u2026","rel":"","context":"En \u00abPol\u00edtica\u00bb","block_context":{"text":"Pol\u00edtica","link":"http:\/\/www.24baires.com\/?cat=51"},"img":{"alt_text":"Sbatella","src":"https:\/\/i0.wp.com\/www.24baires.com\/wp-content\/uploads\/2012\/11\/Sbatella.jpg?resize=350%2C200","width":350,"height":200,"srcset":"https:\/\/i0.wp.com\/www.24baires.com\/wp-content\/uploads\/2012\/11\/Sbatella.jpg?resize=350%2C200 1x, https:\/\/i0.wp.com\/www.24baires.com\/wp-content\/uploads\/2012\/11\/Sbatella.jpg?resize=525%2C300 1.5x"},"classes":[]},{"id":106280,"url":"http:\/\/www.24baires.com\/?p=106280","url_meta":{"origin":63557,"position":3},"title":"Bicameral analizar\u00e1 desdoblamiento de elecciones municipales","author":"AF","date":"09\/01\/2019","format":false,"excerpt":"La Comisi\u00f3n Bicameral que analiza el desdoblamiento de las elecciones comenzar\u00e1 su trabajo analizando la posibilidad de que los intendentes puedan convocar a comicios en una fecha diferente al de Naci\u00f3n y Provincia, y para ello convocar\u00e1 a varios jefes comunales al debate. El encuentro, que tendr\u00e1 lugar el pr\u00f3ximo\u2026","rel":"","context":"En \u00abPol\u00edtica\u00bb","block_context":{"text":"Pol\u00edtica","link":"http:\/\/www.24baires.com\/?cat=51"},"img":{"alt_text":"","src":"https:\/\/i0.wp.com\/www.24baires.com\/wp-content\/uploads\/2015\/10\/elecciones1.jpg?resize=350%2C200","width":350,"height":200,"srcset":"https:\/\/i0.wp.com\/www.24baires.com\/wp-content\/uploads\/2015\/10\/elecciones1.jpg?resize=350%2C200 1x, https:\/\/i0.wp.com\/www.24baires.com\/wp-content\/uploads\/2015\/10\/elecciones1.jpg?resize=525%2C300 1.5x"},"classes":[]},{"id":106191,"url":"http:\/\/www.24baires.com\/?p=106191","url_meta":{"origin":63557,"position":4},"title":"La Bicameral tambi\u00e9n analizar\u00e1n un cambio en el modo de votaci\u00f3n","author":"AF","date":"03\/01\/2019","format":false,"excerpt":"La Comisi\u00f3n Bicameral de la Legislatura que analizar\u00e1 la posibilidad de desdoblar las elecciones bonaerenses tambi\u00e9n evaluar\u00e1 un cambio en el modo de votaci\u00f3n, con la posibilidad de incorporar el sistema de Boleta \u00danica Papel. Esa posibilidad se debatir\u00e1 en el pr\u00f3ximo encuentro de la Bicameral, el 17 de enero,\u2026","rel":"","context":"En \u00abPol\u00edtica\u00bb","block_context":{"text":"Pol\u00edtica","link":"http:\/\/www.24baires.com\/?cat=51"},"img":{"alt_text":"","src":"https:\/\/i0.wp.com\/www.24baires.com\/wp-content\/uploads\/2013\/08\/urna3.jpg?resize=350%2C200","width":350,"height":200,"srcset":"https:\/\/i0.wp.com\/www.24baires.com\/wp-content\/uploads\/2013\/08\/urna3.jpg?resize=350%2C200 1x, https:\/\/i0.wp.com\/www.24baires.com\/wp-content\/uploads\/2013\/08\/urna3.jpg?resize=525%2C300 1.5x"},"classes":[]},{"id":107261,"url":"http:\/\/www.24baires.com\/?p=107261","url_meta":{"origin":63557,"position":5},"title":"El Poder Ejecutivo arremete contra Ramos Padilla","author":"AF","date":"18\/03\/2019","format":false,"excerpt":"El Gobierno concret\u00f3 el pedido de destituci\u00f3n del juez Alejo Ramos Padilla, que investiga una red de espionaje y extorsi\u00f3n que podr\u00eda alcanzar a sectores del oficialismo. Por orden del presidente Mauricio Macri, el representante del Poder Ejecutivo ante el Consejo de la Magistratura, Juan Bautista Mah\u00edques, hizo una presentaci\u00f3n\u2026","rel":"","context":"En \u00abJUDICIALES\u00bb","block_context":{"text":"JUDICIALES","link":"http:\/\/www.24baires.com\/?cat=68"},"img":{"alt_text":"","src":"https:\/\/i0.wp.com\/www.24baires.com\/wp-content\/uploads\/2019\/03\/ramos-padilla-1.jpg?resize=350%2C200","width":350,"height":200,"srcset":"https:\/\/i0.wp.com\/www.24baires.com\/wp-content\/uploads\/2019\/03\/ramos-padilla-1.jpg?resize=350%2C200 1x, https:\/\/i0.wp.com\/www.24baires.com\/wp-content\/uploads\/2019\/03\/ramos-padilla-1.jpg?resize=525%2C300 1.5x"},"classes":[]}],"jetpack_sharing_enabled":true,"jetpack_likes_enabled":true,"jetpack_featured_media_url":"","_links":{"self":[{"href":"http:\/\/www.24baires.com\/index.php?rest_route=\/wp\/v2\/posts\/63557","targetHints":{"allow":["GET"]}}],"collection":[{"href":"http:\/\/www.24baires.com\/index.php?rest_route=\/wp\/v2\/posts"}],"about":[{"href":"http:\/\/www.24baires.com\/index.php?rest_route=\/wp\/v2\/types\/post"}],"author":[{"embeddable":true,"href":"http:\/\/www.24baires.com\/index.php?rest_route=\/wp\/v2\/users\/8"}],"replies":[{"embeddable":true,"href":"http:\/\/www.24baires.com\/index.php?rest_route=%2Fwp%2Fv2%2Fcomments&post=63557"}],"version-history":[{"count":1,"href":"http:\/\/www.24baires.com\/index.php?rest_route=\/wp\/v2\/posts\/63557\/revisions"}],"predecessor-version":[{"id":63558,"href":"http:\/\/www.24baires.com\/index.php?rest_route=\/wp\/v2\/posts\/63557\/revisions\/63558"}],"wp:attachment":[{"href":"http:\/\/www.24baires.com\/index.php?rest_route=%2Fwp%2Fv2%2Fmedia&parent=63557"}],"wp:term":[{"taxonomy":"category","embeddable":true,"href":"http:\/\/www.24baires.com\/index.php?rest_route=%2Fwp%2Fv2%2Fcategories&post=63557"},{"taxonomy":"post_tag","embeddable":true,"href":"http:\/\/www.24baires.com\/index.php?rest_route=%2Fwp%2Fv2%2Ftags&post=63557"}],"curies":[{"name":"wp","href":"https:\/\/api.w.org\/{rel}","templated":true}]}}