{"id":63549,"date":"2015-03-25T12:24:31","date_gmt":"2015-03-25T15:24:31","guid":{"rendered":"http:\/\/www.24baires.com\/?p=63549"},"modified":"2015-03-25T12:24:31","modified_gmt":"2015-03-25T15:24:31","slug":"urribarri-pide-publicamente-que-axel-kicillof-sea-su-vice-y-lo-llena-de-elogios","status":"publish","type":"post","link":"http:\/\/www.24baires.com\/?p=63549","title":{"rendered":"Urribarri pide p\u00fablicamente que Axel Kicillof sea su vice y lo llena de elogios"},"content":{"rendered":"<p><img data-recalc-dims=\"1\" loading=\"lazy\" decoding=\"async\" class=\"aligncenter size-full wp-image-63550\" src=\"https:\/\/i0.wp.com\/www.24baires.com\/wp-content\/uploads\/2015\/03\/urribarri-y-kicillof.jpg?resize=560%2C313\" alt=\"urribarri y kicillof\" width=\"560\" height=\"313\" srcset=\"https:\/\/i0.wp.com\/www.24baires.com\/wp-content\/uploads\/2015\/03\/urribarri-y-kicillof.jpg?w=560 560w, https:\/\/i0.wp.com\/www.24baires.com\/wp-content\/uploads\/2015\/03\/urribarri-y-kicillof.jpg?resize=300%2C168 300w\" sizes=\"auto, (max-width: 560px) 100vw, 560px\" \/>El gobernador de Entre R\u00edos, que sostiene su precandidatura presidencial, hizo un llamado al Ministro de Econom\u00eda para ser la f\u00f3rmula que sea \u00abs\u00edntesis perfecta de estos 12 a\u00f1os de lucha, gesti\u00f3n y resultados concretos\u00bb. Tambi\u00e9n alab\u00f3 a De Vido.<!--more--><\/p>\n<p>Uno de los precandidatos presidenciales del FPV afirm\u00f3 que quiere a Kicillof de vice: \u00abS\u00e9 que Axel no piensa en candidaturas y est\u00e1 haciendo un gran trabajo en el Ministerio, pero creo que ambos ser\u00edamos la s\u00edntesis perfecta de estos 12 a\u00f1os de lucha, gesti\u00f3n y resultados concretos\u00bb.<\/p>\n<p>La estrategia de Urribarri es llenar de elogios al economista, al que tild\u00f3 de \u00abtipo brillante y leal\u00bb que \u00abha dado muestra de su experiencia en el trabajo de llevar adelante una pol\u00edtica econ\u00f3mica en contra de los grupos concentrados y en medio de una crisis internacional\u00bb.<\/p>\n<p>Adem\u00e1s, asegur\u00f3 que \u00abes un gran cuadro dentro del espacio, representa la continuidad, el trabajo y el compromiso por anteponer la pol\u00edtica a la econom\u00eda, lo que es fundamental para continuar por la senda del desarrollo econ\u00f3mico y social\u00bb.<\/p>\n<p>Uribarri tambi\u00e9n envi\u00f3 alabanzas al ministro de Planificaci\u00f3n, Julio de Vido, a quien -dijo- sostendr\u00eda en un eventual gobierno.<\/p>\n<p>&nbsp;<\/p>\n<p>&nbsp;<\/p>\n<p>&nbsp;<\/p>\n<p>&nbsp;<\/p>\n<p>&nbsp;<\/p>\n<p>&nbsp;<\/p>\n<p>&nbsp;<\/p>\n<p>&nbsp;<\/p>\n<p>&nbsp;<\/p>\n<p>&nbsp;<\/p>\n","protected":false},"excerpt":{"rendered":"<p>El gobernador de Entre R\u00edos, que sostiene su precandidatura presidencial, hizo un llamado al Ministro de Econom\u00eda para ser la f\u00f3rmula que sea \u00abs\u00edntesis perfecta de estos 12 a\u00f1os de lucha, gesti\u00f3n y resultados concretos\u00bb. Tambi\u00e9n alab\u00f3 a De Vido.<\/p>\n","protected":false},"author":8,"featured_media":0,"comment_status":"open","ping_status":"open","sticky":false,"template":"","format":"standard","meta":{"_jetpack_newsletter_access":"","_jetpack_dont_email_post_to_subs":false,"_jetpack_newsletter_tier_id":0,"_jetpack_memberships_contains_paywalled_content":false,"_jetpack_memberships_contains_paid_content":false,"footnotes":""},"categories":[51],"tags":[],"class_list":["post-63549","post","type-post","status-publish","format-standard","hentry","category-politica"],"jetpack_shortlink":"https:\/\/wp.me\/p2JWE0-gwZ","jetpack-related-posts":[{"id":47639,"url":"http:\/\/www.24baires.com\/?p=47639","url_meta":{"origin":63549,"position":0},"title":"Capitanich particip\u00f3 del Congreso del PJ en el Chaco junto a Urribarri","author":"AF","date":"08\/06\/2014","format":false,"excerpt":"El jefe de Gabinete afirm\u00f3 que \"la combinaci\u00f3n para un proyecto de gobierno tiene que ver con liderazgo, base territorial y proyecto pol\u00edtico\", al participar del congreso en la localidad de Puerto Tirol. El Congreso del PJ local se realiz\u00f3 en la localidad chaque\u00f1a de Puerto Tirol, con el prop\u00f3sito\u2026","rel":"","context":"En \u00abPol\u00edtica\u00bb","block_context":{"text":"Pol\u00edtica","link":"http:\/\/www.24baires.com\/?cat=51"},"img":{"alt_text":"","src":"https:\/\/i0.wp.com\/www.24baires.com\/wp-content\/uploads\/2014\/06\/capitanich-chaco.jpg?resize=350%2C200","width":350,"height":200,"srcset":"https:\/\/i0.wp.com\/www.24baires.com\/wp-content\/uploads\/2014\/06\/capitanich-chaco.jpg?resize=350%2C200 1x, https:\/\/i0.wp.com\/www.24baires.com\/wp-content\/uploads\/2014\/06\/capitanich-chaco.jpg?resize=525%2C300 1.5x"},"classes":[]},{"id":45171,"url":"http:\/\/www.24baires.com\/?p=45171","url_meta":{"origin":63549,"position":1},"title":"Urribarri: \u00abHay dirigentes gremiales que se equivocan feo\u00bb","author":"Grupo Sierra","date":"02\/05\/2014","format":false,"excerpt":"El gobernador de Entre R\u00edos se refiri\u00f3 a que \"fueron N\u00e9stor y Cristina los que fijaron paritarias anuales\", en referencia al secretario general de la CGT Azopardo, Hugo Moyano; y al dirigente gastron\u00f3mico y de la CGT Azul y Blanca, Luis Barrionuevo. En ese sentido, asegur\u00f3 que \"fueron N\u00e9stor (Kirchner)\u2026","rel":"","context":"En \u00abPol\u00edtica\u00bb","block_context":{"text":"Pol\u00edtica","link":"http:\/\/www.24baires.com\/?cat=51"},"img":{"alt_text":"urribarri_afeitado","src":"https:\/\/i0.wp.com\/www.24baires.com\/wp-content\/uploads\/2013\/11\/urribarri_afeitado.jpg?resize=350%2C200","width":350,"height":200,"srcset":"https:\/\/i0.wp.com\/www.24baires.com\/wp-content\/uploads\/2013\/11\/urribarri_afeitado.jpg?resize=350%2C200 1x, https:\/\/i0.wp.com\/www.24baires.com\/wp-content\/uploads\/2013\/11\/urribarri_afeitado.jpg?resize=525%2C300 1.5x"},"classes":[]},{"id":35409,"url":"http:\/\/www.24baires.com\/?p=35409","url_meta":{"origin":63549,"position":2},"title":"Lucha, vuelve y patea el tablero","author":"AF","date":"19\/11\/2013","format":false,"excerpt":"El rumor, fundado en la necesidad de oxigenar el gabinete y reforzar o reestructurar algunas \u00e1reas, corr\u00eda desde hace meses, desde las Elecciones Primarias, Abiertas y Simult\u00e1neas. Se hablaba de la Jefatura de Ministros y se especulaba con varios nombres, como el de Sergio Uribarri, actual gobernador entrerriano, y con\u2026","rel":"","context":"En \u00abOpini\u00f3n\u00bb","block_context":{"text":"Opini\u00f3n","link":"http:\/\/www.24baires.com\/?cat=64"},"img":{"alt_text":"","src":"https:\/\/i0.wp.com\/www.24baires.com\/wp-content\/uploads\/2013\/11\/cfk-backstage.jpg?resize=350%2C200","width":350,"height":200,"srcset":"https:\/\/i0.wp.com\/www.24baires.com\/wp-content\/uploads\/2013\/11\/cfk-backstage.jpg?resize=350%2C200 1x, https:\/\/i0.wp.com\/www.24baires.com\/wp-content\/uploads\/2013\/11\/cfk-backstage.jpg?resize=525%2C300 1.5x"},"classes":[]},{"id":114902,"url":"http:\/\/www.24baires.com\/?p=114902","url_meta":{"origin":63549,"position":3},"title":"Larroque: \u00abEn este contexto dif\u00edcil nosotros venimos a poner todo y un poco m\u00e1s\u00bb","author":"AF","date":"04\/05\/2020","format":false,"excerpt":"El gobernador Axel Kicillof le tom\u00f3 el juramento al flamante ministro de Desarrollo de la Comunidad de la Provincia, Andr\u00e9s Larroque. Presencia de intendentes, M\u00e1ximo Kirchner y Sergio Massa, entre otros. El gobernador Axel Kicillof le tom\u00f3 juramento al nuevo ministro de Desarrollo de la Comunidad de la Provincia de\u2026","rel":"","context":"En \u00abProvincia\u00bb","block_context":{"text":"Provincia","link":"http:\/\/www.24baires.com\/?cat=40"},"img":{"alt_text":"","src":"https:\/\/i0.wp.com\/www.24baires.com\/wp-content\/uploads\/2020\/05\/kici-larroque.jpg?resize=350%2C200","width":350,"height":200,"srcset":"https:\/\/i0.wp.com\/www.24baires.com\/wp-content\/uploads\/2020\/05\/kici-larroque.jpg?resize=350%2C200 1x, https:\/\/i0.wp.com\/www.24baires.com\/wp-content\/uploads\/2020\/05\/kici-larroque.jpg?resize=525%2C300 1.5x"},"classes":[]},{"id":35414,"url":"http:\/\/www.24baires.com\/?p=35414","url_meta":{"origin":63549,"position":4},"title":"Funcionarios elogiaron los cambios de gabinete y festejaron el regreso de Cristina","author":"GB","date":"19\/11\/2013","format":false,"excerpt":"Destacaron el regreso de la Presidenta a sus funciones y entendieron que los cambios en el gabinete ratifican el rumbo y confirman la vocaci\u00f3n del gobierno de \"proteger los intereses nacionales\". Amplio respaldo empresario. Anoche se anunci\u00f3 que el gobernador de Chaco, Jorge Capitanich, asumir\u00e1 la jefatura de Gabinete en\u2026","rel":"","context":"En \u00abPol\u00edtica\u00bb","block_context":{"text":"Pol\u00edtica","link":"http:\/\/www.24baires.com\/?cat=51"},"img":{"alt_text":"cristina3","src":"https:\/\/i0.wp.com\/www.24baires.com\/wp-content\/uploads\/2013\/10\/cristina3.jpg?resize=350%2C200","width":350,"height":200,"srcset":"https:\/\/i0.wp.com\/www.24baires.com\/wp-content\/uploads\/2013\/10\/cristina3.jpg?resize=350%2C200 1x, https:\/\/i0.wp.com\/www.24baires.com\/wp-content\/uploads\/2013\/10\/cristina3.jpg?resize=525%2C300 1.5x"},"classes":[]},{"id":59881,"url":"http:\/\/www.24baires.com\/?p=59881","url_meta":{"origin":63549,"position":5},"title":"Gaillard: \u00abScioli todav\u00eda est\u00e1 a tiempo de copiar los \u00e9xitos de la gesti\u00f3n de Urribarri\u00bb","author":"Grupo Sierra","date":"10\/01\/2015","format":false,"excerpt":"La diputada nacional por el Frente para la Victoria (FpV), Carolina Gaillard, acus\u00f3 hoy al sciolismo de desarrollar una gesti\u00f3n m\u00e1s \u201cpendiente de la forma\u201d que del \u201ccontenido\u201d, y destac\u00f3 el trabajo de su referente pol\u00edtico, el gobernador entrerriano Sergio Urribarri, \u201cque gobierna una provincia donde hay seguridad, infraestructura y\u2026","rel":"","context":"En \u00abElecciones 2015\u00bb","block_context":{"text":"Elecciones 2015","link":"http:\/\/www.24baires.com\/?cat=74"},"img":{"alt_text":"","src":"https:\/\/i0.wp.com\/www.24baires.com\/wp-content\/uploads\/2015\/01\/gaillard.jpg?resize=350%2C200","width":350,"height":200,"srcset":"https:\/\/i0.wp.com\/www.24baires.com\/wp-content\/uploads\/2015\/01\/gaillard.jpg?resize=350%2C200 1x, https:\/\/i0.wp.com\/www.24baires.com\/wp-content\/uploads\/2015\/01\/gaillard.jpg?resize=525%2C300 1.5x"},"classes":[]}],"jetpack_sharing_enabled":true,"jetpack_likes_enabled":true,"jetpack_featured_media_url":"","_links":{"self":[{"href":"http:\/\/www.24baires.com\/index.php?rest_route=\/wp\/v2\/posts\/63549","targetHints":{"allow":["GET"]}}],"collection":[{"href":"http:\/\/www.24baires.com\/index.php?rest_route=\/wp\/v2\/posts"}],"about":[{"href":"http:\/\/www.24baires.com\/index.php?rest_route=\/wp\/v2\/types\/post"}],"author":[{"embeddable":true,"href":"http:\/\/www.24baires.com\/index.php?rest_route=\/wp\/v2\/users\/8"}],"replies":[{"embeddable":true,"href":"http:\/\/www.24baires.com\/index.php?rest_route=%2Fwp%2Fv2%2Fcomments&post=63549"}],"version-history":[{"count":1,"href":"http:\/\/www.24baires.com\/index.php?rest_route=\/wp\/v2\/posts\/63549\/revisions"}],"predecessor-version":[{"id":63551,"href":"http:\/\/www.24baires.com\/index.php?rest_route=\/wp\/v2\/posts\/63549\/revisions\/63551"}],"wp:attachment":[{"href":"http:\/\/www.24baires.com\/index.php?rest_route=%2Fwp%2Fv2%2Fmedia&parent=63549"}],"wp:term":[{"taxonomy":"category","embeddable":true,"href":"http:\/\/www.24baires.com\/index.php?rest_route=%2Fwp%2Fv2%2Fcategories&post=63549"},{"taxonomy":"post_tag","embeddable":true,"href":"http:\/\/www.24baires.com\/index.php?rest_route=%2Fwp%2Fv2%2Ftags&post=63549"}],"curies":[{"name":"wp","href":"https:\/\/api.w.org\/{rel}","templated":true}]}}