{"id":63541,"date":"2015-03-25T10:15:18","date_gmt":"2015-03-25T13:15:18","guid":{"rendered":"http:\/\/www.24baires.com\/?p=63541"},"modified":"2015-03-25T14:44:57","modified_gmt":"2015-03-25T17:44:57","slug":"es-un-desproposito-el-despliegue-militar-britanico-en-malvinas-subrayo-fernandez","status":"publish","type":"post","link":"http:\/\/www.24baires.com\/?p=63541","title":{"rendered":"\u201cEs un desprop\u00f3sito el despliegue militar brit\u00e1nico en Malvinas\u201d, subray\u00f3 Fern\u00e1ndez"},"content":{"rendered":"<p><img data-recalc-dims=\"1\" loading=\"lazy\" decoding=\"async\" class=\"aligncenter size-full wp-image-44304\" src=\"https:\/\/i0.wp.com\/www.24baires.com\/wp-content\/uploads\/2014\/04\/an%C3%ADbal-fern%C3%A1ndez.jpg?resize=560%2C314\" alt=\"an\u00edbal fern\u00e1ndez\" width=\"560\" height=\"314\" srcset=\"https:\/\/i0.wp.com\/www.24baires.com\/wp-content\/uploads\/2014\/04\/an%C3%ADbal-fern%C3%A1ndez.jpg?w=560 560w, https:\/\/i0.wp.com\/www.24baires.com\/wp-content\/uploads\/2014\/04\/an%C3%ADbal-fern%C3%A1ndez.jpg?resize=300%2C168 300w\" sizes=\"auto, (max-width: 560px) 100vw, 560px\" \/>El jefe de Gabinete apunt\u00f3 al gobierno de David Cameron y consider\u00f3n que \u00abcomo van a tener elecciones, recurren a un nacionalismo berreta de poner en vilo a toda la sociedad brit\u00e1nica sobre un hecho militar\u00bb.<!--more--><\/p>\n<p>El jefe de Gabinete, An\u00ed\u00acbal Fern\u00e1ndez, consider\u00f3 hoy \u00abun desprop\u00f3sito\u00bb el anuncio de Gran Breta\u00f1a referido a un refuerzo del despliegue militar en las Islas Malvinas frente a un hipot\u00e9tico ataque argentino.<\/p>\n<p>\u00abComo van a tener elecciones, recurren a un nacionalismo berreta de poner en vilo a toda la sociedad brit\u00e1nica sobre un hecho militar\u00bb, dijo el funcionario nacional al ser consultado sobre el anuncio del ministro de Defensa brit\u00e1nico, Michael Fallon, quien ayer inform\u00f3 en el Parlamento de su pa\u00eds el despliegue de helic\u00f3pteros de guerra y la actualizaci\u00f3n del sistema de misiles en las islas.<\/p>\n<p>Antes de su ingreso a Casa de Gobierno, Fern\u00e1ndez agreg\u00f3 que con el despliegue de dos helic\u00f3pteros de guerra Chinook y la actualizaci\u00f3n del sistema de misiles anti-a\u00e9reo en Malvinas, \u00abcree (Fallon) que mejora su performance\u00bb frente a las pr\u00f3ximas elecciones.<\/p>\n<p>Ayer, la Canciller\u00eda argentina respondi\u00f3 mediante un comunicado, que luego fue replicado por la presidenta de la Naci\u00f3n Cristina Fern\u00e1ndez de Kirchner en las redes sociales, que el Gobierno \u00abreitera que el di\u00e1logo y la negociaci\u00f3n, y no las armas, son el \u00fanico camino para resolver la cuesti\u00f3n\u00bb.<\/p>\n<p>\u00abAdem\u00e1s de inveros\u00edmil, resulta absolutamente injustificable que se agite el fantasma de una presunta &#8216;amenaza argentina&#8217; para aumentar el presupuesto militar brit\u00e1nico y consolidar la creciente militarizaci\u00f3n de las islas\u00bb, advirti\u00f3 el texto.<\/p>\n<p>Y agreg\u00f3 que los fondos destinados a ese refuerzo \u00abdeber\u00ed\u00acan ser usados en beneficio del pueblo brit\u00e1nico, para combatir el desempleo, mejorar la educaci\u00f3n y la salud y profundizar la inclusi\u00f3n social\u00bb.<\/p>\n<p>\u00abSe ignora, deliberadamente, que la b\u00fasqueda de una soluci\u00f3n pac\u00edfica de la disputa de soberan\u00eda es una pol\u00edtica de Estado de una s\u00f3lida democracia argentina y que ha recibido el respaldo de todas las fuerzas pol\u00edticas con representaci\u00f3n parlamentaria\u00bb, subray\u00f3 el Ministerio de Relaciones Exteriores.<\/p>\n","protected":false},"excerpt":{"rendered":"<p>El jefe de Gabinete apunt\u00f3 al gobierno de David Cameron y consider\u00f3n que \u00abcomo van a tener elecciones, recurren a un nacionalismo berreta de poner en vilo a toda la sociedad brit\u00e1nica sobre un hecho militar\u00bb.<\/p>\n","protected":false},"author":8,"featured_media":0,"comment_status":"open","ping_status":"open","sticky":false,"template":"","format":"standard","meta":{"_jetpack_newsletter_access":"","_jetpack_dont_email_post_to_subs":false,"_jetpack_newsletter_tier_id":0,"_jetpack_memberships_contains_paywalled_content":false,"_jetpack_memberships_contains_paid_content":false,"footnotes":""},"categories":[51],"tags":[],"class_list":["post-63541","post","type-post","status-publish","format-standard","hentry","category-politica"],"jetpack_shortlink":"https:\/\/wp.me\/p2JWE0-gwR","jetpack-related-posts":[{"id":63570,"url":"http:\/\/www.24baires.com\/?p=63570","url_meta":{"origin":63541,"position":0},"title":"\u201cMientras la Argentina se apega al derecho internacional, Gran Breta\u00f1a apuesta al armamentismo\u201d","author":"AF","date":"25\/03\/2015","format":false,"excerpt":"El canciller H\u00e9ctor Timerman sostuvo que \u201cmientras la Argentina se apega al derecho internacional, Gran Breta\u00f1a apuesta al armamentismo\u201d y adelant\u00f3 que, tras conocerse la decisi\u00f3n brit\u00e1nica de reforzar la presencia militar en las Islas Malvinas, el gobierno nacional presentar\u00e1 una denuncia ante el Comit\u00e9 de Descolonizaci\u00f3n de Naciones Unidas\u2026","rel":"","context":"En \u00abInternacionales\u00bb","block_context":{"text":"Internacionales","link":"http:\/\/www.24baires.com\/?cat=73"},"img":{"alt_text":"","src":"","width":0,"height":0},"classes":[]},{"id":18110,"url":"http:\/\/www.24baires.com\/?p=18110","url_meta":{"origin":63541,"position":1},"title":"An\u00edbal Fern\u00e1ndez:  el refer\u00e9ndum en Malvinas es \u201cun truco de publicidad\u201d","author":"AF","date":"11\/03\/2013","format":false,"excerpt":"El senador nacional por el Frente Para la Victoria se refiri\u00f3 al plebiscito que realizan los habitantes de las Islas Malvinas para determinar si quieren seguir perteneciendo al Reino Unido. En relaci\u00f3n a ello, manifest\u00f3: \u201ces una paparruchada\u201d. El senador oficialista, An\u00edbal Fern\u00e1ndez, critic\u00f3 el refer\u00e9ndum que se lleva a\u2026","rel":"","context":"En \u00abPol\u00edtica\u00bb","block_context":{"text":"Pol\u00edtica","link":"http:\/\/www.24baires.com\/?cat=51"},"img":{"alt_text":"fern\u00e1ndez an\u00edbal","src":"https:\/\/i0.wp.com\/www.24baires.com\/wp-content\/uploads\/2012\/12\/fern%C3%A1ndez-an%C3%ADbal.jpg?resize=350%2C200","width":350,"height":200,"srcset":"https:\/\/i0.wp.com\/www.24baires.com\/wp-content\/uploads\/2012\/12\/fern%C3%A1ndez-an%C3%ADbal.jpg?resize=350%2C200 1x, https:\/\/i0.wp.com\/www.24baires.com\/wp-content\/uploads\/2012\/12\/fern%C3%A1ndez-an%C3%ADbal.jpg?resize=525%2C300 1.5x"},"classes":[]},{"id":117862,"url":"http:\/\/www.24baires.com\/?p=117862","url_meta":{"origin":63541,"position":2},"title":"Alberto se mostr\u00f3 confiado: \u00abVamos a ganar las elecciones\u00bb","author":"GB","date":"15\/07\/2021","format":false,"excerpt":"Durante un encuentro virtual de la Corriente Nacional de la Militancia, el Presidente asegur\u00f3 que el Frente de Todos \"va a demostrar que los argentinos nos acompa\u00f1an\". El presidente Alberto Fern\u00e1ndez asegur\u00f3 que el Frente de Todos \"va a ganar las elecciones\" y que \"vamos a demostrar que los argentinos\u2026","rel":"","context":"En \u00abPol\u00edtica\u00bb","block_context":{"text":"Pol\u00edtica","link":"http:\/\/www.24baires.com\/?cat=51"},"img":{"alt_text":"","src":"https:\/\/i0.wp.com\/www.24baires.com\/wp-content\/uploads\/2020\/04\/alberto-f.jpg?resize=350%2C200","width":350,"height":200,"srcset":"https:\/\/i0.wp.com\/www.24baires.com\/wp-content\/uploads\/2020\/04\/alberto-f.jpg?resize=350%2C200 1x, https:\/\/i0.wp.com\/www.24baires.com\/wp-content\/uploads\/2020\/04\/alberto-f.jpg?resize=525%2C300 1.5x"},"classes":[]},{"id":18330,"url":"http:\/\/www.24baires.com\/?p=18330","url_meta":{"origin":63541,"position":3},"title":"El Senado homenaje\u00f3 a Ch\u00e1vez y rechaz\u00f3 el refer\u00e9ndum de los kelpers","author":"Grupo Sierra","date":"13\/03\/2013","format":false,"excerpt":"La C\u00e1mara de Senadores de la Naci\u00f3n rechaz\u00f3 el referendo que celebraron los habitantes ingleses de las Islas Malvinas y consideran a los habitantes como \"pobladores implantados\". Tambi\u00e9n rindi\u00f3 homenaje a la memoria del ex presidente venezolano Hugo Ch\u00e1vez. A trav\u00e9s de un proyecto de declaraci\u00f3n, la C\u00e1mara alta cuestiona\u2026","rel":"","context":"En \u00abPol\u00edtica\u00bb","block_context":{"text":"Pol\u00edtica","link":"http:\/\/www.24baires.com\/?cat=51"},"img":{"alt_text":"senado kelpers","src":"https:\/\/i0.wp.com\/www.24baires.com\/wp-content\/uploads\/2013\/03\/senado-kelpers-300x199.jpg?resize=350%2C200","width":350,"height":200},"classes":[]},{"id":43178,"url":"http:\/\/www.24baires.com\/?p=43178","url_meta":{"origin":63541,"position":4},"title":"Cristina en el acto de Malvinas: \u00abLas islas se convirtieron en la base militar de la OTAN\u00bb","author":"Grupo Sierra","date":"02\/04\/2014","format":false,"excerpt":"Lo se\u00f1al\u00f3 la Presidenta en un discurso muy contundente sobre las bases militares en la zona. La presidenta Cristina Fern\u00e1ndez de Kirchner asegur\u00f3 hoy que las Islas Malvinas son hoy \"la base militar de la OTAN en el Atl\u00e1ntico Sur\" y se\u00f1al\u00f3 que \"eso es lo que no deben seguir\u2026","rel":"","context":"En \u00abPol\u00edtica\u00bb","block_context":{"text":"Pol\u00edtica","link":"http:\/\/www.24baires.com\/?cat=51"},"img":{"alt_text":"cristina1","src":"https:\/\/i0.wp.com\/www.24baires.com\/wp-content\/uploads\/2014\/02\/cristina1.jpg?resize=350%2C200","width":350,"height":200,"srcset":"https:\/\/i0.wp.com\/www.24baires.com\/wp-content\/uploads\/2014\/02\/cristina1.jpg?resize=350%2C200 1x, https:\/\/i0.wp.com\/www.24baires.com\/wp-content\/uploads\/2014\/02\/cristina1.jpg?resize=525%2C300 1.5x"},"classes":[]},{"id":119825,"url":"http:\/\/www.24baires.com\/?p=119825","url_meta":{"origin":63541,"position":5},"title":"La Ant\u00e1rtida es \u00abun enclave vital de la soberan\u00eda territorial y pol\u00edtica\u00bb de la Argentina","author":"AF","date":"22\/02\/2023","format":false,"excerpt":"Durante su discurso, el mandatario anunci\u00f3 la creaci\u00f3n de una corresponsal\u00eda itinerante de T\u00e9lam en la Ant\u00e1rtida argentina y asegur\u00f3 que \"Malvinas es una causa nacional, porque el Atl\u00e1ntico Sur y, sin dudas, nuestro territorio ant\u00e1rtico son un enclave vital de nuestra soberan\u00eda territorial y pol\u00edtica\". El presidente Alberto Fern\u00e1ndez\u2026","rel":"","context":"En \u00abSociedad\u00bb","block_context":{"text":"Sociedad","link":"http:\/\/www.24baires.com\/?cat=1"},"img":{"alt_text":"","src":"https:\/\/i0.wp.com\/www.24baires.com\/wp-content\/uploads\/2023\/02\/360.jpeg?resize=350%2C200","width":350,"height":200,"srcset":"https:\/\/i0.wp.com\/www.24baires.com\/wp-content\/uploads\/2023\/02\/360.jpeg?resize=350%2C200 1x, https:\/\/i0.wp.com\/www.24baires.com\/wp-content\/uploads\/2023\/02\/360.jpeg?resize=525%2C300 1.5x"},"classes":[]}],"jetpack_sharing_enabled":true,"jetpack_likes_enabled":true,"jetpack_featured_media_url":"","_links":{"self":[{"href":"http:\/\/www.24baires.com\/index.php?rest_route=\/wp\/v2\/posts\/63541","targetHints":{"allow":["GET"]}}],"collection":[{"href":"http:\/\/www.24baires.com\/index.php?rest_route=\/wp\/v2\/posts"}],"about":[{"href":"http:\/\/www.24baires.com\/index.php?rest_route=\/wp\/v2\/types\/post"}],"author":[{"embeddable":true,"href":"http:\/\/www.24baires.com\/index.php?rest_route=\/wp\/v2\/users\/8"}],"replies":[{"embeddable":true,"href":"http:\/\/www.24baires.com\/index.php?rest_route=%2Fwp%2Fv2%2Fcomments&post=63541"}],"version-history":[{"count":1,"href":"http:\/\/www.24baires.com\/index.php?rest_route=\/wp\/v2\/posts\/63541\/revisions"}],"predecessor-version":[{"id":63542,"href":"http:\/\/www.24baires.com\/index.php?rest_route=\/wp\/v2\/posts\/63541\/revisions\/63542"}],"wp:attachment":[{"href":"http:\/\/www.24baires.com\/index.php?rest_route=%2Fwp%2Fv2%2Fmedia&parent=63541"}],"wp:term":[{"taxonomy":"category","embeddable":true,"href":"http:\/\/www.24baires.com\/index.php?rest_route=%2Fwp%2Fv2%2Fcategories&post=63541"},{"taxonomy":"post_tag","embeddable":true,"href":"http:\/\/www.24baires.com\/index.php?rest_route=%2Fwp%2Fv2%2Ftags&post=63541"}],"curies":[{"name":"wp","href":"https:\/\/api.w.org\/{rel}","templated":true}]}}