{"id":63538,"date":"2015-03-24T21:00:59","date_gmt":"2015-03-25T00:00:59","guid":{"rendered":"http:\/\/www.24baires.com\/?p=63538"},"modified":"2015-03-24T19:05:28","modified_gmt":"2015-03-24T22:05:28","slug":"hebe-quiere-a-cristina-como-gobernadora-porque-la-provincia-esta-hecha-moco","status":"publish","type":"post","link":"http:\/\/www.24baires.com\/?p=63538","title":{"rendered":"Hebe quiere a Cristina como gobernadora porque \u00abla Provincia est\u00e1 hecha moco\u00bb"},"content":{"rendered":"<p><img data-recalc-dims=\"1\" loading=\"lazy\" decoding=\"async\" class=\"aligncenter size-full wp-image-39456\" src=\"https:\/\/i0.wp.com\/www.24baires.com\/wp-content\/uploads\/2014\/01\/hebe-de-bonafini.jpg?resize=560%2C335\" alt=\"hebe-de-bonafini\" width=\"560\" height=\"335\" srcset=\"https:\/\/i0.wp.com\/www.24baires.com\/wp-content\/uploads\/2014\/01\/hebe-de-bonafini.jpg?w=560 560w, https:\/\/i0.wp.com\/www.24baires.com\/wp-content\/uploads\/2014\/01\/hebe-de-bonafini.jpg?resize=300%2C179 300w\" sizes=\"auto, (max-width: 560px) 100vw, 560px\" \/>La titular de la asociaci\u00f3n Madres de Plaza de Mayo acus\u00f3 a Scioli de haber apoyado la \u00faltima dictadura.<!--more--><\/p>\n<p>La titular de la asociaci\u00f3n Madres de Plaza de Mayo, Hebe de Bonafini, acus\u00f3 este martes al gobernador bonaerense, Daniel Scioli, de apoyar la \u00faltima dictadura y pidi\u00f3 que la presidenta Cristina Kirchner se presente como candidata en la Provincia porque, asegur\u00f3, el territorio bonaerense \u00abest\u00e1 hecho moco\u00bb.<\/p>\n<p>El d\u00eda que se cumplen 39 a\u00f1os del \u00faltimo golpe de Estado, Bonafini tambi\u00e9n carg\u00f3 contra el jefe de Gobierno porte\u00f1o, Mauricio Macri, por la compra de pistolas el\u00e9ctricas Taser, por lo que lo calific\u00f3 de \u00abtorturador\u00bb.<br \/>\nLa dirigente por los derechos humanos tambi\u00e9n se meti\u00f3 en la campa\u00f1a pol\u00edtica con vistas a las elecciones presidenciales del 25 de octubre y expres\u00f3 que le \u00abgustan todos los candidatos\u00bb que presenta el oficialismo \u00abmenos Scioli\u00bb.<\/p>\n<p>\u00abScioli es un tipo que en la \u00e9poca de la dictadura apoy\u00f3 la dictadura. Si vos sos un tipo de una clase social que te la pas\u00e1s andando en una lancha y te cag\u00e1s en lo que pasa en tu pa\u00eds ya te das cuenta que est\u00e1s del otro lado\u00bb, sentenci\u00f3.<br \/>\nLa presidenta de Madres de Plaza de Mayo tambi\u00e9n se\u00f1al\u00f3 que el gobernador bonaerense se manifiesta a favor de los derechos humanos \u00abporque ahora es f\u00e1cil\u00bb, pero remarc\u00f3 que \u00abhay que ver qu\u00e9 hac\u00eda en la \u00faltima dictadura\u00bb.<br \/>\n\u00abEra de la clase social que estaba de acuerdo con que se llevaran a nuestros hijos\u00bb, enfatiz\u00f3 Bonafini y asegur\u00f3 que \u00abhay un mont\u00f3n de gente\u00bb del oficialismo que no apoya la candidatura de Scioli para suceder a la Presidenta.<br \/>\nConsultada en di\u00e1logo con radio Del Plata sobre si quiere que la jefa de Estado se postule para alg\u00fan cargo, Bonafini respondi\u00f3 que le \u00abgustar\u00eda que sea candidata a gobernadora\u00bb bonaerense y remat\u00f3: \u00abLa hace de nuevo. Est\u00e1 hecha moco la provincia\u00bb.<br \/>\nOtro dirigente que fue foco de las cr\u00edticas de Bonafini fue el jefe de Gobierno porte\u00f1o, por lo que advirti\u00f3 que \u00absi gana Macri vamos a estar torturados con esas pistolas (Taser) que compr\u00f3\u00bb.<br \/>\n\u00abEs un torturador el tipo este. Dicen que las van a usar (a las pistolas) para disuadir, qu\u00e9 disuadir\u00bb, cuestion\u00f3.<br \/>\nEn el marco del D\u00eda Nacional de la Memoria por la Verdad y la Justicia, Bonafini expres\u00f3 que vive esta fecha \u00abcon mucho entusiasmo, porque la lucha nunca es in\u00fatil\u00bb y valor\u00f3 que en el pa\u00eds \u00abya no podr\u00eda haber una dictadura sangrienta porque el pueblo no lo soportar\u00eda\u00bb.<br \/>\nAdem\u00e1s, cont\u00f3 que hoy las Madres no marchar\u00e1n caminando a Plaza de Mayo como todos los a\u00f1os, sino en un micro descapotable que esta ma\u00f1ana estaban ploteando con im\u00e1genes de los a\u00f1os de lucha de la Asociaci\u00f3n.<\/p>\n<p>&nbsp;<\/p>\n<p>&nbsp;<\/p>\n<p>&nbsp;<\/p>\n<p>&nbsp;<\/p>\n<p>&nbsp;<\/p>\n<p>&nbsp;<\/p>\n<p>&nbsp;<\/p>\n<p>&nbsp;<\/p>\n<p>&nbsp;<\/p>\n<p>&nbsp;<\/p>\n<p>&nbsp;<\/p>\n","protected":false},"excerpt":{"rendered":"<p>La titular de la asociaci\u00f3n Madres de Plaza de Mayo acus\u00f3 a Scioli de haber apoyado la \u00faltima dictadura.<\/p>\n","protected":false},"author":8,"featured_media":0,"comment_status":"open","ping_status":"open","sticky":false,"template":"","format":"standard","meta":{"_jetpack_newsletter_access":"","_jetpack_dont_email_post_to_subs":false,"_jetpack_newsletter_tier_id":0,"_jetpack_memberships_contains_paywalled_content":false,"_jetpack_memberships_contains_paid_content":false,"footnotes":""},"categories":[51],"tags":[],"class_list":["post-63538","post","type-post","status-publish","format-standard","hentry","category-politica"],"jetpack_shortlink":"https:\/\/wp.me\/p2JWE0-gwO","jetpack-related-posts":[{"id":74303,"url":"http:\/\/www.24baires.com\/?p=74303","url_meta":{"origin":63538,"position":0},"title":"Hebe dispar\u00f3 la pol\u00e9mica: \u201cMacri es la dictadura y la tortura\u201d","author":"GB","date":"28\/10\/2015","format":false,"excerpt":"La Titular de Madres de Plaza de Mayo admiti\u00f3 que, pese a las diferencias, votar\u00e1 a Daniel Scioli. Asegur\u00f3 que dentro del Frente para la Victoria \u201chay traidores\u201d. La pol\u00e9mica volvi\u00f3 a desatarse. Esta vez, la titular de Madres de Plaza de Mayo, Hebe de Bonafini, se refiri\u00f3 a la\u2026","rel":"","context":"En \u00abPol\u00edtica\u00bb","block_context":{"text":"Pol\u00edtica","link":"http:\/\/www.24baires.com\/?cat=51"},"img":{"alt_text":"hebe-de-bonafini","src":"https:\/\/i0.wp.com\/www.24baires.com\/wp-content\/uploads\/2014\/01\/hebe-de-bonafini.jpg?resize=350%2C200","width":350,"height":200,"srcset":"https:\/\/i0.wp.com\/www.24baires.com\/wp-content\/uploads\/2014\/01\/hebe-de-bonafini.jpg?resize=350%2C200 1x, https:\/\/i0.wp.com\/www.24baires.com\/wp-content\/uploads\/2014\/01\/hebe-de-bonafini.jpg?resize=525%2C300 1.5x"},"classes":[]},{"id":106018,"url":"http:\/\/www.24baires.com\/?p=106018","url_meta":{"origin":63538,"position":1},"title":"\u201cLos gordos de la CGT mejor que se jubilen, y vayan al campo a cuidar sus vacas\u201d","author":"AF","date":"19\/12\/2018","format":false,"excerpt":"As\u00ed lo sostuvo la titular de la Asociaci\u00f3n de Madres de Plaza de Mayo, Hebe de Bonafini. Agreg\u00f3 que para las elecciones venideras \"Kicillof tiene que ir en la Provincia\". La titular de la Asociaci\u00f3n de Madres de Plaza de Mayo, Hebe de Bonafini, expres\u00f3 su apoyo a que el\u2026","rel":"","context":"En \u00abSociedad\u00bb","block_context":{"text":"Sociedad","link":"http:\/\/www.24baires.com\/?cat=1"},"img":{"alt_text":"","src":"https:\/\/i0.wp.com\/www.24baires.com\/wp-content\/uploads\/2014\/01\/hebe-de-bonafini.jpg?resize=350%2C200","width":350,"height":200,"srcset":"https:\/\/i0.wp.com\/www.24baires.com\/wp-content\/uploads\/2014\/01\/hebe-de-bonafini.jpg?resize=350%2C200 1x, https:\/\/i0.wp.com\/www.24baires.com\/wp-content\/uploads\/2014\/01\/hebe-de-bonafini.jpg?resize=525%2C300 1.5x"},"classes":[]},{"id":101348,"url":"http:\/\/www.24baires.com\/?p=101348","url_meta":{"origin":63538,"position":2},"title":"Bonafini sobre Meijide: \u00abNunca le import\u00f3 su hijo, queda claro, si no, no pedir\u00eda la libertad de Astiz\u00bb","author":"AF","date":"29\/03\/2018","format":false,"excerpt":"As\u00ed lo sostuvo Hebe. La titular de la Asociaci\u00f3n de Madres de Plaza de Mayo apunt\u00f3 contra la ex miembro de la Conadep, Graciela Fern\u00e1ndez Meijide, luego de haber apoyado la prisi\u00f3n domiciliaria del genocida Astiz. Hebe de Bonafini, titular de la Asociaci\u00f3n de Madres de Plaza de Mayo, sali\u00f3\u2026","rel":"","context":"En \u00abSociedad\u00bb","block_context":{"text":"Sociedad","link":"http:\/\/www.24baires.com\/?cat=1"},"img":{"alt_text":"","src":"https:\/\/i0.wp.com\/www.24baires.com\/wp-content\/uploads\/2018\/03\/bonafini-meijide.jpg?resize=350%2C200","width":350,"height":200,"srcset":"https:\/\/i0.wp.com\/www.24baires.com\/wp-content\/uploads\/2018\/03\/bonafini-meijide.jpg?resize=350%2C200 1x, https:\/\/i0.wp.com\/www.24baires.com\/wp-content\/uploads\/2018\/03\/bonafini-meijide.jpg?resize=525%2C300 1.5x"},"classes":[]},{"id":101332,"url":"http:\/\/www.24baires.com\/?p=101332","url_meta":{"origin":63538,"position":3},"title":"Bonafini, sobre la vuelta del bast\u00f3n en la Bonaerense: \u00abEs aterrador\u00bb","author":"GB","date":"28\/03\/2018","format":false,"excerpt":"En una dura carta, la titular de Madres cuestion\u00f3 a Vidal y a Ritondo y advirti\u00f3 que los polic\u00edas \"van a llevar ese palo para matar a cualquiera\". La titular de la Asociaci\u00f3n Madres de Plaza de Mayo, Hebe de Bonafini, le apunt\u00f3 a Mar\u00eda Eugenia Vidal y a Cristian\u2026","rel":"","context":"En \u00abSociedad\u00bb","block_context":{"text":"Sociedad","link":"http:\/\/www.24baires.com\/?cat=1"},"img":{"alt_text":"","src":"https:\/\/i0.wp.com\/www.24baires.com\/wp-content\/uploads\/2014\/01\/hebe-de-bonafini.jpg?resize=350%2C200","width":350,"height":200,"srcset":"https:\/\/i0.wp.com\/www.24baires.com\/wp-content\/uploads\/2014\/01\/hebe-de-bonafini.jpg?resize=350%2C200 1x, https:\/\/i0.wp.com\/www.24baires.com\/wp-content\/uploads\/2014\/01\/hebe-de-bonafini.jpg?resize=525%2C300 1.5x"},"classes":[]},{"id":61967,"url":"http:\/\/www.24baires.com\/?p=61967","url_meta":{"origin":63538,"position":4},"title":"Bonafini: \u00abLa marcha no fue de silencio, fue muy agresiva contra Cristina\u00bb","author":"AF","date":"19\/02\/2015","format":false,"excerpt":"La titular de la Asociaci\u00f3n Madres de Plaza de Mayo, Hebe de Bonafini, calific\u00f3 de \"muy agresiva y cobarde\" la marcha convocada ayer por un grupo de fiscales al cumplirse un mes de la muerte de Alberto Nisman. La titular de la Asociaci\u00f3n Madres de Plaza de Mayo, Hebe de\u2026","rel":"","context":"En \u00abPol\u00edtica\u00bb","block_context":{"text":"Pol\u00edtica","link":"http:\/\/www.24baires.com\/?cat=51"},"img":{"alt_text":"hebe-de-bonafini","src":"https:\/\/i0.wp.com\/www.24baires.com\/wp-content\/uploads\/2014\/01\/hebe-de-bonafini.jpg?resize=350%2C200","width":350,"height":200,"srcset":"https:\/\/i0.wp.com\/www.24baires.com\/wp-content\/uploads\/2014\/01\/hebe-de-bonafini.jpg?resize=350%2C200 1x, https:\/\/i0.wp.com\/www.24baires.com\/wp-content\/uploads\/2014\/01\/hebe-de-bonafini.jpg?resize=525%2C300 1.5x"},"classes":[]},{"id":61360,"url":"http:\/\/www.24baires.com\/?p=61360","url_meta":{"origin":63538,"position":5},"title":"Hebe de Bonafini tild\u00f3 de \u00abinepto\u00bb a Daniel Scioli","author":"AF","date":"06\/02\/2015","format":false,"excerpt":"En un nuevo embate de los que suele tener, la Presidenta de Madres de Plaza de Mayo, Hebe de Bonafini, tild\u00f3 de \"inepto\" al precandidato a presidente por el Frente para la Victoria, Daniel Scioli. Hebe se refiri\u00f3 a la situaci\u00f3n de la provincia de Buenos Aires en materia de\u2026","rel":"","context":"En \u00abPol\u00edtica\u00bb","block_context":{"text":"Pol\u00edtica","link":"http:\/\/www.24baires.com\/?cat=51"},"img":{"alt_text":"Scioli2","src":"https:\/\/i0.wp.com\/www.24baires.com\/wp-content\/uploads\/2014\/05\/Scioli2.jpg?resize=350%2C200","width":350,"height":200,"srcset":"https:\/\/i0.wp.com\/www.24baires.com\/wp-content\/uploads\/2014\/05\/Scioli2.jpg?resize=350%2C200 1x, https:\/\/i0.wp.com\/www.24baires.com\/wp-content\/uploads\/2014\/05\/Scioli2.jpg?resize=525%2C300 1.5x"},"classes":[]}],"jetpack_sharing_enabled":true,"jetpack_likes_enabled":true,"jetpack_featured_media_url":"","_links":{"self":[{"href":"http:\/\/www.24baires.com\/index.php?rest_route=\/wp\/v2\/posts\/63538","targetHints":{"allow":["GET"]}}],"collection":[{"href":"http:\/\/www.24baires.com\/index.php?rest_route=\/wp\/v2\/posts"}],"about":[{"href":"http:\/\/www.24baires.com\/index.php?rest_route=\/wp\/v2\/types\/post"}],"author":[{"embeddable":true,"href":"http:\/\/www.24baires.com\/index.php?rest_route=\/wp\/v2\/users\/8"}],"replies":[{"embeddable":true,"href":"http:\/\/www.24baires.com\/index.php?rest_route=%2Fwp%2Fv2%2Fcomments&post=63538"}],"version-history":[{"count":1,"href":"http:\/\/www.24baires.com\/index.php?rest_route=\/wp\/v2\/posts\/63538\/revisions"}],"predecessor-version":[{"id":63539,"href":"http:\/\/www.24baires.com\/index.php?rest_route=\/wp\/v2\/posts\/63538\/revisions\/63539"}],"wp:attachment":[{"href":"http:\/\/www.24baires.com\/index.php?rest_route=%2Fwp%2Fv2%2Fmedia&parent=63538"}],"wp:term":[{"taxonomy":"category","embeddable":true,"href":"http:\/\/www.24baires.com\/index.php?rest_route=%2Fwp%2Fv2%2Fcategories&post=63538"},{"taxonomy":"post_tag","embeddable":true,"href":"http:\/\/www.24baires.com\/index.php?rest_route=%2Fwp%2Fv2%2Ftags&post=63538"}],"curies":[{"name":"wp","href":"https:\/\/api.w.org\/{rel}","templated":true}]}}