{"id":63507,"date":"2015-03-23T20:30:59","date_gmt":"2015-03-23T23:30:59","guid":{"rendered":"http:\/\/www.24baires.com\/?p=63507"},"modified":"2015-03-23T20:30:59","modified_gmt":"2015-03-23T23:30:59","slug":"cariglino-esta-cada-vez-mas-lejos-del-frente-renovador","status":"publish","type":"post","link":"http:\/\/www.24baires.com\/?p=63507","title":{"rendered":"Cariglino est\u00e1 cada vez m\u00e1s lejos del Frente Renovador"},"content":{"rendered":"<p><img data-recalc-dims=\"1\" loading=\"lazy\" decoding=\"async\" class=\"aligncenter wp-image-44189\" src=\"https:\/\/i0.wp.com\/www.24baires.com\/wp-content\/uploads\/2014\/04\/cariglino.jpg?resize=560%2C372\" alt=\"cariglino\" width=\"560\" height=\"372\" srcset=\"https:\/\/i0.wp.com\/www.24baires.com\/wp-content\/uploads\/2014\/04\/cariglino.jpg?w=510 510w, https:\/\/i0.wp.com\/www.24baires.com\/wp-content\/uploads\/2014\/04\/cariglino.jpg?resize=300%2C199 300w\" sizes=\"auto, (max-width: 560px) 100vw, 560px\" \/>As\u00ed lo adelant\u00f3 el diputado nacional massista Gilberto Alegre, quien asegur\u00f3 que \u201cel intendente de <strong>Malvinas Argentinas<\/strong> (Jes\u00fas Cariglino) ya est\u00e1 pr\u00e1cticamente afuera del Frente Renovador\u201d, se\u00f1alaron fuentes del sector.<!--more--><\/p>\n<p>Alegre, que particip\u00f3 en una reuni\u00f3n de intendentes massistas del Conurbano, cont\u00f3 el distanciamiento que existe entre los referentes municipales del Frente Renovador y Jes\u00fas Cariglino luego de que el jefe comunal de Malvinas Argentinas propusiera que Massa baje su candidatura a presidente y sea precandidato a gobernador bonaerense del l\u00edder del PRO, Mauricio Macri.<\/p>\n<p>Tras el rechazo de la posibilidad de un pacto Macri\u2013Massa, Cariglino no particip\u00f3 de la reuni\u00f3n de intendentes que luego se realiz\u00f3 con el l\u00edder del Frente Renovador en la que se analiz\u00f3 el panorama actual que fue alterado por las salidas de varios dirigentes.<\/p>\n<p>Cariglino era uno de los candidatos de Massa a gobernador bonaerense pero no recibi\u00f3 el aval del ex intendente de Tigre, lo que produjo un quiebre en la relaci\u00f3n y por eso desde el encuentro de Jun\u00edn se mantiene una relaci\u00f3n tensa.<\/p>\n<p>En ese marco, Cariglino se encuentra cerca de acordar su traspaso con el espacio que lidera el jefe de Gobierno porte\u00f1o Mauricio Macri, quien sumar\u00eda otro intendente del Frente Renovador, seg\u00fan adelantaron fuentes macristas.<\/p>\n","protected":false},"excerpt":{"rendered":"<p>As\u00ed lo adelant\u00f3 el diputado nacional massista Gilberto Alegre, quien asegur\u00f3 que \u201cel intendente de Malvinas Argentinas (Jes\u00fas Cariglino) ya est\u00e1 pr\u00e1cticamente afuera del Frente Renovador\u201d, se\u00f1alaron fuentes del sector.<\/p>\n","protected":false},"author":8,"featured_media":0,"comment_status":"open","ping_status":"open","sticky":false,"template":"","format":"standard","meta":{"_jetpack_newsletter_access":"","_jetpack_dont_email_post_to_subs":false,"_jetpack_newsletter_tier_id":0,"_jetpack_memberships_contains_paywalled_content":false,"_jetpack_memberships_contains_paid_content":false,"footnotes":""},"categories":[51],"tags":[],"class_list":["post-63507","post","type-post","status-publish","format-standard","hentry","category-politica"],"jetpack_shortlink":"https:\/\/wp.me\/p2JWE0-gwj","jetpack-related-posts":[{"id":45497,"url":"http:\/\/www.24baires.com\/?p=45497","url_meta":{"origin":63507,"position":0},"title":"El pol\u00e9mico Cariglino, busca ser la ficha fuerte de Massa para el a\u00f1o electoral","author":"Grupo Sierra","date":"07\/05\/2014","format":false,"excerpt":"El ex panadero que lleg\u00f3 a la intendencia de Malvinas Argentinas en 1995 y nunca se fue, es uno de los alfiles de Massa para el 2015. A pesar de las tantas denuncias en su contra, busca lanzar su espacio este a\u00f1o. Los ahora alfiles de Massa buscan pegar el\u2026","rel":"","context":"En \u00abPol\u00edtica\u00bb","block_context":{"text":"Pol\u00edtica","link":"http:\/\/www.24baires.com\/?cat=51"},"img":{"alt_text":"Cariglino","src":"https:\/\/i0.wp.com\/www.24baires.com\/wp-content\/uploads\/2012\/11\/Cariglino.jpg?resize=350%2C200","width":350,"height":200,"srcset":"https:\/\/i0.wp.com\/www.24baires.com\/wp-content\/uploads\/2012\/11\/Cariglino.jpg?resize=350%2C200 1x, https:\/\/i0.wp.com\/www.24baires.com\/wp-content\/uploads\/2012\/11\/Cariglino.jpg?resize=525%2C300 1.5x"},"classes":[]},{"id":52580,"url":"http:\/\/www.24baires.com\/?p=52580","url_meta":{"origin":63507,"position":1},"title":"Massa reuni\u00f3 a intendentes en Malvinas Argentinas","author":"GB","date":"27\/08\/2014","format":false,"excerpt":"El Diputado nacional encabez\u00f3 un encuentro con intendentes del Frente Renovador en el Palacio Municipal de Malvinas Argentinas. \"Vemos a la Provincia en una situaci\u00f3n preocupante en materia fiscal, los intendentes manifestaron un alto nivel de retraso en las transferencias de recursos por parte de la Provincia\", dijo Massa. El\u2026","rel":"","context":"En \u00abElecciones 2015\u00bb","block_context":{"text":"Elecciones 2015","link":"http:\/\/www.24baires.com\/?cat=74"},"img":{"alt_text":"massa y secuaces","src":"https:\/\/i0.wp.com\/www.24baires.com\/wp-content\/uploads\/2014\/08\/massa-y-secuaces.jpg?resize=350%2C200","width":350,"height":200},"classes":[]},{"id":32944,"url":"http:\/\/www.24baires.com\/?p=32944","url_meta":{"origin":63507,"position":2},"title":"Acusan a Cariglino de \u00abense\u00f1ar a golpear\u00bb a opositores","author":"GB","date":"03\/10\/2013","format":false,"excerpt":"Una ex militante del intendente de Malvinas Argentinas, Jes\u00fas Cariglino, denunci\u00f3 al jefe comunal aliado al l\u00edder del Frente Renovador, Sergio Massa, por \"ense\u00f1ar a golpear\u201d a los opositores. Durante una caminata de los candidatos del Frente para la Victoria (FpV) y la diputada nacional Teresa Garc\u00eda por el asentamiento\u2026","rel":"","context":"En \u00abELECCIONES 2013\u00bb","block_context":{"text":"ELECCIONES 2013","link":"http:\/\/www.24baires.com\/?cat=72"},"img":{"alt_text":"","src":"","width":0,"height":0},"classes":[]},{"id":65630,"url":"http:\/\/www.24baires.com\/?p=65630","url_meta":{"origin":63507,"position":3},"title":"Roque Cariglino se suma a los que abandonan el Frente Renovador","author":"GB","date":"09\/05\/2015","format":false,"excerpt":"El hermano de Jes\u00fas Cariglino y senador bonaerense tambi\u00e9n pega el portazo, siguiendo la decisi\u00f3n del primero. El bloque de Sergio Massa ten\u00eda 20 miembros hasta diciembre del a\u00f1o pasado y ahora qued\u00f3 con 16, sin mayor\u00eda, superado nuevamente por el Frente para la Victoria. Como con Jes\u00fas, el massismo\u2026","rel":"","context":"En \u00abPol\u00edtica\u00bb","block_context":{"text":"Pol\u00edtica","link":"http:\/\/www.24baires.com\/?cat=51"},"img":{"alt_text":"","src":"https:\/\/i0.wp.com\/www.24baires.com\/wp-content\/uploads\/2015\/05\/roque-cariglino.jpg?resize=350%2C200","width":350,"height":200,"srcset":"https:\/\/i0.wp.com\/www.24baires.com\/wp-content\/uploads\/2015\/05\/roque-cariglino.jpg?resize=350%2C200 1x, https:\/\/i0.wp.com\/www.24baires.com\/wp-content\/uploads\/2015\/05\/roque-cariglino.jpg?resize=525%2C300 1.5x"},"classes":[]},{"id":53146,"url":"http:\/\/www.24baires.com\/?p=53146","url_meta":{"origin":63507,"position":4},"title":"Z\u00faccaro \u00abla pifi\u00f3\u00bb con Cariglino: \u00abEs un modelo a seguir en materia de salud\u00bb","author":"Grupo Sierra","date":"05\/09\/2014","format":false,"excerpt":"El intendente elogi\u00f3 a su par, que tiene casi veinte denuncias en su contra: por mala praxis, casos de amenazas y patotas en Malvinas Argentinas. El intendente de Pilar, Humberto Z\u00faccaro, elogi\u00f3 extra\u00f1amente a Jes\u00fas Cariglino, alcalde que gobierna Malvinas Argentinas desde hace casi 20 a\u00f1os. En un acto, asegur\u00f3\u2026","rel":"","context":"En \u00abPol\u00edtica\u00bb","block_context":{"text":"Pol\u00edtica","link":"http:\/\/www.24baires.com\/?cat=51"},"img":{"alt_text":"cariglino-salud-mala-praxis","src":"https:\/\/i0.wp.com\/www.24baires.com\/wp-content\/uploads\/2014\/03\/cariglino-salud-mala-praxis.jpg?resize=350%2C200","width":350,"height":200,"srcset":"https:\/\/i0.wp.com\/www.24baires.com\/wp-content\/uploads\/2014\/03\/cariglino-salud-mala-praxis.jpg?resize=350%2C200 1x, https:\/\/i0.wp.com\/www.24baires.com\/wp-content\/uploads\/2014\/03\/cariglino-salud-mala-praxis.jpg?resize=525%2C300 1.5x"},"classes":[]},{"id":65463,"url":"http:\/\/www.24baires.com\/?p=65463","url_meta":{"origin":63507,"position":5},"title":"Giustozzi ratific\u00f3 su alianza con Massa, aunque no descarta alejarse del FR","author":"AF","date":"06\/05\/2015","format":false,"excerpt":"El diputado nacional del Frente Renovador Dar\u00edo Giustozzi confirm\u00f3 su pertenencia al Frente Renovador, pese a que en ese espacio que lidera Sergio Massa admiten que est\u00e1 \"conversando\" con otros sectores y no descartan una posible salida, disconforme con los t\u00e9rminos en que se plantea la interna de precandidatos a\u2026","rel":"","context":"En \u00abElecciones 2015\u00bb","block_context":{"text":"Elecciones 2015","link":"http:\/\/www.24baires.com\/?cat=74"},"img":{"alt_text":"","src":"https:\/\/i0.wp.com\/www.24baires.com\/wp-content\/uploads\/2015\/05\/giustozzi.jpg?resize=350%2C200","width":350,"height":200,"srcset":"https:\/\/i0.wp.com\/www.24baires.com\/wp-content\/uploads\/2015\/05\/giustozzi.jpg?resize=350%2C200 1x, https:\/\/i0.wp.com\/www.24baires.com\/wp-content\/uploads\/2015\/05\/giustozzi.jpg?resize=525%2C300 1.5x"},"classes":[]}],"jetpack_sharing_enabled":true,"jetpack_likes_enabled":true,"jetpack_featured_media_url":"","_links":{"self":[{"href":"http:\/\/www.24baires.com\/index.php?rest_route=\/wp\/v2\/posts\/63507","targetHints":{"allow":["GET"]}}],"collection":[{"href":"http:\/\/www.24baires.com\/index.php?rest_route=\/wp\/v2\/posts"}],"about":[{"href":"http:\/\/www.24baires.com\/index.php?rest_route=\/wp\/v2\/types\/post"}],"author":[{"embeddable":true,"href":"http:\/\/www.24baires.com\/index.php?rest_route=\/wp\/v2\/users\/8"}],"replies":[{"embeddable":true,"href":"http:\/\/www.24baires.com\/index.php?rest_route=%2Fwp%2Fv2%2Fcomments&post=63507"}],"version-history":[{"count":1,"href":"http:\/\/www.24baires.com\/index.php?rest_route=\/wp\/v2\/posts\/63507\/revisions"}],"predecessor-version":[{"id":63508,"href":"http:\/\/www.24baires.com\/index.php?rest_route=\/wp\/v2\/posts\/63507\/revisions\/63508"}],"wp:attachment":[{"href":"http:\/\/www.24baires.com\/index.php?rest_route=%2Fwp%2Fv2%2Fmedia&parent=63507"}],"wp:term":[{"taxonomy":"category","embeddable":true,"href":"http:\/\/www.24baires.com\/index.php?rest_route=%2Fwp%2Fv2%2Fcategories&post=63507"},{"taxonomy":"post_tag","embeddable":true,"href":"http:\/\/www.24baires.com\/index.php?rest_route=%2Fwp%2Fv2%2Ftags&post=63507"}],"curies":[{"name":"wp","href":"https:\/\/api.w.org\/{rel}","templated":true}]}}