{"id":63503,"date":"2015-03-23T18:18:30","date_gmt":"2015-03-23T21:18:30","guid":{"rendered":"http:\/\/www.24baires.com\/?p=63503"},"modified":"2015-03-23T18:18:30","modified_gmt":"2015-03-23T21:18:30","slug":"julian-dominguez-pidio-por-la-unidad-del-peronismo-bonaerense","status":"publish","type":"post","link":"http:\/\/www.24baires.com\/?p=63503","title":{"rendered":"Juli\u00e1n Dom\u00ednguez pidi\u00f3 por la unidad del peronismo bonaerense"},"content":{"rendered":"<p><img data-recalc-dims=\"1\" loading=\"lazy\" decoding=\"async\" class=\"aligncenter size-full wp-image-12970\" src=\"https:\/\/i0.wp.com\/www.24baires.com\/wp-content\/uploads\/2013\/01\/dominguez_julian.jpg?resize=560%2C307\" alt=\"dominguez_julian\" width=\"560\" height=\"307\" srcset=\"https:\/\/i0.wp.com\/www.24baires.com\/wp-content\/uploads\/2013\/01\/dominguez_julian.jpg?w=560 560w, https:\/\/i0.wp.com\/www.24baires.com\/wp-content\/uploads\/2013\/01\/dominguez_julian.jpg?resize=300%2C164 300w\" sizes=\"auto, (max-width: 560px) 100vw, 560px\" \/>El precandidato a gobernador bonaerense del Frente para la Victoria pidi\u00f3 la \u201cunidad\u201d del peronismo bonaerense y dese\u00f3 que \u201cse repitan estas confluencias\u201d tras dialogar con el intendente massista de San Mart\u00edn, Gabriel Katopodis, con quien coincidi\u00f3 en un acto en ese distrito.<!--more--><\/p>\n<p>En el marco de la inauguraci\u00f3n de la parroquia San Juan Bosco en la Villa La C\u00e1rcova de San Mart\u00edn, Dom\u00ednguez charl\u00f3 unos minutos con Katopodis y luego manifest\u00f3 su esperanza en que \u201c volvamos a repetir este tipo de confluencias, porque la Provincia necesita un peronismo unido\u201d.<\/p>\n<p>En ese sentido, el presidente de la C\u00e1mara de Diputados agreg\u00f3 que \u201cmi creencia m\u00e1s profunda es que debemos dialogar con todos y convocar, desde un peronismo unificado, a un frente pol\u00edtico, social y econ\u00f3mico lo m\u00e1s amplio posible\u201d.<\/p>\n<p>Sobre su presencia en un distrito gobernado por un intendente del Frente Renovador, Dom\u00ednguez se\u00f1al\u00f3 que \u201cMe propuse recorrer todos los distritos de la provincia de Buenos Aires porque quiero escuchar a todos los bonaerenses\u201d.<\/p>\n<p>Adem\u00e1s, el ex intendente de Chacabuco consider\u00f3 que \u201cpara lograr que la Provincia despegue definitivamente necesitamos de la experiencia de cada uno de los intendentes. Cuando sea gobernador, yo quiero ser el intendente 136\u201d, seg\u00fan se inform\u00f3 en un comunicado de prensa.<\/p>\n<p>La precandidata a jefa de Gobierno porte\u00f1o por el PRO, Gabriela Michetti y el presidente de River Plate, Rodolfo D\u2019Onofrio, tambi\u00e9n participaron del acto en la inauguraci\u00f3n de la parroquia realizado ayer y donde fue designado como sacerdote el padre Jos\u00e9 \u201cPepe\u201d Di Paola.<\/p>\n<p>Katopodis fue electo intendente del partido de San Mart\u00edn por una lista que encabezaba la presidenta Cristina Fern\u00e1ndez de Kirchner, pero en 2013 abandon\u00f3 el Frente para la Victoria y se encolumn\u00f3 en las filas del espacio pol\u00edtico que lidera el diputado nacional Sergio Massa, quien es su principal referente pol\u00edtico.<\/p>\n<p>&nbsp;<\/p>\n","protected":false},"excerpt":{"rendered":"<p>El precandidato a gobernador bonaerense del Frente para la Victoria pidi\u00f3 la \u201cunidad\u201d del peronismo bonaerense y dese\u00f3 que \u201cse repitan estas confluencias\u201d tras dialogar con el intendente massista de San Mart\u00edn, Gabriel Katopodis, con quien coincidi\u00f3 en un acto en ese distrito.<\/p>\n","protected":false},"author":8,"featured_media":0,"comment_status":"open","ping_status":"open","sticky":false,"template":"","format":"standard","meta":{"_jetpack_newsletter_access":"","_jetpack_dont_email_post_to_subs":false,"_jetpack_newsletter_tier_id":0,"_jetpack_memberships_contains_paywalled_content":false,"_jetpack_memberships_contains_paid_content":false,"footnotes":""},"categories":[51],"tags":[],"class_list":["post-63503","post","type-post","status-publish","format-standard","hentry","category-politica"],"jetpack_shortlink":"https:\/\/wp.me\/p2JWE0-gwf","jetpack-related-posts":[{"id":82474,"url":"http:\/\/www.24baires.com\/?p=82474","url_meta":{"origin":63503,"position":0},"title":"\u00abQueremos que Randazzo sea protagonista en 2017\u00bb","author":"GB","date":"09\/05\/2016","format":false,"excerpt":"El intendente de San Mart\u00edn que no estuvo en la visita que los intendentes bonaerenes realizaron a la ex presidenta Cristina Kirchner en el Instituto Patria resalt\u00f3 la importancia de que el ex ministro del Interior y Transporte \"sea protagonista en 2017\u201d. El intendente de San Mart\u00edn, Gabriel Katopodis, abog\u00f3\u2026","rel":"","context":"En \u00abPol\u00edtica\u00bb","block_context":{"text":"Pol\u00edtica","link":"http:\/\/www.24baires.com\/?cat=51"},"img":{"alt_text":"randazzo v","src":"https:\/\/i0.wp.com\/www.24baires.com\/wp-content\/uploads\/2015\/08\/randazzo-v.jpg?resize=350%2C200","width":350,"height":200,"srcset":"https:\/\/i0.wp.com\/www.24baires.com\/wp-content\/uploads\/2015\/08\/randazzo-v.jpg?resize=350%2C200 1x, https:\/\/i0.wp.com\/www.24baires.com\/wp-content\/uploads\/2015\/08\/randazzo-v.jpg?resize=525%2C300 1.5x"},"classes":[]},{"id":102994,"url":"http:\/\/www.24baires.com\/?p=102994","url_meta":{"origin":63503,"position":1},"title":"Insaurralde lanz\u00f3 su carrera por la Gobernaci\u00f3n bonaerense","author":"GB","date":"26\/06\/2018","format":false,"excerpt":"El intendente de Lomas de Zamora, Mart\u00edn Insaurralde, se anot\u00f3 hoy oficialmente en la carrera por la Gobernaci\u00f3n bonaerense, al difundir el apoyo de una docena de intendentes para que empiece a \"caminar la provincia\". El intendente, uno de los principales referentes del peronismo \"dialoguista\" en la provincia, reuni\u00f3 hoy\u2026","rel":"","context":"En \u00abProvincia\u00bb","block_context":{"text":"Provincia","link":"http:\/\/www.24baires.com\/?cat=40"},"img":{"alt_text":"","src":"https:\/\/i0.wp.com\/www.24baires.com\/wp-content\/uploads\/2018\/06\/insaurralde-300x200.jpg?resize=350%2C200","width":350,"height":200},"classes":[]},{"id":94491,"url":"http:\/\/www.24baires.com\/?p=94491","url_meta":{"origin":63503,"position":2},"title":"Katopodis: \u00abEl candidato m\u00e1s indicado es Florencio Randazzo\u00bb","author":"GB","date":"13\/05\/2017","format":false,"excerpt":"En di\u00e1logo con Pol\u00edtica Argentina radio, el intendente de San Mart\u00edn se refiri\u00f3 a la interna del PJ y asegur\u00f3 que el exministro del Interior no competir\u00e1 en la interna del Frente Renovador, porque \"Massa hoy est\u00e1 por fuera del peronismo\". Para el dirigente peronista \"en esta elecci\u00f3n hay que\u2026","rel":"","context":"En \u00abPol\u00edtica\u00bb","block_context":{"text":"Pol\u00edtica","link":"http:\/\/www.24baires.com\/?cat=51"},"img":{"alt_text":"","src":"https:\/\/i0.wp.com\/www.24baires.com\/wp-content\/uploads\/2015\/06\/katopodis.jpg?resize=350%2C200","width":350,"height":200,"srcset":"https:\/\/i0.wp.com\/www.24baires.com\/wp-content\/uploads\/2015\/06\/katopodis.jpg?resize=350%2C200 1x, https:\/\/i0.wp.com\/www.24baires.com\/wp-content\/uploads\/2015\/06\/katopodis.jpg?resize=525%2C300 1.5x"},"classes":[]},{"id":77341,"url":"http:\/\/www.24baires.com\/?p=77341","url_meta":{"origin":63503,"position":3},"title":"Katopodis justifica el pedido de endeudamiento de Vidal","author":"AF","date":"08\/01\/2016","format":false,"excerpt":"El intendente de San Mart\u00edn confirm\u00f3 que este viernes continuar\u00e1n las reuniones de intendentes bonaerenses con funcionarios de la gobernaci\u00f3n para avanzar en un acuerdo que permita la aprobaci\u00f3n del presupuesto 2016. Katopodis consider\u00f3 que ante un \"endeudamiento extraordinario\" se hace necesario \"entender y justificar esa necesidad\". \"Hoy tendremos una\u2026","rel":"","context":"En \u00abPol\u00edtica\u00bb","block_context":{"text":"Pol\u00edtica","link":"http:\/\/www.24baires.com\/?cat=51"},"img":{"alt_text":"katopodis","src":"https:\/\/i0.wp.com\/www.24baires.com\/wp-content\/uploads\/2015\/06\/katopodis.jpg?resize=350%2C200","width":350,"height":200,"srcset":"https:\/\/i0.wp.com\/www.24baires.com\/wp-content\/uploads\/2015\/06\/katopodis.jpg?resize=350%2C200 1x, https:\/\/i0.wp.com\/www.24baires.com\/wp-content\/uploads\/2015\/06\/katopodis.jpg?resize=525%2C300 1.5x"},"classes":[]},{"id":104294,"url":"http:\/\/www.24baires.com\/?p=104294","url_meta":{"origin":63503,"position":4},"title":"Intendentes del PJ pidieron que no haya m\u00e1s tarifazos en el gas","author":"GB","date":"05\/09\/2018","format":false,"excerpt":"Gray y Katopodis expusieron en la audiencia p\u00fablica y cuestionaron al Gobierno por los nuevos aumentos. Intendentes del peronismo bonaerense expusieron en la audiencia p\u00fablica en la que se discuten nuevos incrementos en las tarifas de gas y manifestaron su preocupaci\u00f3n por el impacto que tendr\u00eda la nueva ola de\u2026","rel":"","context":"En \u00abConsumidores\u00bb","block_context":{"text":"Consumidores","link":"http:\/\/www.24baires.com\/?cat=78"},"img":{"alt_text":"","src":"https:\/\/i0.wp.com\/www.24baires.com\/wp-content\/uploads\/2016\/08\/gas.jpg?resize=350%2C200","width":350,"height":200,"srcset":"https:\/\/i0.wp.com\/www.24baires.com\/wp-content\/uploads\/2016\/08\/gas.jpg?resize=350%2C200 1x, https:\/\/i0.wp.com\/www.24baires.com\/wp-content\/uploads\/2016\/08\/gas.jpg?resize=525%2C300 1.5x"},"classes":[]},{"id":92072,"url":"http:\/\/www.24baires.com\/?p=92072","url_meta":{"origin":63503,"position":5},"title":"Otro gesto de unidad: peronistas bonaerenses de distintos sectores visitaron juntos a Milagro Sala","author":"GB","date":"01\/02\/2017","format":false,"excerpt":"Despu\u00e9s de una reuni\u00f3n que empez\u00f3 a sellar la unificaci\u00f3n del Partido Justicialista en la Provincia de Buenos Aires, importantes referentes viajaron a Jujuy para visitar a la l\u00edder Tupac Amaru que est\u00e1 detenida en la c\u00e1rcel de Alto Comedero. Mir\u00e1 de qui\u00e9nes se trata. El peronismo bonaerense se reuni\u00f3\u2026","rel":"","context":"En \u00abPol\u00edtica\u00bb","block_context":{"text":"Pol\u00edtica","link":"http:\/\/www.24baires.com\/?cat=51"},"img":{"alt_text":"","src":"https:\/\/i0.wp.com\/www.24baires.com\/wp-content\/uploads\/2017\/02\/peronistas-bonaerenses.jpg?resize=350%2C200","width":350,"height":200,"srcset":"https:\/\/i0.wp.com\/www.24baires.com\/wp-content\/uploads\/2017\/02\/peronistas-bonaerenses.jpg?resize=350%2C200 1x, https:\/\/i0.wp.com\/www.24baires.com\/wp-content\/uploads\/2017\/02\/peronistas-bonaerenses.jpg?resize=525%2C300 1.5x"},"classes":[]}],"jetpack_sharing_enabled":true,"jetpack_likes_enabled":true,"jetpack_featured_media_url":"","_links":{"self":[{"href":"http:\/\/www.24baires.com\/index.php?rest_route=\/wp\/v2\/posts\/63503","targetHints":{"allow":["GET"]}}],"collection":[{"href":"http:\/\/www.24baires.com\/index.php?rest_route=\/wp\/v2\/posts"}],"about":[{"href":"http:\/\/www.24baires.com\/index.php?rest_route=\/wp\/v2\/types\/post"}],"author":[{"embeddable":true,"href":"http:\/\/www.24baires.com\/index.php?rest_route=\/wp\/v2\/users\/8"}],"replies":[{"embeddable":true,"href":"http:\/\/www.24baires.com\/index.php?rest_route=%2Fwp%2Fv2%2Fcomments&post=63503"}],"version-history":[{"count":1,"href":"http:\/\/www.24baires.com\/index.php?rest_route=\/wp\/v2\/posts\/63503\/revisions"}],"predecessor-version":[{"id":63504,"href":"http:\/\/www.24baires.com\/index.php?rest_route=\/wp\/v2\/posts\/63503\/revisions\/63504"}],"wp:attachment":[{"href":"http:\/\/www.24baires.com\/index.php?rest_route=%2Fwp%2Fv2%2Fmedia&parent=63503"}],"wp:term":[{"taxonomy":"category","embeddable":true,"href":"http:\/\/www.24baires.com\/index.php?rest_route=%2Fwp%2Fv2%2Fcategories&post=63503"},{"taxonomy":"post_tag","embeddable":true,"href":"http:\/\/www.24baires.com\/index.php?rest_route=%2Fwp%2Fv2%2Ftags&post=63503"}],"curies":[{"name":"wp","href":"https:\/\/api.w.org\/{rel}","templated":true}]}}