{"id":63467,"date":"2015-03-22T12:14:28","date_gmt":"2015-03-22T15:14:28","guid":{"rendered":"http:\/\/www.24baires.com\/?p=63467"},"modified":"2015-03-23T10:07:51","modified_gmt":"2015-03-23T13:07:51","slug":"frente-para-la-victoria-es-la-fuerza-con-mas-intencion-de-voto","status":"publish","type":"post","link":"http:\/\/www.24baires.com\/?p=63467","title":{"rendered":"Frente para la Victoria es la fuerza con m\u00e1s intenci\u00f3n de voto"},"content":{"rendered":"<p><img data-recalc-dims=\"1\" loading=\"lazy\" decoding=\"async\" class=\"aligncenter wp-image-26582\" src=\"https:\/\/i0.wp.com\/www.24baires.com\/wp-content\/uploads\/2013\/06\/URNAS-VOTOS.jpg?resize=560%2C373\" alt=\"URNAS VOTOS\" width=\"560\" height=\"373\" srcset=\"https:\/\/i0.wp.com\/www.24baires.com\/wp-content\/uploads\/2013\/06\/URNAS-VOTOS.jpg?w=510 510w, https:\/\/i0.wp.com\/www.24baires.com\/wp-content\/uploads\/2013\/06\/URNAS-VOTOS.jpg?resize=300%2C200 300w\" sizes=\"auto, (max-width: 560px) 100vw, 560px\" \/>Una encuesta elaborada por la consultora Poliarqu\u00eda arroja que el Frente para la Victoria es la fuerza nacional con mayor intenci\u00f3n de voto tanto en las PASO como en las elecciones generales de octubre.<!--more--><\/p>\n<p>La consultora Poliarqu\u00eda difundi\u00f3 una muestra nacional sobre preferencias electorales de cara a las primarias abiertas nacionales y las posteriores elecciones generales, el Frente para la Victoria posee un 36% de intenci\u00f3n de voto.<\/p>\n<p>La encuesta, publicada hoy en el diario Tiempo Argentino, fue elaborada a partir de consultas domiciliarias y telef\u00f3nica en 24 localidades diferentes puntos del pa\u00eds, de m\u00e1s de 10.000 habitantes y abarc\u00f3 un total de 1272 personas.<\/p>\n<p>De esta manera, la suma de la elecci\u00f3n de los candidatos del FPV arroja que esa fuerza se impondr\u00eda en las PASO con el 36% de los votos, a raz\u00f3n de un 25% de Daniel Scioli, un 10% de Florencio Randazzo y un 1 % de Sergio Urribarri.<\/p>\n<p>Siempre en un escenario de primarias, el gobernador bonaerense, con el 31% de los votos, estar\u00eda por delante de Mauricio Macri, que cosechar\u00eda una adhesi\u00f3n del 22% y en tercer lugar el diputado nacional Sergio Massa con un 19% de intenci\u00f3n de voto.<\/p>\n<p>La muestra fue realizada durante la primera quincena de marzo, previo a la Convenci\u00f3n Radical, por lo que tambi\u00e9n incluy\u00f3 las candidaturas de Ernesto Sanz por el radicalismo (que arroj\u00f3 un 1% de aceptaci\u00f3n electoral), y midi\u00f3 tambi\u00e9n la intenci\u00f3n de voto de Julio Cobos y Hermes Binner, que en el inter\u00edn entre la realizaci\u00f3n y la publicidad de la encuesta, bajaron sus candidaturas presidenciales.<\/p>\n<p>Seg\u00fan Poliarqu\u00eda, en el escenario de una elecci\u00f3n general, el FPV tambi\u00e9n se impondr\u00eda con la candidatura de Daniel Scioli, esta vez con el 31% de los votos, seguido, nuevamente por Macri y Massa.<\/p>\n<p>Ante un eventual ballotage entre los dos primeros candidatos con mayor intenci\u00f3n de voto, el kirchnerismo resultar\u00eda electo para un cuarto mandato, con una diferencia de m\u00e1s de 10 puntos sobre el PRO.<\/p>\n","protected":false},"excerpt":{"rendered":"<p>Una encuesta elaborada por la consultora Poliarqu\u00eda arroja que el Frente para la Victoria es la fuerza nacional con mayor intenci\u00f3n de voto tanto en las PASO como en las elecciones generales de octubre.<\/p>\n","protected":false},"author":8,"featured_media":0,"comment_status":"open","ping_status":"open","sticky":false,"template":"","format":"standard","meta":{"_jetpack_newsletter_access":"","_jetpack_dont_email_post_to_subs":false,"_jetpack_newsletter_tier_id":0,"_jetpack_memberships_contains_paywalled_content":false,"_jetpack_memberships_contains_paid_content":false,"footnotes":""},"categories":[51],"tags":[],"class_list":["post-63467","post","type-post","status-publish","format-standard","hentry","category-politica"],"jetpack_shortlink":"https:\/\/wp.me\/p2JWE0-gvF","jetpack-related-posts":[{"id":29411,"url":"http:\/\/www.24baires.com\/?p=29411","url_meta":{"origin":63467,"position":0},"title":"Insaurralde, para algunos muy cerca de Sergio Massa, para otros arriba","author":"Grupo Sierra","date":"02\/08\/2013","format":false,"excerpt":"Datos, encuestas, opiniones y vaticinios. A poco m\u00e1s de una semana para las PASO, circulan todo tipo de informaciones sobre los candidatos, sobre todo porcentajes de intenci\u00f3n de voto. Analizando los \u00faltimos d\u00edas, cotejando todas las encuestas y, lo que resulta muy importante, teniendo en cuenta de d\u00f3nde provienen esos\u2026","rel":"","context":"En \u00abOpini\u00f3n\u00bb","block_context":{"text":"Opini\u00f3n","link":"http:\/\/www.24baires.com\/?cat=64"},"img":{"alt_text":"insaurralde otra","src":"https:\/\/i0.wp.com\/www.24baires.com\/wp-content\/uploads\/2013\/06\/insaurralde-otra.jpg?resize=350%2C200","width":350,"height":200,"srcset":"https:\/\/i0.wp.com\/www.24baires.com\/wp-content\/uploads\/2013\/06\/insaurralde-otra.jpg?resize=350%2C200 1x, https:\/\/i0.wp.com\/www.24baires.com\/wp-content\/uploads\/2013\/06\/insaurralde-otra.jpg?resize=525%2C300 1.5x"},"classes":[]},{"id":58265,"url":"http:\/\/www.24baires.com\/?p=58265","url_meta":{"origin":63467,"position":1},"title":"Una encuesta pone al Frente para la Victoria como ganador en 2015","author":"GB","date":"07\/12\/2014","format":false,"excerpt":"El estudio hecho por la consultora Rouvier y Asociados, coloca al Frente para la Victoria primero con una intenci\u00f3n de voto del 32,6%. Cristina, con m\u00e1s del 50% de imagen positiva. Una encuesta realizada por la consultora Rouvier y Asociados, coloca al Frente para la Victoria como la fuerza pol\u00edtica\u2026","rel":"","context":"En \u00abElecciones 2015\u00bb","block_context":{"text":"Elecciones 2015","link":"http:\/\/www.24baires.com\/?cat=74"},"img":{"alt_text":"cristina churruca","src":"https:\/\/i0.wp.com\/www.24baires.com\/wp-content\/uploads\/2013\/06\/cristina-churruca.jpg?resize=350%2C200","width":350,"height":200,"srcset":"https:\/\/i0.wp.com\/www.24baires.com\/wp-content\/uploads\/2013\/06\/cristina-churruca.jpg?resize=350%2C200 1x, https:\/\/i0.wp.com\/www.24baires.com\/wp-content\/uploads\/2013\/06\/cristina-churruca.jpg?resize=525%2C300 1.5x"},"classes":[]},{"id":25923,"url":"http:\/\/www.24baires.com\/?p=25923","url_meta":{"origin":63467,"position":2},"title":"Una encuesta revela que el 56,1% de los que ya decidieron su voto lo hace por el kirchnerismo","author":"Grupo Sierra","date":"14\/06\/2013","format":false,"excerpt":"Una encuesta realizada por la Consultora Ceis en el \u00e1rea de la Ciudad Aut\u00f3noma de Buenos Aires y el conurbano durante el presente mes de junio previo al cierre y conformaci\u00f3n de alianzas, revel\u00f3 que un 38% de las personas ya tienen decidido su voto para las elecciones legislativas de\u2026","rel":"","context":"En \u00abPol\u00edtica\u00bb","block_context":{"text":"Pol\u00edtica","link":"http:\/\/www.24baires.com\/?cat=51"},"img":{"alt_text":"","src":"https:\/\/i0.wp.com\/www.24baires.com\/wp-content\/uploads\/2013\/06\/encuesta-junio.jpg?resize=350%2C200","width":350,"height":200,"srcset":"https:\/\/i0.wp.com\/www.24baires.com\/wp-content\/uploads\/2013\/06\/encuesta-junio.jpg?resize=350%2C200 1x, https:\/\/i0.wp.com\/www.24baires.com\/wp-content\/uploads\/2013\/06\/encuesta-junio.jpg?resize=525%2C300 1.5x"},"classes":[]},{"id":56166,"url":"http:\/\/www.24baires.com\/?p=56166","url_meta":{"origin":63467,"position":3},"title":"A siete a\u00f1os de su elecci\u00f3n, Cristina mantiene una aprobaci\u00f3n del 40%","author":"GB","date":"28\/10\/2014","format":false,"excerpt":"Encuestas publicadas en los \u00faltimos d\u00edas y especialistas en estudios de opini\u00f3n p\u00fablica confirmaron que Cristina Fern\u00e1ndez de Kirchner, tras siete a\u00f1os de ejercicio de la primera magistratura, conserva su liderazgo pol\u00edtico y una imagen positiva entre la poblaci\u00f3n que oscila entre el 40 y el 47%. Cristina Fern\u00e1ndez de\u2026","rel":"","context":"En \u00abPol\u00edtica\u00bb","block_context":{"text":"Pol\u00edtica","link":"http:\/\/www.24baires.com\/?cat=51"},"img":{"alt_text":"cristina1","src":"https:\/\/i0.wp.com\/www.24baires.com\/wp-content\/uploads\/2014\/02\/cristina1.jpg?resize=350%2C200","width":350,"height":200,"srcset":"https:\/\/i0.wp.com\/www.24baires.com\/wp-content\/uploads\/2014\/02\/cristina1.jpg?resize=350%2C200 1x, https:\/\/i0.wp.com\/www.24baires.com\/wp-content\/uploads\/2014\/02\/cristina1.jpg?resize=525%2C300 1.5x"},"classes":[]},{"id":24393,"url":"http:\/\/www.24baires.com\/?p=24393","url_meta":{"origin":63467,"position":4},"title":"Encuesta: 40% ya tiene decidido su voto para octubre, el 50,9% lo har\u00e1 por el kirchnerismo","author":"Grupo Sierra","date":"26\/05\/2013","format":false,"excerpt":"Una encuesta realizada en el \u00e1rea de la Ciudad Aut\u00f3noma de Buenos Aires y el conurbano revel\u00f3 que un 40% de las personas ya tienen decidido su voto para las elecciones legislativas de octubre, y que la mitad de esos votos ser\u00e1n para el Frente Para la Victoria. De esta\u2026","rel":"","context":"En \u00abPol\u00edtica\u00bb","block_context":{"text":"Pol\u00edtica","link":"http:\/\/www.24baires.com\/?cat=51"},"img":{"alt_text":"","src":"https:\/\/i0.wp.com\/www.24baires.com\/wp-content\/uploads\/2013\/05\/ceis-consultora.jpg?resize=350%2C200","width":350,"height":200,"srcset":"https:\/\/i0.wp.com\/www.24baires.com\/wp-content\/uploads\/2013\/05\/ceis-consultora.jpg?resize=350%2C200 1x, https:\/\/i0.wp.com\/www.24baires.com\/wp-content\/uploads\/2013\/05\/ceis-consultora.jpg?resize=525%2C300 1.5x"},"classes":[]},{"id":111174,"url":"http:\/\/www.24baires.com\/?p=111174","url_meta":{"origin":63467,"position":5},"title":"Una encuesta local da primera a Raverta y segundo a Montenegro en Mar del Plata","author":"GB","date":"15\/07\/2019","format":false,"excerpt":"Pero si se suman los votos de Montenegro y Baragiola, Juntos por el Cambio se impondr\u00eda ante el Frente de Todos. Una encuesta a nivel local da primera en las PASO a la precandidata a intendente del Frente de Todos Fernanda Raverta y segundo al precandidato de Juntos por el\u2026","rel":"","context":"En \u00abElecciones\u00bb","block_context":{"text":"Elecciones","link":"http:\/\/www.24baires.com\/?cat=316"},"img":{"alt_text":"","src":"https:\/\/i0.wp.com\/www.24baires.com\/wp-content\/uploads\/2019\/07\/paso-mdp.jpg?resize=350%2C200","width":350,"height":200,"srcset":"https:\/\/i0.wp.com\/www.24baires.com\/wp-content\/uploads\/2019\/07\/paso-mdp.jpg?resize=350%2C200 1x, https:\/\/i0.wp.com\/www.24baires.com\/wp-content\/uploads\/2019\/07\/paso-mdp.jpg?resize=525%2C300 1.5x"},"classes":[]}],"jetpack_sharing_enabled":true,"jetpack_likes_enabled":true,"jetpack_featured_media_url":"","_links":{"self":[{"href":"http:\/\/www.24baires.com\/index.php?rest_route=\/wp\/v2\/posts\/63467","targetHints":{"allow":["GET"]}}],"collection":[{"href":"http:\/\/www.24baires.com\/index.php?rest_route=\/wp\/v2\/posts"}],"about":[{"href":"http:\/\/www.24baires.com\/index.php?rest_route=\/wp\/v2\/types\/post"}],"author":[{"embeddable":true,"href":"http:\/\/www.24baires.com\/index.php?rest_route=\/wp\/v2\/users\/8"}],"replies":[{"embeddable":true,"href":"http:\/\/www.24baires.com\/index.php?rest_route=%2Fwp%2Fv2%2Fcomments&post=63467"}],"version-history":[{"count":1,"href":"http:\/\/www.24baires.com\/index.php?rest_route=\/wp\/v2\/posts\/63467\/revisions"}],"predecessor-version":[{"id":63468,"href":"http:\/\/www.24baires.com\/index.php?rest_route=\/wp\/v2\/posts\/63467\/revisions\/63468"}],"wp:attachment":[{"href":"http:\/\/www.24baires.com\/index.php?rest_route=%2Fwp%2Fv2%2Fmedia&parent=63467"}],"wp:term":[{"taxonomy":"category","embeddable":true,"href":"http:\/\/www.24baires.com\/index.php?rest_route=%2Fwp%2Fv2%2Fcategories&post=63467"},{"taxonomy":"post_tag","embeddable":true,"href":"http:\/\/www.24baires.com\/index.php?rest_route=%2Fwp%2Fv2%2Ftags&post=63467"}],"curies":[{"name":"wp","href":"https:\/\/api.w.org\/{rel}","templated":true}]}}