{"id":63430,"date":"2015-03-20T19:00:24","date_gmt":"2015-03-20T22:00:24","guid":{"rendered":"http:\/\/www.24baires.com\/?p=63430"},"modified":"2015-03-20T18:48:25","modified_gmt":"2015-03-20T21:48:25","slug":"para-sola-son-ratas-los-dirigentes-que-abandonan-el-frente-renovador","status":"publish","type":"post","link":"http:\/\/www.24baires.com\/?p=63430","title":{"rendered":"Para sol\u00e1, son \u00abratas\u00bb los dirigentes que abandonan el Frente Renovador"},"content":{"rendered":"<p><img data-recalc-dims=\"1\" loading=\"lazy\" decoding=\"async\" class=\"aligncenter size-full wp-image-50552\" src=\"https:\/\/i0.wp.com\/www.24baires.com\/wp-content\/uploads\/2014\/07\/felipe-sol%C3%A1.jpg?resize=560%2C336\" alt=\"felipe sol\u00e1\" width=\"560\" height=\"336\" srcset=\"https:\/\/i0.wp.com\/www.24baires.com\/wp-content\/uploads\/2014\/07\/felipe-sol%C3%A1.jpg?w=560 560w, https:\/\/i0.wp.com\/www.24baires.com\/wp-content\/uploads\/2014\/07\/felipe-sol%C3%A1.jpg?resize=300%2C180 300w\" sizes=\"auto, (max-width: 560px) 100vw, 560px\" \/>El diputado nacional y precandidato a gobernador por el Frente Renovador, Felipe Sol\u00e1, calific\u00f3 de \u00abratas\u00bb a los dirigentes que abandonan el espacio que conduce Sergio Massa. \u00abEs mejor que se vayan ahora\u00bb, se\u00f1al\u00f3.<!--more--><\/p>\n<p>Con el impacto de la reciente salida de Sandro Guzman, Sol\u00e1 se refiri\u00f3 a los dirigentes que podr\u00edan abandonar esa fuerza pol\u00edtica como \u00abtipos que se asustan enseguida y se van\u00bb, al tiempo que asegur\u00f3 que como \u00abtodo general en jefe antes de una batalla, y faltan muchas, dice que es mejor que se vayan ahora. Que queden pocos, pero bien montados\u00bb, enfatiz\u00f3.<\/p>\n<p>\u00abEso de andar buscando el mejor madero para que la rata avance, eso es huir como rata por tirante\u00bb, dijo en declaraciones a Radio Am\u00e9rica, al tiempo que agreg\u00f3 que \u00abalgunos muchachos intendentes por un bizcocho matan a la vieja\u00bb.<\/p>\n<p>Sobre las \u00faltimas encuestas en las que se evidencia cierta ca\u00edda de la intenci\u00f3n de voto destinada a Massa, Sol\u00e1 consider\u00f3 que a\u00fan \u00abfalta much\u00edsimo para las elecciones\u00bb.<\/p>\n<p>Por \u00faltimo, continu\u00f3 con las met\u00e1foras y les recomend\u00f3 a estos dirigentes que \u00abno corran que es peor, le gritamos nosotros cuando ven\u00eda el le\u00f3n\u00bb.<\/p>\n<p>&nbsp;<\/p>\n<p>&nbsp;<\/p>\n<p>&nbsp;<\/p>\n<p>&nbsp;<\/p>\n<p>&nbsp;<\/p>\n<p>&nbsp;<\/p>\n<p>&nbsp;<\/p>\n<p>&nbsp;<\/p>\n","protected":false},"excerpt":{"rendered":"<p>El diputado nacional y precandidato a gobernador por el Frente Renovador, Felipe Sol\u00e1, calific\u00f3 de \u00abratas\u00bb a los dirigentes que abandonan el espacio que conduce Sergio Massa. \u00abEs mejor que se vayan ahora\u00bb, se\u00f1al\u00f3.<\/p>\n","protected":false},"author":8,"featured_media":0,"comment_status":"open","ping_status":"open","sticky":false,"template":"","format":"standard","meta":{"_jetpack_newsletter_access":"","_jetpack_dont_email_post_to_subs":false,"_jetpack_newsletter_tier_id":0,"_jetpack_memberships_contains_paywalled_content":false,"_jetpack_memberships_contains_paid_content":false,"footnotes":""},"categories":[51],"tags":[],"class_list":["post-63430","post","type-post","status-publish","format-standard","hentry","category-politica"],"jetpack_shortlink":"https:\/\/wp.me\/p2JWE0-gv4","jetpack-related-posts":[{"id":50551,"url":"http:\/\/www.24baires.com\/?p=50551","url_meta":{"origin":63430,"position":0},"title":"Sol\u00e1 asegur\u00f3 que le \u00abhar\u00e1 frente a las PASO\u00bb","author":"Grupo Sierra","date":"25\/07\/2014","format":false,"excerpt":"El diputado del Frente Renovador, Felipe Sol\u00e1, afirm\u00f3 hoy que participar\u00e1 de las PASO para gobernador bonaerense dentro del massismo, \"compita quien compita\" -diferenci\u00e1ndose as\u00ed de Dar\u00edo Giustozzi-, e incluso anunci\u00f3 que ma\u00f1ana lanzar\u00e1 su precandidatura en Mar del Plata. Sol\u00e1 explic\u00f3 desde la ciudad balnearia que ma\u00f1ana encabezar\u00e1 \"una\u2026","rel":"","context":"En \u00abElecciones 2015\u00bb","block_context":{"text":"Elecciones 2015","link":"http:\/\/www.24baires.com\/?cat=74"},"img":{"alt_text":"","src":"https:\/\/i0.wp.com\/www.24baires.com\/wp-content\/uploads\/2014\/07\/felipe-sol%C3%A1.jpg?resize=350%2C200","width":350,"height":200,"srcset":"https:\/\/i0.wp.com\/www.24baires.com\/wp-content\/uploads\/2014\/07\/felipe-sol%C3%A1.jpg?resize=350%2C200 1x, https:\/\/i0.wp.com\/www.24baires.com\/wp-content\/uploads\/2014\/07\/felipe-sol%C3%A1.jpg?resize=525%2C300 1.5x"},"classes":[]},{"id":59792,"url":"http:\/\/www.24baires.com\/?p=59792","url_meta":{"origin":63430,"position":1},"title":"De Narv\u00e1ez competir\u00e1 para Gobernador en las PASO del Frente Renovador","author":"Grupo Sierra","date":"08\/01\/2015","format":false,"excerpt":"Lo confirm\u00f3 el intendente de Olavarr\u00eda, Jos\u00e9 Eseverri, tras reunirse con Massa esta tarde en Tigre: \"El acuerdo se formalizar\u00e1 este s\u00e1bado en una visita a Tigre\", dijo. El precandidato presidencial del Frente Renovador, Sergio Massa, cerr\u00f3 un acuerdo con el diputado Francisco De Narv\u00e1ez, para que se sume a\u2026","rel":"","context":"En \u00abElecciones 2015\u00bb","block_context":{"text":"Elecciones 2015","link":"http:\/\/www.24baires.com\/?cat=74"},"img":{"alt_text":"denarvaez_la_plata2_17184","src":"https:\/\/i0.wp.com\/www.24baires.com\/wp-content\/uploads\/2013\/06\/denarvaez_la_plata2_17184.jpg?resize=350%2C200","width":350,"height":200,"srcset":"https:\/\/i0.wp.com\/www.24baires.com\/wp-content\/uploads\/2013\/06\/denarvaez_la_plata2_17184.jpg?resize=350%2C200 1x, https:\/\/i0.wp.com\/www.24baires.com\/wp-content\/uploads\/2013\/06\/denarvaez_la_plata2_17184.jpg?resize=525%2C300 1.5x"},"classes":[]},{"id":38384,"url":"http:\/\/www.24baires.com\/?p=38384","url_meta":{"origin":63430,"position":2},"title":"Alfons\u00edn se pelea con Massa por el proyecto de suspensi\u00f3n de las retenciones para el campo","author":"Grupo Sierra","date":"12\/01\/2014","format":false,"excerpt":"El diputado nacional por la UCR Ricardo Alfons\u00edn desacredit\u00f3 hoy el proyecto de ley para el agro presentado por su par del Frente Renovador (FR) Sergio Massa y sostuvo que esa iniciativa, que incluye la suspensi\u00f3n de retenciones en varios productos, con excepci\u00f3n de la soja, \"hace rato que est\u00e1\u2026","rel":"","context":"En \u00abPol\u00edtica\u00bb","block_context":{"text":"Pol\u00edtica","link":"http:\/\/www.24baires.com\/?cat=51"},"img":{"alt_text":"","src":"","width":0,"height":0},"classes":[]},{"id":48764,"url":"http:\/\/www.24baires.com\/?p=48764","url_meta":{"origin":63430,"position":3},"title":"Pablo Lanusse se desprendi\u00f3 de Massa","author":"GB","date":"26\/06\/2014","format":false,"excerpt":"El dirigente que coordinaba, junto con el legislador nacional Adri\u00e1n P\u00e9rez, los proyectos destinados a mejorar el desarrollo institucional y transparencia del Estado, decidi\u00f3 abandonar el espacio que lidera Sergio Massa. El exfiscal no dio explicaciones p\u00fablicas y trascendi\u00f3 que el motivo de su salida se debi\u00f3 a que no\u2026","rel":"","context":"En \u00abPol\u00edtica\u00bb","block_context":{"text":"Pol\u00edtica","link":"http:\/\/www.24baires.com\/?cat=51"},"img":{"alt_text":"pablo lanusse","src":"https:\/\/i0.wp.com\/www.24baires.com\/wp-content\/uploads\/2014\/06\/pablo-lanusse-300x178.jpg?resize=350%2C200","width":350,"height":200},"classes":[]},{"id":40277,"url":"http:\/\/www.24baires.com\/?p=40277","url_meta":{"origin":63430,"position":4},"title":"Intendentes cuestionaron a Othaceh\u00e9 por su pase al Frente Renovador","author":"GB","date":"11\/02\/2014","format":false,"excerpt":"Referentes de distintos partidos pol\u00edticos e intendentes cuestionaron la decisi\u00f3n del jefe comunal de Merlo de dejar el Frente para la Victoria para pasar a formar parte del Frente Renovador. Es el caso del intendente del partido bonaerense de Tres de Febrero, Hugo Curto, quien cuestion\u00f3 el pase de Othaceh\u00e9\u2026","rel":"","context":"En \u00abPol\u00edtica\u00bb","block_context":{"text":"Pol\u00edtica","link":"http:\/\/www.24baires.com\/?cat=51"},"img":{"alt_text":"","src":"","width":0,"height":0},"classes":[]},{"id":65463,"url":"http:\/\/www.24baires.com\/?p=65463","url_meta":{"origin":63430,"position":5},"title":"Giustozzi ratific\u00f3 su alianza con Massa, aunque no descarta alejarse del FR","author":"AF","date":"06\/05\/2015","format":false,"excerpt":"El diputado nacional del Frente Renovador Dar\u00edo Giustozzi confirm\u00f3 su pertenencia al Frente Renovador, pese a que en ese espacio que lidera Sergio Massa admiten que est\u00e1 \"conversando\" con otros sectores y no descartan una posible salida, disconforme con los t\u00e9rminos en que se plantea la interna de precandidatos a\u2026","rel":"","context":"En \u00abElecciones 2015\u00bb","block_context":{"text":"Elecciones 2015","link":"http:\/\/www.24baires.com\/?cat=74"},"img":{"alt_text":"","src":"https:\/\/i0.wp.com\/www.24baires.com\/wp-content\/uploads\/2015\/05\/giustozzi.jpg?resize=350%2C200","width":350,"height":200,"srcset":"https:\/\/i0.wp.com\/www.24baires.com\/wp-content\/uploads\/2015\/05\/giustozzi.jpg?resize=350%2C200 1x, https:\/\/i0.wp.com\/www.24baires.com\/wp-content\/uploads\/2015\/05\/giustozzi.jpg?resize=525%2C300 1.5x"},"classes":[]}],"jetpack_sharing_enabled":true,"jetpack_likes_enabled":true,"jetpack_featured_media_url":"","_links":{"self":[{"href":"http:\/\/www.24baires.com\/index.php?rest_route=\/wp\/v2\/posts\/63430","targetHints":{"allow":["GET"]}}],"collection":[{"href":"http:\/\/www.24baires.com\/index.php?rest_route=\/wp\/v2\/posts"}],"about":[{"href":"http:\/\/www.24baires.com\/index.php?rest_route=\/wp\/v2\/types\/post"}],"author":[{"embeddable":true,"href":"http:\/\/www.24baires.com\/index.php?rest_route=\/wp\/v2\/users\/8"}],"replies":[{"embeddable":true,"href":"http:\/\/www.24baires.com\/index.php?rest_route=%2Fwp%2Fv2%2Fcomments&post=63430"}],"version-history":[{"count":1,"href":"http:\/\/www.24baires.com\/index.php?rest_route=\/wp\/v2\/posts\/63430\/revisions"}],"predecessor-version":[{"id":63431,"href":"http:\/\/www.24baires.com\/index.php?rest_route=\/wp\/v2\/posts\/63430\/revisions\/63431"}],"wp:attachment":[{"href":"http:\/\/www.24baires.com\/index.php?rest_route=%2Fwp%2Fv2%2Fmedia&parent=63430"}],"wp:term":[{"taxonomy":"category","embeddable":true,"href":"http:\/\/www.24baires.com\/index.php?rest_route=%2Fwp%2Fv2%2Fcategories&post=63430"},{"taxonomy":"post_tag","embeddable":true,"href":"http:\/\/www.24baires.com\/index.php?rest_route=%2Fwp%2Fv2%2Ftags&post=63430"}],"curies":[{"name":"wp","href":"https:\/\/api.w.org\/{rel}","templated":true}]}}