{"id":63426,"date":"2015-03-20T18:06:57","date_gmt":"2015-03-20T21:06:57","guid":{"rendered":"http:\/\/www.24baires.com\/?p=63426"},"modified":"2015-03-20T18:06:57","modified_gmt":"2015-03-20T21:06:57","slug":"arroyo-salgado-nego-que-haya-pedido-que-se-suspendan-pericias-informatica","status":"publish","type":"post","link":"http:\/\/www.24baires.com\/?p=63426","title":{"rendered":"Arroyo Salgado neg\u00f3 que haya pedido que se suspendan pericias inform\u00e1tica"},"content":{"rendered":"<p><img data-recalc-dims=\"1\" loading=\"lazy\" decoding=\"async\" class=\"aligncenter size-full wp-image-61673\" src=\"https:\/\/i0.wp.com\/www.24baires.com\/wp-content\/uploads\/2015\/02\/arroyo_salgado_senado-nisman.jpg?resize=560%2C312\" alt=\"arroyo_salgado_senado nisman\" width=\"560\" height=\"312\" srcset=\"https:\/\/i0.wp.com\/www.24baires.com\/wp-content\/uploads\/2015\/02\/arroyo_salgado_senado-nisman.jpg?w=560 560w, https:\/\/i0.wp.com\/www.24baires.com\/wp-content\/uploads\/2015\/02\/arroyo_salgado_senado-nisman.jpg?resize=300%2C167 300w\" sizes=\"auto, (max-width: 560px) 100vw, 560px\" \/>La querella que representa a las hijas de Alberto Nisman en la causa que se investiga la muerte del fiscal de la UFI AMIA lo afirm\u00f3 a trav\u00e9s de un comunicado, y destac\u00f3 adem\u00e1s que la juez de Instrucci\u00f3n Fabiana Palmaghini \u00abnunca orden\u00f3 la suspensi\u00f3n\u00bb de esa medida de prueba.<!--more--><\/p>\n<p>La querella que representa a las hijas de Alberto Nisman en la causa que se investiga la muerte del fiscal de la UFI AMIA emiti\u00f3 un comunicado en el que asegur\u00f3 que \u00abjam\u00e1s\u00bb solicit\u00f3 la suspensi\u00f3n del estudio de la pericia tecnol\u00f3gica realizada sobre los tel\u00e9fonos celulares y los equipos inform\u00e1ticos secuestrados en el marco de la investigaci\u00f3n.<\/p>\n<p>La Defensor\u00eda General de la Naci\u00f3n, cuyos abogados patrocinan a la magistrada federal de San Isidro, Sandra Arroyo Salgado (madre de las hijas de Nisman), destac\u00f3 adem\u00e1s que la juez de Instrucci\u00f3n Fabiana Palmaghini \u00abnunca orden\u00f3 la suspensi\u00f3n\u00bb de esa medida de prueba.<\/p>\n<p>En el texto difundido detallaron que el escrito presentado por la querella el 4 de marzo a las 9.10 \u00abprocur\u00f3 exclusivamente que se garantice, por un lado, la confidencialidad de la informaci\u00f3n que eventualmente se obtuviera para evitar su difusi\u00f3n a personas ajenas al proceso\u00bb.<\/p>\n<p>\u00abY por el otro -agregaron-, que el acceso al contenido de las comunicaciones electr\u00f3nicas -de car\u00e1cter privado- del doctor Natalio Alberto Nisman sea realizado conforme al procedimiento legal\u00bb que establece el C\u00f3digo Procesal Penal de la Naci\u00f3n.<\/p>\n<p>\u00abDicho escrito -consignaron en el comunicado- fue presentado con anterioridad al inicio formal de las labores periciales propiamente dichas, lo que ocurri\u00f3 el 4 de marzo de 2015 a las 11\u00bb y aclararon que los \u00ablas labores periciales continuaron los d\u00edas 9, 10, 11 y 18\u00bb de marzo.<\/p>\n<p>La Defensor\u00eda remarc\u00f3 tambi\u00e9n que \u00abes absolutamente falso que los peritos inform\u00e1ticos hayan determinado la existencia de un acceso a internet en forma local en la computadora\u00bb de Nisman el 18 de enero de 2015, cuando el fiscal fue hallado muerto en su departamento en Puerto Madero, de esta capital y respondieron as\u00ed a las versiones instaladas por Maximiliano Rusconi, el abogado de Diego Lagomarsino, \u00fanico imputado en la causa.<\/p>\n<p>\u00abHasta la fecha no se han hecho trabajos para determinar si dicho movimiento fue realizado en forma local o remota\u00bb, aclar\u00f3 el ministerio p\u00fablico de la defensa.<\/p>\n<p>El documento tambi\u00e9n se refiri\u00f3 a \u00abcomunicado de prensa emitido por la defensa de Diego Lagormasino (quien facilit\u00f3 a Nisman el arma hallada al lado del cad\u00e1ver y con la que efectu\u00f3 el disparo mortal) para rechazar la hip\u00f3tesis brindada en aquel instrumento\u00bb.<\/p>\n<p>\u00abNo es cierto\u00bb, afirm\u00f3 la Defensor\u00eda, que exista relaci\u00f3n entre la resoluci\u00f3n del 4 de marzo y el \u00ababandono moment\u00e1neo del cuerpo pericial, por parte del perito de la querella que coincidi\u00f3 con un escrito presentado en los estrados de la se\u00f1ora juez a cargo de la Instrucci\u00f3n, unas horas despu\u00e9s, en el cual se solicitaba de un modo ex\u00f3tico, una suspensi\u00f3n de los trabajos periciales\u00bb, denunciado por la defensa de Lagomarsino en un comunicado.<\/p>\n<p>En tal sentido, la Defensor\u00eda expuso: \u00abValga reiterar que nuestra presentaci\u00f3n fue anterior al inicio de la pericia y nunca se solicit\u00f3 la suspensi\u00f3n de la pericia\u00bb.<\/p>\n<p>La Defensor\u00eda acot\u00f3, \u00abpara mayor claridad\u00bb, que Palmaghini al rechazar un recurso de la defensa del ex colaborador de Nisman, aclar\u00f3 que \u00abm\u00e1s all\u00e1 de la confusi\u00f3n en que estimo se encuentran insertos la defensa de Lagomarsino as\u00ed como la Se\u00f1ora Fiscal (Viviana Fein) ninguna suspensi\u00f3n de diligencia de prueba alguna orden\u00f3 este Juzgado\u00bb.<\/p>\n<p>El comunicado de la Defensor\u00eda lament\u00f3 que \u00ablos riesgos que esta parte pretendi\u00f3 disipar mediante la presentaci\u00f3n del escrito en cuesti\u00f3n, titulado &#8216;Solicita se asegure la reserva de las actuaciones&#8217;, finalmente se han visto concretados a partir de los hechos de p\u00fablico conocimiento\u00bb.<\/p>\n<p>La querella interpuso una medida judicial para intentar determinar qui\u00e9n filtr\u00f3 las fotos privadas que hab\u00eda en el celular de Alberto Nisman.<\/p>\n<p>Tambi\u00e9n fueron filtrados a los medios los informes realizados por los peritos de parte convocados por Arroyo Salgado y casi todo el material fotogr\u00e1fico en el que se basaron para obtener conclusiones sobre la muerte del fiscal.<\/p>\n<p>&nbsp;<\/p>\n<p>&nbsp;<\/p>\n<p>&nbsp;<\/p>\n<p>&nbsp;<\/p>\n<p>&nbsp;<\/p>\n<p>&nbsp;<\/p>\n<p>&nbsp;<\/p>\n<p>&nbsp;<\/p>\n<p>&nbsp;<\/p>\n<p>&nbsp;<\/p>\n","protected":false},"excerpt":{"rendered":"<p>La querella que representa a las hijas de Alberto Nisman en la causa que se investiga la muerte del fiscal de la UFI AMIA lo afirm\u00f3 a trav\u00e9s de un comunicado, y destac\u00f3 adem\u00e1s que la juez de Instrucci\u00f3n Fabiana Palmaghini \u00abnunca orden\u00f3 la suspensi\u00f3n\u00bb de esa medida de prueba.<\/p>\n","protected":false},"author":8,"featured_media":0,"comment_status":"open","ping_status":"open","sticky":false,"template":"","format":"standard","meta":{"_jetpack_newsletter_access":"","_jetpack_dont_email_post_to_subs":false,"_jetpack_newsletter_tier_id":0,"_jetpack_memberships_contains_paywalled_content":false,"_jetpack_memberships_contains_paid_content":false,"footnotes":""},"categories":[51],"tags":[],"class_list":["post-63426","post","type-post","status-publish","format-standard","hentry","category-politica"],"jetpack_shortlink":"https:\/\/wp.me\/p2JWE0-gv0","jetpack-related-posts":[{"id":82935,"url":"http:\/\/www.24baires.com\/?p=82935","url_meta":{"origin":63426,"position":0},"title":"\u00abEn el expediente no hay elementos para pensar que lo hayan matado\u00bb","author":"AF","date":"20\/05\/2016","format":false,"excerpt":"El ex colaborador del fiscal, Diego Lagomarsino, diferenci\u00f3 \"lo que dicen los medios y lo que dice la causa\" sobre la muerte del ex titular de la UFI AMIA. Tambi\u00e9n apunt\u00f3 contra la ex esposa, la jueza federal Sandra Arroyo Salgado. El ex colaborador del fiscal Alberto Nisman, Diego Lagomarsino,\u2026","rel":"","context":"En \u00abJUDICIALES\u00bb","block_context":{"text":"JUDICIALES","link":"http:\/\/www.24baires.com\/?cat=68"},"img":{"alt_text":"lagomarsino 1","src":"https:\/\/i0.wp.com\/www.24baires.com\/wp-content\/uploads\/2015\/01\/lagomarsino-11.jpg?resize=350%2C200","width":350,"height":200,"srcset":"https:\/\/i0.wp.com\/www.24baires.com\/wp-content\/uploads\/2015\/01\/lagomarsino-11.jpg?resize=350%2C200 1x, https:\/\/i0.wp.com\/www.24baires.com\/wp-content\/uploads\/2015\/01\/lagomarsino-11.jpg?resize=525%2C300 1.5x"},"classes":[]},{"id":106442,"url":"http:\/\/www.24baires.com\/?p=106442","url_meta":{"origin":63426,"position":1},"title":"Lagomarsino, sobre Nisman: \u00abSigo pensando que se suicid\u00f3\u00bb","author":"AF","date":"18\/01\/2019","format":false,"excerpt":"\"Alberto me traicion\u00f3, me meti\u00f3 en una situaci\u00f3n para nada agradable. Pero a pesar de eso lo perdon\u00e9. Si tuvo que matarse con mi arma, lo perdono, le perdono que me haya metido en este problema\", resalt\u00f3 adem\u00e1s Diego Lagomarsino. Al cumplirse cuatro a\u00f1os de la muerte del fiscal Alberto\u2026","rel":"","context":"En \u00abSociedad\u00bb","block_context":{"text":"Sociedad","link":"http:\/\/www.24baires.com\/?cat=1"},"img":{"alt_text":"","src":"https:\/\/i0.wp.com\/www.24baires.com\/wp-content\/uploads\/2015\/01\/lagomarsino-11.jpg?resize=350%2C200","width":350,"height":200,"srcset":"https:\/\/i0.wp.com\/www.24baires.com\/wp-content\/uploads\/2015\/01\/lagomarsino-11.jpg?resize=350%2C200 1x, https:\/\/i0.wp.com\/www.24baires.com\/wp-content\/uploads\/2015\/01\/lagomarsino-11.jpg?resize=525%2C300 1.5x"},"classes":[]},{"id":106628,"url":"http:\/\/www.24baires.com\/?p=106628","url_meta":{"origin":63426,"position":2},"title":"La AMIA busca retirarse de la querella contra Cristina por el Memor\u00e1ndum con Ir\u00e1n","author":"AF","date":"31\/01\/2019","format":false,"excerpt":"Fue un pedido a la DAIA en la causa que se origin\u00f3 con la denuncia del fiscal Alberto Nisman y busca \u201cempezar a tomar distancia de una causa que est\u00e1 en el centro de la famosa grieta\u201d. La Asociaci\u00f3n Mutual Israelita Argentina (AMIA) le reclam\u00f3 a la Delegaci\u00f3n de Asociaciones\u2026","rel":"","context":"En \u00abJUDICIALES\u00bb","block_context":{"text":"JUDICIALES","link":"http:\/\/www.24baires.com\/?cat=68"},"img":{"alt_text":"","src":"https:\/\/i0.wp.com\/www.24baires.com\/wp-content\/uploads\/2015\/04\/amia.jpg?resize=350%2C200","width":350,"height":200,"srcset":"https:\/\/i0.wp.com\/www.24baires.com\/wp-content\/uploads\/2015\/04\/amia.jpg?resize=350%2C200 1x, https:\/\/i0.wp.com\/www.24baires.com\/wp-content\/uploads\/2015\/04\/amia.jpg?resize=525%2C300 1.5x"},"classes":[]},{"id":63970,"url":"http:\/\/www.24baires.com\/?p=63970","url_meta":{"origin":63426,"position":3},"title":"La jueza Palmaghini define si aparta a Fein de la causa","author":"GB","date":"07\/04\/2015","format":false,"excerpt":"La jueza de instrucci\u00f3n resolver\u00e1 entre la \u00faltima hora de hoy y ma\u00f1ana si aparta a la fiscal de la investigaci\u00f3n de la muerte de Nisman, a pedido de Sandra Arroyo Salgado, en la audiencia de recusaci\u00f3n en la que, como querellante, reiter\u00f3 su disgusto con la forma en la\u2026","rel":"","context":"En \u00abPol\u00edtica\u00bb","block_context":{"text":"Pol\u00edtica","link":"http:\/\/www.24baires.com\/?cat=51"},"img":{"alt_text":"","src":"","width":0,"height":0},"classes":[]},{"id":76679,"url":"http:\/\/www.24baires.com\/?p=76679","url_meta":{"origin":63426,"position":4},"title":"Arroyo Salgado: \u00abPudo haber influido el cambio de gobierno\u00bb en el desplazamiento de Fein","author":"AF","date":"21\/12\/2015","format":false,"excerpt":"La ex mujer de Alberto Nisman consider\u00f3 \"tard\u00eda\" la decisi\u00f3n de la jueza Fabiana Palmaghini de quitarle a la fiscal la direcci\u00f3n de la investigaci\u00f3n por la muerte del ex titular de la UFI AMIA y opin\u00f3 que pudo haber ocurrido por el triunfo de Mauricio Macri. La jueza Sandra\u2026","rel":"","context":"En \u00abJUDICIALES\u00bb","block_context":{"text":"JUDICIALES","link":"http:\/\/www.24baires.com\/?cat=68"},"img":{"alt_text":"","src":"https:\/\/i0.wp.com\/www.24baires.com\/wp-content\/uploads\/2015\/12\/fein-salgado.png?resize=350%2C200","width":350,"height":200,"srcset":"https:\/\/i0.wp.com\/www.24baires.com\/wp-content\/uploads\/2015\/12\/fein-salgado.png?resize=350%2C200 1x, https:\/\/i0.wp.com\/www.24baires.com\/wp-content\/uploads\/2015\/12\/fein-salgado.png?resize=525%2C300 1.5x"},"classes":[]},{"id":67037,"url":"http:\/\/www.24baires.com\/?p=67037","url_meta":{"origin":63426,"position":5},"title":"Fein recibi\u00f3 una denuncia sobre movimientos bancarios de Nisman","author":"AF","date":"04\/06\/2015","format":false,"excerpt":"La fiscal Viviana Fein remitir\u00e1 al juez federal Rodolfo Canociba Corral una denuncia que recibi\u00f3 en las \u00faltimas horas sobre supuestos movimientos bancarios del ex fiscal Alberto Nisman, cuyo cad\u00e1ver, con un balazo en la cabeza, fue hallado el 18 de enero \u00faltimo en su departamento de Puerto Madero. La\u2026","rel":"","context":"En \u00abJUDICIALES\u00bb","block_context":{"text":"JUDICIALES","link":"http:\/\/www.24baires.com\/?cat=68"},"img":{"alt_text":"fein","src":"https:\/\/i0.wp.com\/www.24baires.com\/wp-content\/uploads\/2015\/01\/fein.jpg?resize=350%2C200","width":350,"height":200,"srcset":"https:\/\/i0.wp.com\/www.24baires.com\/wp-content\/uploads\/2015\/01\/fein.jpg?resize=350%2C200 1x, https:\/\/i0.wp.com\/www.24baires.com\/wp-content\/uploads\/2015\/01\/fein.jpg?resize=525%2C300 1.5x"},"classes":[]}],"jetpack_sharing_enabled":true,"jetpack_likes_enabled":true,"jetpack_featured_media_url":"","_links":{"self":[{"href":"http:\/\/www.24baires.com\/index.php?rest_route=\/wp\/v2\/posts\/63426","targetHints":{"allow":["GET"]}}],"collection":[{"href":"http:\/\/www.24baires.com\/index.php?rest_route=\/wp\/v2\/posts"}],"about":[{"href":"http:\/\/www.24baires.com\/index.php?rest_route=\/wp\/v2\/types\/post"}],"author":[{"embeddable":true,"href":"http:\/\/www.24baires.com\/index.php?rest_route=\/wp\/v2\/users\/8"}],"replies":[{"embeddable":true,"href":"http:\/\/www.24baires.com\/index.php?rest_route=%2Fwp%2Fv2%2Fcomments&post=63426"}],"version-history":[{"count":1,"href":"http:\/\/www.24baires.com\/index.php?rest_route=\/wp\/v2\/posts\/63426\/revisions"}],"predecessor-version":[{"id":63427,"href":"http:\/\/www.24baires.com\/index.php?rest_route=\/wp\/v2\/posts\/63426\/revisions\/63427"}],"wp:attachment":[{"href":"http:\/\/www.24baires.com\/index.php?rest_route=%2Fwp%2Fv2%2Fmedia&parent=63426"}],"wp:term":[{"taxonomy":"category","embeddable":true,"href":"http:\/\/www.24baires.com\/index.php?rest_route=%2Fwp%2Fv2%2Fcategories&post=63426"},{"taxonomy":"post_tag","embeddable":true,"href":"http:\/\/www.24baires.com\/index.php?rest_route=%2Fwp%2Fv2%2Ftags&post=63426"}],"curies":[{"name":"wp","href":"https:\/\/api.w.org\/{rel}","templated":true}]}}