{"id":63370,"date":"2015-03-19T16:01:47","date_gmt":"2015-03-19T19:01:47","guid":{"rendered":"http:\/\/www.24baires.com\/?p=63370"},"modified":"2015-03-20T10:22:22","modified_gmt":"2015-03-20T13:22:22","slug":"desclasificaran-los-archivos-del-atentado-a-la-embajada-de-israel","status":"publish","type":"post","link":"http:\/\/www.24baires.com\/?p=63370","title":{"rendered":"Desclasificar\u00e1n los archivos del atentado a la Embajada de Israel"},"content":{"rendered":"<p><img data-recalc-dims=\"1\" loading=\"lazy\" decoding=\"async\" class=\"aligncenter size-full wp-image-63371\" src=\"https:\/\/i0.wp.com\/www.24baires.com\/wp-content\/uploads\/2015\/03\/embajada-israel.jpg?resize=560%2C373\" alt=\"embajada israel\" width=\"560\" height=\"373\" srcset=\"https:\/\/i0.wp.com\/www.24baires.com\/wp-content\/uploads\/2015\/03\/embajada-israel.jpg?w=560 560w, https:\/\/i0.wp.com\/www.24baires.com\/wp-content\/uploads\/2015\/03\/embajada-israel.jpg?resize=300%2C200 300w\" sizes=\"auto, (max-width: 560px) 100vw, 560px\" \/>La presidenta Cristina Fern\u00e1ndez de Kirchner adelant\u00f3 que \u00abni bien\u00bb la Corte Suprema de Justicia \u00ablo solicite\u00bb, el Poder Ejecutivo desclasificar\u00e1 la informaci\u00f3n reservada sobre el atentado a la embajada de Israel, del que esta semana se cumplieron 23 a\u00f1os.<!--more--><\/p>\n<p>La presidenta Cristina Fern\u00e1ndez de Kirchner revel\u00f3 que el Poder Ejecutivo desclasificar\u00e1 la informaci\u00f3n reservada sobre el atentado a la embajada de Israel, \u00abni bien\u00bb la Corte Suprema de Justicia \u00ablo solicite\u00bb.<\/p>\n<p>\u00abNi bien la Corte lo solicite, se proceder\u00e1 de igual forma que en la causa AMIA\u00bb, se\u00f1al\u00f3 la mandataria en su cuenta oficial de Twitter, en respuesta a un pedido de los familiares de las v\u00edctimas del atentado, con quienes se reuni\u00f3 esta semana al cumplirse 23 a\u00f1os del ataque.<\/p>\n<p>En una serie de tuits, la mandataria explic\u00f3 que en la reuni\u00f3n que mantuvo con los familiares el pasado martes en Casa de Gobierno, uno de ellos pregunt\u00f3 si era posible desclasificar la informaci\u00f3n sobre la embajada, como se hizo en la causa AMIA.<\/p>\n<p>\u00abRespond\u00ed: por supuesto, sin ninguna duda. El Gobierno va a actuar de la misma manera que lo hizo siempre. As\u00ed que seguramente las querellas formular\u00e1n la solicitud a la Suprema Corte de Justicia de la Naci\u00f3n\u00bb, precis\u00f3 la Jefa de Estado.<\/p>\n<p>Se\u00f1al\u00f3 asimismo que es el m\u00e1ximo tribunal quien tiene la \u00abresponsabilidad de llevar adelante la causa embajada con competencia originaria y exclusiva\u00bb.<\/p>\n<p>La Presidenta record\u00f3 tambi\u00e9n que en el encuentro con los familiares dijo: \u00abYa pasaron 23 a\u00f1os sin que haya un solo detenido ni un s\u00f3lo condenado. Cuando formul\u00e9 esa reflexi\u00f3n, la doctora Rita Jana, con firmeza, agreg\u00f3: &#8216;Ni siquiera un imputado&#8217;. Sin palabras\u00bb.<\/p>\n<p>Tras aquella reuni\u00f3n, que se prolong\u00f3 durante una hora y cuarto en la Casa Rosada, los familiares la describieron como \u00abmuy c\u00e1lida\u00bb y \u00abmuy amable\u00bb.<\/p>\n<p>De esta manera, el Ejecutivo tomar\u00e1 el mismo camino que con los archivos de inteligencia relacionados con el atentado a la AMIA, cuya desclasificaci\u00f3n fue oficializada hace una semana, a trav\u00e9s del decreto 395 publicado en el Bolet\u00edn Oficial.<\/p>\n<p>Por medio de ese decreto, la mandataria orden\u00f3 a la Secretar\u00eda de Inteligencia (SI), que conduce Oscar Parrilli, que remita toda la documentaci\u00f3n a la unidad fiscal AMIA.<\/p>\n<p>&nbsp;<\/p>\n<p>&nbsp;<\/p>\n<p>&nbsp;<\/p>\n<p>&nbsp;<\/p>\n<p>&nbsp;<\/p>\n<p>&nbsp;<\/p>\n<p>&nbsp;<\/p>\n<p>&nbsp;<\/p>\n<p>&nbsp;<\/p>\n<p>&nbsp;<\/p>\n<p>&nbsp;<\/p>\n<p>&nbsp;<\/p>\n","protected":false},"excerpt":{"rendered":"<p>La presidenta Cristina Fern\u00e1ndez de Kirchner adelant\u00f3 que \u00abni bien\u00bb la Corte Suprema de Justicia \u00ablo solicite\u00bb, el Poder Ejecutivo desclasificar\u00e1 la informaci\u00f3n reservada sobre el atentado a la embajada de Israel, del que esta semana se cumplieron 23 a\u00f1os.<\/p>\n","protected":false},"author":8,"featured_media":0,"comment_status":"open","ping_status":"open","sticky":false,"template":"","format":"standard","meta":{"_jetpack_newsletter_access":"","_jetpack_dont_email_post_to_subs":false,"_jetpack_newsletter_tier_id":0,"_jetpack_memberships_contains_paywalled_content":false,"_jetpack_memberships_contains_paid_content":false,"footnotes":""},"categories":[51],"tags":[],"class_list":["post-63370","post","type-post","status-publish","format-standard","hentry","category-politica"],"jetpack_shortlink":"https:\/\/wp.me\/p2JWE0-gu6","jetpack-related-posts":[{"id":64026,"url":"http:\/\/www.24baires.com\/?p=64026","url_meta":{"origin":63370,"position":0},"title":"Es oficial: Cristina orden\u00f3 la desclasificaci\u00f3n de los archivos por el atentado a la Embajada","author":"GB","date":"09\/04\/2015","format":false,"excerpt":"La presidenta Cristina Fern\u00e1ndez de Kirchner orden\u00f3 \"la desclasificaci\u00f3n de la totalidad de la documentaci\u00f3n de los archivos de inteligencia\" relacionados con el atentado contra la embajada de Israel, luego de que ayer que se lo pidiera la Corte Suprema de Justicia. As\u00ed lo hizo a trav\u00e9s del decreto 529,\u2026","rel":"","context":"En \u00abLocales\u00bb","block_context":{"text":"Locales","link":"http:\/\/www.24baires.com\/?cat=38"},"img":{"alt_text":"","src":"https:\/\/i0.wp.com\/www.24baires.com\/wp-content\/uploads\/2015\/04\/atentado-embajada-de-Israel.jpg?resize=350%2C200","width":350,"height":200,"srcset":"https:\/\/i0.wp.com\/www.24baires.com\/wp-content\/uploads\/2015\/04\/atentado-embajada-de-Israel.jpg?resize=350%2C200 1x, https:\/\/i0.wp.com\/www.24baires.com\/wp-content\/uploads\/2015\/04\/atentado-embajada-de-Israel.jpg?resize=525%2C300 1.5x"},"classes":[]},{"id":64020,"url":"http:\/\/www.24baires.com\/?p=64020","url_meta":{"origin":63370,"position":1},"title":"La Corte pidi\u00f3 desclasificar los archivos de la &#8216;Causa Embajada&#8217; como lo ofreci\u00f3 Cristina","author":"Grupo Sierra","date":"08\/04\/2015","format":false,"excerpt":"A trav\u00e9s de un comunicado de s\u00f3lo cuatro l\u00edneas, el Centro de Informaci\u00f3n Judicial (CIJ) da cuenta que el Tribunal compuesto por Ricardo Lorenzetti, Elena Highton de Nolasco, Carlos Fayt y Juan Carlos Maqueda, solicit\u00f3 a la presidenta Cristina Fern\u00e1ndez de Kirchner, \"la desclasificaci\u00f3n de los archivos de inteligencia con\u2026","rel":"","context":"En \u00abJUDICIALES\u00bb","block_context":{"text":"JUDICIALES","link":"http:\/\/www.24baires.com\/?cat=68"},"img":{"alt_text":"","src":"","width":0,"height":0},"classes":[]},{"id":107656,"url":"http:\/\/www.24baires.com\/?p=107656","url_meta":{"origin":63370,"position":2},"title":"EEUU entreg\u00f3 documentos desclasificados sobre la dictadura en Argentina","author":"GB","date":"14\/04\/2019","format":false,"excerpt":"En total se entregaron m\u00e1s de 50 mil p\u00e1ginas entre las que figuran comunicaciones entre la embajada y el Departamento de Estado El Gobierno argentino recibi\u00f3 este viernes en Washington la cuarta entrega de documentos desclasificados por los Estados Unidos relacionados con abusos a los derechos humanos cometidos antes y\u2026","rel":"","context":"En \u00abMemoria\u00bb","block_context":{"text":"Memoria","link":"http:\/\/www.24baires.com\/?cat=50"},"img":{"alt_text":"","src":"https:\/\/i0.wp.com\/www.24baires.com\/wp-content\/uploads\/2019\/04\/eeuu-garavagno.jpg?resize=350%2C200","width":350,"height":200,"srcset":"https:\/\/i0.wp.com\/www.24baires.com\/wp-content\/uploads\/2019\/04\/eeuu-garavagno.jpg?resize=350%2C200 1x, https:\/\/i0.wp.com\/www.24baires.com\/wp-content\/uploads\/2019\/04\/eeuu-garavagno.jpg?resize=525%2C300 1.5x"},"classes":[]},{"id":62563,"url":"http:\/\/www.24baires.com\/?p=62563","url_meta":{"origin":63370,"position":3},"title":"Lorenzetti aclar\u00f3 que \u00abhubo sentencia sobre la embajada de Israel\u00bb","author":"GB","date":"03\/03\/2015","format":false,"excerpt":"Con una presencia de magistrados y letrados superior a la de otros a\u00f1os, el presidente de la Corte dio inicio al \"a\u00f1o judicial\" con un discurso en el que llam\u00f3 a \"terminar con las investigaciones oscuras que se traban, a terminar con la impunidad\". Remarc\u00f3 la independencia de poderes y\u2026","rel":"","context":"En \u00abPol\u00edtica\u00bb","block_context":{"text":"Pol\u00edtica","link":"http:\/\/www.24baires.com\/?cat=51"},"img":{"alt_text":"lorenzetti-corte-suprema","src":"https:\/\/i0.wp.com\/www.24baires.com\/wp-content\/uploads\/2012\/10\/lorenzetti-corte-suprema.jpg?resize=350%2C200","width":350,"height":200,"srcset":"https:\/\/i0.wp.com\/www.24baires.com\/wp-content\/uploads\/2012\/10\/lorenzetti-corte-suprema.jpg?resize=350%2C200 1x, https:\/\/i0.wp.com\/www.24baires.com\/wp-content\/uploads\/2012\/10\/lorenzetti-corte-suprema.jpg?resize=525%2C300 1.5x"},"classes":[]},{"id":62632,"url":"http:\/\/www.24baires.com\/?p=62632","url_meta":{"origin":63370,"position":4},"title":"La Corte neg\u00f3 que el atentado a la Embajada de Israel sea \u00abcosa juzgada\u00bb","author":"GB","date":"04\/03\/2015","format":false,"excerpt":"El m\u00e1ximo tribunal sostuvo que \"contin\u00faa la investigaci\u00f3n\" del atentado contra la sede diplom\u00e1tica israel\u00ed, lo que se contrapone con las afirmaciones de Ricardo Lorenzetti, quien dijo que era \"cosa juzgada\". La Corte Suprema de Justicia difundi\u00f3, a trav\u00e9s del Centro de Informaci\u00f3n Judicial (CIJ), un informe en el que\u2026","rel":"","context":"En \u00abPol\u00edtica\u00bb","block_context":{"text":"Pol\u00edtica","link":"http:\/\/www.24baires.com\/?cat=51"},"img":{"alt_text":"","src":"","width":0,"height":0},"classes":[]},{"id":108192,"url":"http:\/\/www.24baires.com\/?p=108192","url_meta":{"origin":63370,"position":5},"title":"Cambiemos sali\u00f3 a cuestionar duramente la decisi\u00f3n de la Corte Suprema de Justicia","author":"AF","date":"15\/05\/2019","format":false,"excerpt":"El ministro Germ\u00e1n Garavano, la secretaria Laura Alonso y el diputado Pablo Tonelli acusaron a los jueces supremos de hacer \"especulaci\u00f3n electoral\" por solicitar un expediente y postergar de hecho el primer juicio oral contra la ex mandataria. Preocupado por la posibilidad de no contar con una foto de Cristina\u2026","rel":"","context":"En \u00abPol\u00edtica\u00bb","block_context":{"text":"Pol\u00edtica","link":"http:\/\/www.24baires.com\/?cat=51"},"img":{"alt_text":"","src":"https:\/\/i0.wp.com\/www.24baires.com\/wp-content\/uploads\/2015\/12\/garavano.jpg?resize=350%2C200","width":350,"height":200,"srcset":"https:\/\/i0.wp.com\/www.24baires.com\/wp-content\/uploads\/2015\/12\/garavano.jpg?resize=350%2C200 1x, https:\/\/i0.wp.com\/www.24baires.com\/wp-content\/uploads\/2015\/12\/garavano.jpg?resize=525%2C300 1.5x"},"classes":[]}],"jetpack_sharing_enabled":true,"jetpack_likes_enabled":true,"jetpack_featured_media_url":"","_links":{"self":[{"href":"http:\/\/www.24baires.com\/index.php?rest_route=\/wp\/v2\/posts\/63370","targetHints":{"allow":["GET"]}}],"collection":[{"href":"http:\/\/www.24baires.com\/index.php?rest_route=\/wp\/v2\/posts"}],"about":[{"href":"http:\/\/www.24baires.com\/index.php?rest_route=\/wp\/v2\/types\/post"}],"author":[{"embeddable":true,"href":"http:\/\/www.24baires.com\/index.php?rest_route=\/wp\/v2\/users\/8"}],"replies":[{"embeddable":true,"href":"http:\/\/www.24baires.com\/index.php?rest_route=%2Fwp%2Fv2%2Fcomments&post=63370"}],"version-history":[{"count":1,"href":"http:\/\/www.24baires.com\/index.php?rest_route=\/wp\/v2\/posts\/63370\/revisions"}],"predecessor-version":[{"id":63372,"href":"http:\/\/www.24baires.com\/index.php?rest_route=\/wp\/v2\/posts\/63370\/revisions\/63372"}],"wp:attachment":[{"href":"http:\/\/www.24baires.com\/index.php?rest_route=%2Fwp%2Fv2%2Fmedia&parent=63370"}],"wp:term":[{"taxonomy":"category","embeddable":true,"href":"http:\/\/www.24baires.com\/index.php?rest_route=%2Fwp%2Fv2%2Fcategories&post=63370"},{"taxonomy":"post_tag","embeddable":true,"href":"http:\/\/www.24baires.com\/index.php?rest_route=%2Fwp%2Fv2%2Ftags&post=63370"}],"curies":[{"name":"wp","href":"https:\/\/api.w.org\/{rel}","templated":true}]}}