{"id":63307,"date":"2015-03-18T14:00:15","date_gmt":"2015-03-18T17:00:15","guid":{"rendered":"http:\/\/www.24baires.com\/?p=63307"},"modified":"2015-03-19T10:09:57","modified_gmt":"2015-03-19T13:09:57","slug":"el-estado-recupera-la-administracion-de-todas-las-vias-del-pais-y-analizara-todas-las-concesiones","status":"publish","type":"post","link":"http:\/\/www.24baires.com\/?p=63307","title":{"rendered":"Randazzo: \u00abEl Estado es m\u00e1s eficiente que los privados\u00bb"},"content":{"rendered":"<p><img data-recalc-dims=\"1\" loading=\"lazy\" decoding=\"async\" class=\"aligncenter size-full wp-image-63308\" src=\"https:\/\/i0.wp.com\/www.24baires.com\/wp-content\/uploads\/2015\/03\/randazzo.jpg?resize=560%2C373\" alt=\"randazzo\" width=\"560\" height=\"373\" srcset=\"https:\/\/i0.wp.com\/www.24baires.com\/wp-content\/uploads\/2015\/03\/randazzo.jpg?w=560 560w, https:\/\/i0.wp.com\/www.24baires.com\/wp-content\/uploads\/2015\/03\/randazzo.jpg?resize=300%2C200 300w\" sizes=\"auto, (max-width: 560px) 100vw, 560px\" \/>El ministro present\u00f3 el proyecto de ley que el Poder Ejecutivo envi\u00f3 al Congreso, a partir del cual se crea la Sociedad del Estado Ferrocarriles Argentinos y contempla la recuperaci\u00f3n estatal del sistema ferroviario nacional.<!--more--><\/p>\n<p>El ministro del Interior y Transporte, Florencio Randazzo, anunci\u00f3 hoy en Casa de Gobierno que fue enviado al Congreso el proyecto de ley para estatizar los trenes que contempla la creaci\u00f3n de la empresa p\u00fablica Ferrocarriles Argentinos con \u201cla idea central de haber podido demostrar que el Estado es mucho m\u00e1s eficiente que los privados\u201d para administrar las l\u00edneas.<\/p>\n<p>El funcionario adelant\u00f3 que la iniciativa, anunciada por la presidenta Cristina Fern\u00e1ndez de Kirchner durante la apertura de sesiones ordinarias, ingresar\u00e1 por la C\u00e1mara de Diputados donde espera \u201cun tratamiento favorable, tanto del Frente para la Victoria como de otras fuerzas que tienen una historia vinculada a la defensa de los ferrocarriles\u201d.<\/p>\n<p>\u201cEl objetivo es la recuperaci\u00f3n de todo el sistema ferroviario nacional partiendo de una idea central que tiene que ver con haber podido demostrar que el Estado es mucho m\u00e1s eficiente que los privados cuando hay decisi\u00f3n pol\u00edtica y compromiso\u00bb, coment\u00f3 el ministro en conferencia de prensa.<\/p>\n<p>Detall\u00f3 que \u201ctodos los \u00edndices de calidad, como son la frecuencia, la prestaci\u00f3n y la recaudaci\u00f3n han sido mucho mejores en los ramales administrados por el Estado que los privados\u201d.<\/p>\n<p>Precis\u00f3 que el primer punto del proyecto contempla la creaci\u00f3n de una sociedad del Estado que es Ferrocarriles Argentinos y \u201ces la madre del resto de las empresas que hoy llevan adelante el funcionamiento de los ferrocarriles como son la Administradora de Infraestructura Ferroviaria (AIF), la Operadora Ferroviaria Sociedad del Estado (SOFSE) y Belgrano Cargas y Log\u00edstica\u201d.<\/p>\n<p>\u201cEsta empresa tomar\u00e1 todas las decisiones y tendr\u00e1 toda la potestad de todo el sistema tanto de cargas como de pasajeros\u201d, coment\u00f3.<\/p>\n<p>El ministro manifest\u00f3 que ahora todas las concesiones de los privados \u201cson puestas bajo an\u00e1lisis\u201d y el Poder Ejecutivo \u201crenegociar\u00e1 bajo las clausulas que establece la ley\u201d.<\/p>\n<p>Aclar\u00f3 sin embargo que \u201cla recuperaci\u00f3n de las v\u00edas por parte del Estado no forma parte de ninguna negociaci\u00f3n. El Estado recupera definitivamente todas las v\u00edas\u201d.<\/p>\n<p>El titular de la cartera de Transporte detall\u00f3 que en poco m\u00e1s de dos a\u00f1os el Gobierno realiz\u00f3 un cambio total de las v\u00edas en l\u00edneas del \u00e1rea metropolitana como el Mitre y el Sarmiento, adem\u00e1s de servicios de larga distancia como los que unen la Ciudad de Buenos Aires con Mar del Plata, La Plata y Rosario.<\/p>\n<p>Continuando con los trenes de pasajeros, Randazzo explic\u00f3 que a partir del 2 de marzo el Estado Nacional se hizo cargo de la operaci\u00f3n de las l\u00edneas urbanas y \u201cya se puede demostrar que ha mejorado en frecuencia y la recaudaci\u00f3n\u201d.<\/p>\n<p>En cuanto a las formaciones de cargas, expres\u00f3 que \u201chay una decisi\u00f3n de la Presidenta de recuperar los ramales vinculado al potencial del crecimiento que est\u00e1 teniendo la Argentina\u201d.<\/p>\n<p>Coment\u00f3 que ya se recuper\u00f3 la empresa Belgrano Cargas y Log\u00edstica \u201cque est\u00e1 ejecutando obras de renovaci\u00f3n de v\u00edas en 11 provincias\u201d.<\/p>\n<p>Explic\u00f3 adem\u00e1s que \u201cse establecer\u00e1 la apertura total del sistema, o sea nadie tendr\u00e1 exclusividad para operar la v\u00eda sino que la prioridad de circulaci\u00f3n la fijar\u00e1 el Estado Nacional lo que har\u00e1 m\u00e1s competitiva las econom\u00edas regionales\u201d.<br \/>\nRandazzo manifest\u00f3 que esta medida de reestatizaci\u00f3n de los trenes de pasajeros y cargas le permitir\u00e1 al Estado ahorrar mil millones de pesos anuales.<\/p>\n<p>\u201cLa creaci\u00f3n de Ferrocariles Argentinos no es un slogan, sino es una decisi\u00f3n pol\u00edtica del Gobierno vinculada a reparar errores de los \u00faltimos 60 a\u00f1os en materia ferroviaria\u201d, apunt\u00f3.<\/p>\n<p>\u201cTenemos la convicci\u00f3n que el tren es m\u00e1s que un medio de transporte, est\u00e1 vinculada nuestra cultura, identidad y con esto devolvemos parte de la historia que le robaron a muchos argentinos\u201d, a\u00f1adi\u00f3.<\/p>\n<p>Y concluy\u00f3: \u201cEl slogan era ramal que para, ramal que cierra, y hoy es ramal que arranca no para nunca m\u00e1s\u201d.<\/p>\n<p>&nbsp;<\/p>\n<p>&nbsp;<\/p>\n<p>&nbsp;<\/p>\n<p>&nbsp;<\/p>\n<p>&nbsp;<\/p>\n<p>&nbsp;<\/p>\n<p>&nbsp;<\/p>\n<p>&nbsp;<\/p>\n<p>&nbsp;<\/p>\n<p>&nbsp;<\/p>\n<p>&nbsp;<\/p>\n","protected":false},"excerpt":{"rendered":"<p>El ministro present\u00f3 el proyecto de ley que el Poder Ejecutivo envi\u00f3 al Congreso, a partir del cual se crea la Sociedad del Estado Ferrocarriles Argentinos y contempla la recuperaci\u00f3n estatal del sistema ferroviario nacional.<\/p>\n","protected":false},"author":8,"featured_media":0,"comment_status":"open","ping_status":"open","sticky":false,"template":"","format":"standard","meta":{"_jetpack_newsletter_access":"","_jetpack_dont_email_post_to_subs":false,"_jetpack_newsletter_tier_id":0,"_jetpack_memberships_contains_paywalled_content":false,"_jetpack_memberships_contains_paid_content":false,"footnotes":""},"categories":[51],"tags":[],"class_list":["post-63307","post","type-post","status-publish","format-standard","hentry","category-politica"],"jetpack_shortlink":"https:\/\/wp.me\/p2JWE0-gt5","jetpack-related-posts":[{"id":62488,"url":"http:\/\/www.24baires.com\/?p=62488","url_meta":{"origin":63307,"position":0},"title":"Randazzo, sobre los trenes: \u00abNo vamos a indemnizar absolutamente a nadie\u00bb","author":"AF","date":"02\/03\/2015","format":false,"excerpt":"Luego de que la presidente Cristina Fern\u00e1ndez anunciara la estatizaci\u00f3n de todos los ferrocarriles en su mensaje en la apertura de sesiones ordinarias, este lunes se public\u00f3 el decreto en el Bolet\u00edn Oficial y seg\u00fan explic\u00f3 el ministro Florencio Randazzo, la rescisi\u00f3n de los contratos comienza a regir hoy mismo\u2026","rel":"","context":"En \u00abPol\u00edtica\u00bb","block_context":{"text":"Pol\u00edtica","link":"http:\/\/www.24baires.com\/?cat=51"},"img":{"alt_text":"randazzo cristina tren","src":"https:\/\/i0.wp.com\/www.24baires.com\/wp-content\/uploads\/2014\/07\/randazzo-cristina-tren.jpg?resize=350%2C200","width":350,"height":200,"srcset":"https:\/\/i0.wp.com\/www.24baires.com\/wp-content\/uploads\/2014\/07\/randazzo-cristina-tren.jpg?resize=350%2C200 1x, https:\/\/i0.wp.com\/www.24baires.com\/wp-content\/uploads\/2014\/07\/randazzo-cristina-tren.jpg?resize=525%2C300 1.5x"},"classes":[]},{"id":62462,"url":"http:\/\/www.24baires.com\/?p=62462","url_meta":{"origin":63307,"position":1},"title":"La Presidenta anunci\u00f3 que enviar\u00e1 al Congreso el proyecto de estatizaci\u00f3n de los ferrocarriles","author":"Grupo Sierra","date":"01\/03\/2015","format":false,"excerpt":"En su discurso de apertura de sesiones en la 133 Asamblea Legislativa, la Presidenta inform\u00f3 que se enviar\u00e1 un proyecto de ley para recuperar el control estatal de los ferrocarriles. En su discurso, la jefa de Estado destac\u00f3 que el empleo y la generaci\u00f3n de empleo fueron ejes de la\u2026","rel":"","context":"En \u00abSociedad\u00bb","block_context":{"text":"Sociedad","link":"http:\/\/www.24baires.com\/?cat=1"},"img":{"alt_text":"cristina-y-randazzo tren mitre","src":"https:\/\/i0.wp.com\/www.24baires.com\/wp-content\/uploads\/2015\/02\/cristina-y-randazzo-tren-mitre.jpg?resize=350%2C200","width":350,"height":200,"srcset":"https:\/\/i0.wp.com\/www.24baires.com\/wp-content\/uploads\/2015\/02\/cristina-y-randazzo-tren-mitre.jpg?resize=350%2C200 1x, https:\/\/i0.wp.com\/www.24baires.com\/wp-content\/uploads\/2015\/02\/cristina-y-randazzo-tren-mitre.jpg?resize=525%2C300 1.5x"},"classes":[]},{"id":63342,"url":"http:\/\/www.24baires.com\/?p=63342","url_meta":{"origin":63307,"position":2},"title":"Avanza el proyecto que estatiza y declara de \u00abinter\u00e9s p\u00fablico y nacional\u00bb a los ferrocarriles","author":"AF","date":"18\/03\/2015","format":false,"excerpt":"El proyecto de ley que estatiza los trenes y crea la empresa p\u00fablica Ferrocarriles Argentinos, con el objeto de reactivar el servicio de cargas y de pasajeros, ingres\u00f3 esta tarde a la C\u00e1mara de Diputados, remitido por el Poder Ejecutivo. De acuerdo con lo anunciado por el ministro del Interior\u2026","rel":"","context":"En \u00abSociedad\u00bb","block_context":{"text":"Sociedad","link":"http:\/\/www.24baires.com\/?cat=1"},"img":{"alt_text":"","src":"","width":0,"height":0},"classes":[]},{"id":64331,"url":"http:\/\/www.24baires.com\/?p=64331","url_meta":{"origin":63307,"position":3},"title":"La reestatizaci\u00f3n de los Ferrocarriles ya es Ley","author":"Grupo Sierra","date":"15\/04\/2015","format":false,"excerpt":"El Senado de la Naci\u00f3n convirti\u00f3 hoy en ley el proyecto enviado por el Poder Ejecutivo para estatizar los trenes y crear la empresa p\u00fablica Ferrocarriles Argentinos, con el objeto de reactivar el servicio de cargas y de pasajeros. La iniciativa fue aprobada en general por 53 votos a favor\u2026","rel":"","context":"En \u00abPol\u00edtica\u00bb","block_context":{"text":"Pol\u00edtica","link":"http:\/\/www.24baires.com\/?cat=51"},"img":{"alt_text":"","src":"https:\/\/i0.wp.com\/www.24baires.com\/wp-content\/uploads\/2015\/04\/trenes.jpg?resize=350%2C200","width":350,"height":200,"srcset":"https:\/\/i0.wp.com\/www.24baires.com\/wp-content\/uploads\/2015\/04\/trenes.jpg?resize=350%2C200 1x, https:\/\/i0.wp.com\/www.24baires.com\/wp-content\/uploads\/2015\/04\/trenes.jpg?resize=525%2C300 1.5x"},"classes":[]},{"id":63995,"url":"http:\/\/www.24baires.com\/?p=63995","url_meta":{"origin":63307,"position":4},"title":"Diputados trata el proyecto para reestatizar el servicio de trenes","author":"GB","date":"08\/04\/2015","format":false,"excerpt":"La C\u00e1mara baja comenz\u00f3 a sesionar pasadas las 12.15 para tratar la iniciativa del Ejecutivo, que cuenta con amplio respaldo parlamentario. El debate se da en el marco de una sesi\u00f3n especial. La propuesta del Poder Ejecutivo recibir\u00eda media sanci\u00f3n con el apoyo de la UCR, el PRO y el\u2026","rel":"","context":"En \u00abPol\u00edtica\u00bb","block_context":{"text":"Pol\u00edtica","link":"http:\/\/www.24baires.com\/?cat=51"},"img":{"alt_text":"trenes","src":"https:\/\/i0.wp.com\/www.24baires.com\/wp-content\/uploads\/2014\/08\/trenes.jpg?resize=350%2C200","width":350,"height":200,"srcset":"https:\/\/i0.wp.com\/www.24baires.com\/wp-content\/uploads\/2014\/08\/trenes.jpg?resize=350%2C200 1x, https:\/\/i0.wp.com\/www.24baires.com\/wp-content\/uploads\/2014\/08\/trenes.jpg?resize=525%2C300 1.5x"},"classes":[]},{"id":63890,"url":"http:\/\/www.24baires.com\/?p=63890","url_meta":{"origin":63307,"position":5},"title":"Diputados tratar\u00e1n este mi\u00e9rcoles la estatizaci\u00f3n de los Ferrocarriles","author":"Grupo Sierra","date":"05\/04\/2015","format":false,"excerpt":"La C\u00e1mara de Diputados debatir\u00e1 el mi\u00e9rcoles pr\u00f3ximo el proyecto de ley que estatiza el servicio ferroviario y otorga al Estado la \"plena administraci\u00f3n de la infraestructura ferroviaria en todo el territorio nacional\", en el marco \"del proceso de transformaci\u00f3n in\u00e9dita\" que viene implementando el gobierno nacional para \"fortalecer y\u2026","rel":"","context":"En \u00abPol\u00edtica\u00bb","block_context":{"text":"Pol\u00edtica","link":"http:\/\/www.24baires.com\/?cat=51"},"img":{"alt_text":"Trenes san martin","src":"https:\/\/i0.wp.com\/www.24baires.com\/wp-content\/uploads\/2013\/09\/Trenes-san-martin.jpg?resize=350%2C200","width":350,"height":200,"srcset":"https:\/\/i0.wp.com\/www.24baires.com\/wp-content\/uploads\/2013\/09\/Trenes-san-martin.jpg?resize=350%2C200 1x, https:\/\/i0.wp.com\/www.24baires.com\/wp-content\/uploads\/2013\/09\/Trenes-san-martin.jpg?resize=525%2C300 1.5x"},"classes":[]}],"jetpack_sharing_enabled":true,"jetpack_likes_enabled":true,"jetpack_featured_media_url":"","_links":{"self":[{"href":"http:\/\/www.24baires.com\/index.php?rest_route=\/wp\/v2\/posts\/63307","targetHints":{"allow":["GET"]}}],"collection":[{"href":"http:\/\/www.24baires.com\/index.php?rest_route=\/wp\/v2\/posts"}],"about":[{"href":"http:\/\/www.24baires.com\/index.php?rest_route=\/wp\/v2\/types\/post"}],"author":[{"embeddable":true,"href":"http:\/\/www.24baires.com\/index.php?rest_route=\/wp\/v2\/users\/8"}],"replies":[{"embeddable":true,"href":"http:\/\/www.24baires.com\/index.php?rest_route=%2Fwp%2Fv2%2Fcomments&post=63307"}],"version-history":[{"count":2,"href":"http:\/\/www.24baires.com\/index.php?rest_route=\/wp\/v2\/posts\/63307\/revisions"}],"predecessor-version":[{"id":63310,"href":"http:\/\/www.24baires.com\/index.php?rest_route=\/wp\/v2\/posts\/63307\/revisions\/63310"}],"wp:attachment":[{"href":"http:\/\/www.24baires.com\/index.php?rest_route=%2Fwp%2Fv2%2Fmedia&parent=63307"}],"wp:term":[{"taxonomy":"category","embeddable":true,"href":"http:\/\/www.24baires.com\/index.php?rest_route=%2Fwp%2Fv2%2Fcategories&post=63307"},{"taxonomy":"post_tag","embeddable":true,"href":"http:\/\/www.24baires.com\/index.php?rest_route=%2Fwp%2Fv2%2Ftags&post=63307"}],"curies":[{"name":"wp","href":"https:\/\/api.w.org\/{rel}","templated":true}]}}