{"id":63293,"date":"2015-03-18T11:30:24","date_gmt":"2015-03-18T14:30:24","guid":{"rendered":"http:\/\/www.24baires.com\/?p=63293"},"modified":"2015-03-19T13:30:28","modified_gmt":"2015-03-19T16:30:28","slug":"anibal-acuso-a-nisman-de-gastarse-el-dinero-en-minas-y-noquis","status":"publish","type":"post","link":"http:\/\/www.24baires.com\/?p=63293","title":{"rendered":"An\u00edbal acus\u00f3 a Nisman de gastarse el dinero en \u00abminas y \u00f1oquis\u00bb"},"content":{"rendered":"<p><img data-recalc-dims=\"1\" loading=\"lazy\" decoding=\"async\" class=\"aligncenter size-full wp-image-60580\" src=\"https:\/\/i0.wp.com\/www.24baires.com\/wp-content\/uploads\/2015\/01\/anibal.jpg?resize=560%2C373\" alt=\"anibal\" width=\"560\" height=\"373\" srcset=\"https:\/\/i0.wp.com\/www.24baires.com\/wp-content\/uploads\/2015\/01\/anibal.jpg?w=560 560w, https:\/\/i0.wp.com\/www.24baires.com\/wp-content\/uploads\/2015\/01\/anibal.jpg?resize=300%2C200 300w\" sizes=\"auto, (max-width: 560px) 100vw, 560px\" \/>El jefe de Gabinete calific\u00f3 hoy de \u201csinverg\u00fcenza\u201d al fallecido fiscal y lo acus\u00f3 de \u201cmalversaci\u00f3n de caudales p\u00fablicos y cohecho\u201d. Adem\u00e1s, asegur\u00f3 que le pagaba a \u00ab\u00f1oquis\u00bb.<!--more--><\/p>\n<p>As\u00ed lo expres\u00f3 en su habitual encuentro matutino con la prensa en el ingreso a la Casa de Gobierno al ser consultado sobre un escrito que el abogado de Diego Lagomarsino presentar\u00e1 hoy ante la Justicia, en el cual, seg\u00fan public\u00f3 el diario P\u00e1gina\/12, se asegura que Nisman se quedaba todos los meses con la mitad de los 41 mil pesos que le pagaba al t\u00e9cnico inform\u00e1tico.<\/p>\n<p>\u201cEstamos en manos de un mont\u00f3n de sinverg\u00fcenzas incluyendo a Nisman\u00bb, sostuvo Fern\u00e1ndez, y precis\u00f3 que el fallecido fiscal, si le permiti\u00f3 a Lagomarsino \u201cno concurrir a trabajar y utilizar ese dinero para otros fines, cometi\u00f3 una malversaci\u00f3n de caudales p\u00fablicos, y si (Lagomarsino) le daba esos 20 mil pesos al fiscal es una figura de cohecho\u201d.<\/p>\n<p>Agreg\u00f3 que \u201ccuesta creer que ese hombre (Lagomarsino) estando de vacaciones fuera a la casa de su amigo, perd\u00f3n por llamarlo amigo al turro que le robaba la mitad del sueldo, a llevarle una pistola para que se protegiera y se cuidara\u201d.<\/p>\n<p>Confi\u00f3 que a Nisman \u201cse le dieron much\u00edsimos fondos para que esclarezca el caso AMIA y saber qui\u00e9nes eran los responsables y \u00e9l lo dedicaba para salir con minas y pagar \u00f1oquis. Se mof\u00f3 todo este tiempo de 85 v\u00edctimas y m\u00e1s de 300 heridos que provoc\u00f3 el atentado y es un sinverg\u00fcenza que pocas veces se ha visto en el pa\u00eds\u201d.<\/p>\n<p>Sobre la cuenta conjunta que ten\u00edan Nisman y Lagomarsino en los Estados Unidos, dijo que \u201call\u00ed figura la madre y una hermana del fiscal y \u00e9l (Lagomarsino) figura como apoderado; quiere decir que ten\u00eda capacidad para mover el dinero a su antojo\u201d.<\/p>\n<p>&nbsp;<\/p>\n<p>&nbsp;<\/p>\n","protected":false},"excerpt":{"rendered":"<p>El jefe de Gabinete calific\u00f3 hoy de \u201csinverg\u00fcenza\u201d al fallecido fiscal y lo acus\u00f3 de \u201cmalversaci\u00f3n de caudales p\u00fablicos y cohecho\u201d. Adem\u00e1s, asegur\u00f3 que le pagaba a \u00ab\u00f1oquis\u00bb.<\/p>\n","protected":false},"author":8,"featured_media":0,"comment_status":"open","ping_status":"open","sticky":false,"template":"","format":"standard","meta":{"_jetpack_newsletter_access":"","_jetpack_dont_email_post_to_subs":false,"_jetpack_newsletter_tier_id":0,"_jetpack_memberships_contains_paywalled_content":false,"_jetpack_memberships_contains_paid_content":false,"footnotes":""},"categories":[51],"tags":[],"class_list":["post-63293","post","type-post","status-publish","format-standard","hentry","category-politica"],"jetpack_shortlink":"https:\/\/wp.me\/p2JWE0-gsR","jetpack-related-posts":[{"id":60876,"url":"http:\/\/www.24baires.com\/?p=60876","url_meta":{"origin":63293,"position":0},"title":"Seg\u00fan el abogado de Lagomarsino, \u00abprestar un arma no es delito\u00bb","author":"GB","date":"28\/01\/2015","format":false,"excerpt":"Maximiliano Rusconi se present\u00f3 en la fiscal\u00eda de Viviana Fein. Pedir\u00e1 que la Justicia cite a declarar a Cristina y a An\u00edbal Fern\u00e1ndez. El abogado de Diego Lagomarsino, \u00fanico imputado en el marco de la causa en la que se investiga la muerte del fiscal Alberto Nisman, se present\u00f3 en\u2026","rel":"","context":"En \u00abPol\u00edtica\u00bb","block_context":{"text":"Pol\u00edtica","link":"http:\/\/www.24baires.com\/?cat=51"},"img":{"alt_text":"lagomarsino-1","src":"https:\/\/i0.wp.com\/www.24baires.com\/wp-content\/uploads\/2015\/01\/lagomarsino-1.jpg?resize=350%2C200","width":350,"height":200,"srcset":"https:\/\/i0.wp.com\/www.24baires.com\/wp-content\/uploads\/2015\/01\/lagomarsino-1.jpg?resize=350%2C200 1x, https:\/\/i0.wp.com\/www.24baires.com\/wp-content\/uploads\/2015\/01\/lagomarsino-1.jpg?resize=525%2C300 1.5x"},"classes":[]},{"id":63344,"url":"http:\/\/www.24baires.com\/?p=63344","url_meta":{"origin":63293,"position":1},"title":"Fern\u00e1ndez: \u00abNo hablo de la vida privada de Nisman, sino de lo que tiene relevancia penal\u00bb","author":"AF","date":"19\/03\/2015","format":false,"excerpt":"El jefe de Gabinete, An\u00edbal Fern\u00e1ndez, aclar\u00f3 que en sus declaraciones de ayer \"no\" habl\u00f3 \"de las acciones privadas\" del fallecido fiscal Alberto Nisman \"sino de las que tienen relevancia penal\", como son \"la malversaci\u00f3n de caudales p\u00fablicos por contratar \u00f1oquis\" o \"el cohecho por sacarle el sueldo a alguien\".\u2026","rel":"","context":"En \u00abJUDICIALES\u00bb","block_context":{"text":"JUDICIALES","link":"http:\/\/www.24baires.com\/?cat=68"},"img":{"alt_text":"fern\u00e1ndez an\u00edbal","src":"https:\/\/i0.wp.com\/www.24baires.com\/wp-content\/uploads\/2012\/12\/fern%C3%A1ndez-an%C3%ADbal.jpg?resize=350%2C200","width":350,"height":200,"srcset":"https:\/\/i0.wp.com\/www.24baires.com\/wp-content\/uploads\/2012\/12\/fern%C3%A1ndez-an%C3%ADbal.jpg?resize=350%2C200 1x, https:\/\/i0.wp.com\/www.24baires.com\/wp-content\/uploads\/2012\/12\/fern%C3%A1ndez-an%C3%ADbal.jpg?resize=525%2C300 1.5x"},"classes":[]},{"id":85719,"url":"http:\/\/www.24baires.com\/?p=85719","url_meta":{"origin":63293,"position":2},"title":"Causa Lavado de Dinero: Hallaron cuentas de Nisman en el Uruguay","author":"Grupo Sierra","date":"31\/07\/2016","format":false,"excerpt":"Lo inform\u00f3 a la Justicia argentina el Banco Central de Uruguay. Es en el marco de la causa por presunto lavado de dinero que pesa sobre la madre del fallecido fiscal; su hermana y Diego Lagomarsino. El Banco Central de Uruguay inform\u00f3 ante exhortos enviados por la Justicia argentina la\u2026","rel":"","context":"En \u00abJUDICIALES\u00bb","block_context":{"text":"JUDICIALES","link":"http:\/\/www.24baires.com\/?cat=68"},"img":{"alt_text":"nisman","src":"https:\/\/i0.wp.com\/www.24baires.com\/wp-content\/uploads\/2015\/07\/nisman.jpg?resize=350%2C200","width":350,"height":200,"srcset":"https:\/\/i0.wp.com\/www.24baires.com\/wp-content\/uploads\/2015\/07\/nisman.jpg?resize=350%2C200 1x, https:\/\/i0.wp.com\/www.24baires.com\/wp-content\/uploads\/2015\/07\/nisman.jpg?resize=525%2C300 1.5x"},"classes":[]},{"id":60973,"url":"http:\/\/www.24baires.com\/?p=60973","url_meta":{"origin":63293,"position":3},"title":"Para el abogado de Lagomarsino, \u00abno cambiar\u00eda nada si fuera del servicio de inteligencia\u00bb","author":"Grupo Sierra","date":"29\/01\/2015","format":false,"excerpt":"Maximiliano Rusconi, el abogado del imputado por darle un arma a Alberto Nisman, habl\u00f3 nuevamente pero volvi\u00f3 a sembrar m\u00e1s dudas en torno a su defendido. Tras la conferencia de prensa que su defendido brind\u00f3 ayer, Maximiliano Rusconi -el abogado que eligi\u00f3 Diego Lagomarsino, imputado por darle el arma al\u2026","rel":"","context":"En \u00abJUDICIALES\u00bb","block_context":{"text":"JUDICIALES","link":"http:\/\/www.24baires.com\/?cat=68"},"img":{"alt_text":"lagomarsino 1","src":"https:\/\/i0.wp.com\/www.24baires.com\/wp-content\/uploads\/2015\/01\/lagomarsino-11.jpg?resize=350%2C200","width":350,"height":200,"srcset":"https:\/\/i0.wp.com\/www.24baires.com\/wp-content\/uploads\/2015\/01\/lagomarsino-11.jpg?resize=350%2C200 1x, https:\/\/i0.wp.com\/www.24baires.com\/wp-content\/uploads\/2015\/01\/lagomarsino-11.jpg?resize=525%2C300 1.5x"},"classes":[]},{"id":117875,"url":"http:\/\/www.24baires.com\/?p=117875","url_meta":{"origin":63293,"position":4},"title":"Cristina consider\u00f3 \u00abdisparate judicial, institucional y pol\u00edtico\u00bb a la causa del memor\u00e1ndum","author":"AF","date":"16\/07\/2021","format":false,"excerpt":"La vicepresidenta expuso durante la audiencia p\u00fablica, que fue escuchada por m\u00e1s de 20 mil personas a trav\u00e9s de YouTube. \"Se hicieron maniobras persecutorias para perjudicarnos a m\u00ed y mi familia\", asegur\u00f3. El Tribunal Oral Federal 8 debe resolver si declara o no la nulidad del proceso. La vicepresidenta Cristina\u2026","rel":"","context":"En \u00abJUDICIALES\u00bb","block_context":{"text":"JUDICIALES","link":"http:\/\/www.24baires.com\/?cat=68"},"img":{"alt_text":"","src":"https:\/\/i0.wp.com\/www.24baires.com\/wp-content\/uploads\/2021\/07\/cfk.jpg?resize=350%2C200","width":350,"height":200,"srcset":"https:\/\/i0.wp.com\/www.24baires.com\/wp-content\/uploads\/2021\/07\/cfk.jpg?resize=350%2C200 1x, https:\/\/i0.wp.com\/www.24baires.com\/wp-content\/uploads\/2021\/07\/cfk.jpg?resize=525%2C300 1.5x"},"classes":[]},{"id":91757,"url":"http:\/\/www.24baires.com\/?p=91757","url_meta":{"origin":63293,"position":5},"title":"\u00abNo tengo ning\u00fan arma guardada en mi casa, Lagomarsino no debe tenerme miedo\u00bb","author":"AF","date":"20\/01\/2017","format":false,"excerpt":"La jueza federal de San Isidro y ex mujer de Alberto Nisman sali\u00f3 al cruce del experto inform\u00e1tico y facilitador de la pistola que termin\u00f3 con la vida del fiscal, por haberla acusado de \"mentir sistem\u00e1ticamente\" en la causa. En una entrevista en TN, la Jueza a\u00f1adi\u00f3: \"Lagomarsino no debe\u2026","rel":"","context":"En \u00abJUDICIALES\u00bb","block_context":{"text":"JUDICIALES","link":"http:\/\/www.24baires.com\/?cat=68"},"img":{"alt_text":"","src":"https:\/\/i0.wp.com\/www.24baires.com\/wp-content\/uploads\/2015\/02\/arroyo_salgado_senado-nisman.jpg?resize=350%2C200","width":350,"height":200,"srcset":"https:\/\/i0.wp.com\/www.24baires.com\/wp-content\/uploads\/2015\/02\/arroyo_salgado_senado-nisman.jpg?resize=350%2C200 1x, https:\/\/i0.wp.com\/www.24baires.com\/wp-content\/uploads\/2015\/02\/arroyo_salgado_senado-nisman.jpg?resize=525%2C300 1.5x"},"classes":[]}],"jetpack_sharing_enabled":true,"jetpack_likes_enabled":true,"jetpack_featured_media_url":"","_links":{"self":[{"href":"http:\/\/www.24baires.com\/index.php?rest_route=\/wp\/v2\/posts\/63293","targetHints":{"allow":["GET"]}}],"collection":[{"href":"http:\/\/www.24baires.com\/index.php?rest_route=\/wp\/v2\/posts"}],"about":[{"href":"http:\/\/www.24baires.com\/index.php?rest_route=\/wp\/v2\/types\/post"}],"author":[{"embeddable":true,"href":"http:\/\/www.24baires.com\/index.php?rest_route=\/wp\/v2\/users\/8"}],"replies":[{"embeddable":true,"href":"http:\/\/www.24baires.com\/index.php?rest_route=%2Fwp%2Fv2%2Fcomments&post=63293"}],"version-history":[{"count":2,"href":"http:\/\/www.24baires.com\/index.php?rest_route=\/wp\/v2\/posts\/63293\/revisions"}],"predecessor-version":[{"id":63297,"href":"http:\/\/www.24baires.com\/index.php?rest_route=\/wp\/v2\/posts\/63293\/revisions\/63297"}],"wp:attachment":[{"href":"http:\/\/www.24baires.com\/index.php?rest_route=%2Fwp%2Fv2%2Fmedia&parent=63293"}],"wp:term":[{"taxonomy":"category","embeddable":true,"href":"http:\/\/www.24baires.com\/index.php?rest_route=%2Fwp%2Fv2%2Fcategories&post=63293"},{"taxonomy":"post_tag","embeddable":true,"href":"http:\/\/www.24baires.com\/index.php?rest_route=%2Fwp%2Fv2%2Ftags&post=63293"}],"curies":[{"name":"wp","href":"https:\/\/api.w.org\/{rel}","templated":true}]}}