{"id":63287,"date":"2015-03-18T10:05:19","date_gmt":"2015-03-18T13:05:19","guid":{"rendered":"http:\/\/www.24baires.com\/?p=63287"},"modified":"2015-03-18T10:05:19","modified_gmt":"2015-03-18T13:05:19","slug":"la-justicia-desestimo-la-denuncia-de-moldes-contra-la-procuradora-del-tesoro","status":"publish","type":"post","link":"http:\/\/www.24baires.com\/?p=63287","title":{"rendered":"La Justicia desestim\u00f3 la denuncia de Moldes contra la procuradora del Tesoro"},"content":{"rendered":"<p><img data-recalc-dims=\"1\" loading=\"lazy\" decoding=\"async\" class=\"aligncenter size-full wp-image-63288\" src=\"https:\/\/i0.wp.com\/www.24baires.com\/wp-content\/uploads\/2015\/03\/juez-casanello.jpg?resize=560%2C373\" alt=\"juez casanello\" width=\"560\" height=\"373\" srcset=\"https:\/\/i0.wp.com\/www.24baires.com\/wp-content\/uploads\/2015\/03\/juez-casanello.jpg?w=560 560w, https:\/\/i0.wp.com\/www.24baires.com\/wp-content\/uploads\/2015\/03\/juez-casanello.jpg?resize=300%2C200 300w\" sizes=\"auto, (max-width: 560px) 100vw, 560px\" \/>El juez Casanello consider\u00f3 que hab\u00eda \u00abinexistencia de delito\u00bb en la acusaci\u00f3n que el fiscal de C\u00e1mara hab\u00eda entablado contra Angelia Abbona, a ra\u00edz del escrito que present\u00f3 para refutar la imputaci\u00f3n del fallecido Nisman contra la Presidenta en la causa AMIA.<!--more--><\/p>\n<p>En una resoluci\u00f3n a la que T\u00e9lam tuvo acceso, Casanello afirm\u00f3 que \u00abpuede gustar o no la presentaci\u00f3n (de Abbona), puede ser considerada inoportuna, sin m\u00e9rito o inconveniente, pero de ning\u00fan modo puede negarse que refleja un inter\u00e9s administrativo, o, por la inversa, afirmarse que refleja un aprovechamiento privado \u2013particular- de los trabajos y servicios del Estado\u00bb.<\/p>\n<p>El magistrado justific\u00f3 la intervenci\u00f3n de la Procuraci\u00f3n del Tesoro (organismo que agrupa a los abogados del Estado) al sostener que es \u00abharto dif\u00edcil sostener que no hubo un inter\u00e9s estatal en el resultado del juicio cuando la denuncia que le dio inicio vincul\u00f3 a las m\u00e1s altas autoridades del gobierno nacional argentino en un supuesto nuevo encubrimiento del atentado a la Asociaci\u00f3n Mutual Israelita Argentina\u00bb.<\/p>\n<p>En ese sentido, a\u00f1adi\u00f3 que \u00ablas vincul\u00f3 reparando en sus actos de gobierno, espec\u00edficamente previstos en la Constituci\u00f3n Nacional\u00bb, y enfatiz\u00f3 que \u00abcreo necesario insistir en este punto porque mal puede concebirse la presentaci\u00f3n de la Procuradora del Tesoro como si se tratase de un escrito presentado en un expediente iniciado por un accidente de tr\u00e1nsito\u00bb.<\/p>\n<p>Moldes hab\u00eda afirmado que se dilapidaron bienes y esfuerzo del Estado para la protecci\u00f3n de intereses particulares de la jefa del Estado y los otros imputados, pero el magistrado desbarat\u00f3 esos argumentos sosteniendo que \u00abtodo lo que hab\u00eda detr\u00e1s eran actos de personas f\u00edsicas pero bien sabemos que esos actos, por provenir de funcionarios p\u00fablicos en ejercicio de sus cargos, generaron la responsabilidad del Estado\u00bb.<\/p>\n<p>\u00abEl escrito del Doctor Moldes no dice nada de esto y omite toda referencia a las dimensiones de la denuncia formulada por el Doctor Alberto Nisman, pero es su singularidad, su car\u00e1cter extraordinario e in\u00e9dito, el que explica el porqu\u00e9, es decir, la finalidad administrativa y p\u00fablica, de la presentaci\u00f3n de la Procuraci\u00f3n del Tesoro\u00bb, subraya Casanello.<\/p>\n<p>El juez a\u00f1adi\u00f3 que \u00abtal vez la mejor demostraci\u00f3n de esa finalidad y de la pertinencia del aporte de los abogados del Estado es la propia sentencia del Doctor (Daniel) Rafecas (en la que rechaza la denuncia de Nisman) quien basa gran parte de su argumentaci\u00f3n en la prueba aportada por la Procuraci\u00f3n del Tesoro, tom\u00e1ndola desde su lugar institucional, es decir, p\u00fablico\u00bb.<\/p>\n<p>\u00abEn este sentido, vale aclarar que el Doctor (Gerardo) Pollicita \u2013fiscal de esa causa- (quien apel\u00f3 el fallo desestimatorio de Rafecas), aun asumiendo una postura distinta a la del juez, no consider\u00f3 delictivo el comportamiento de los funcionarios de la Procuraci\u00f3n del Tesoro, ni devolvi\u00f3 el escrito por impertinente\u00bb, apunt\u00f3 Casanello.<\/p>\n<p>En la resoluci\u00f3n se detall\u00f3 que \u00abobservadas las conductas dentro de este contexto, es imposible adjudicarles un inter\u00e9s particular, no administrativo. No hay distracci\u00f3n ni aprovechamiento ilegal de los servicios o trabajos p\u00fablicos ya que la presentaci\u00f3n de la Procuraci\u00f3n del Tesoro ante el expediente radicado ante el Juzgado a cargo del Doctor Rafecas, tuvo una finalidad p\u00fablica\u00bb.<\/p>\n<p>Tras un pormenorizado an\u00e1lisis de fallos de la Corte Suprema y cita de doctrina de reconocidos juristas nacionales e internacionales, Casanello explic\u00f3 que no existieron \u00abactos de corrupci\u00f3n\u00bb ya que el actuar de Abbona fue en el marco de las atribuciones legales que tiene para hacerlo, por lo cual concluy\u00f3 disponiendo \u00abdesestimar la denuncia que diera inicio al presente expediente por inexistencia de delito\u00bb.<\/p>\n<p>&nbsp;<\/p>\n<p>&nbsp;<\/p>\n<p>&nbsp;<\/p>\n<p>&nbsp;<\/p>\n<p>&nbsp;<\/p>\n<p>&nbsp;<\/p>\n<p>&nbsp;<\/p>\n<p>&nbsp;<\/p>\n<p>&nbsp;<\/p>\n<p>&nbsp;<\/p>\n","protected":false},"excerpt":{"rendered":"<p>El juez Casanello consider\u00f3 que hab\u00eda \u00abinexistencia de delito\u00bb en la acusaci\u00f3n que el fiscal de C\u00e1mara hab\u00eda entablado contra Angelia Abbona, a ra\u00edz del escrito que present\u00f3 para refutar la imputaci\u00f3n del fallecido Nisman contra la Presidenta en la causa AMIA.<\/p>\n","protected":false},"author":8,"featured_media":0,"comment_status":"open","ping_status":"open","sticky":false,"template":"","format":"standard","meta":{"_jetpack_newsletter_access":"","_jetpack_dont_email_post_to_subs":false,"_jetpack_newsletter_tier_id":0,"_jetpack_memberships_contains_paywalled_content":false,"_jetpack_memberships_contains_paid_content":false,"footnotes":""},"categories":[51],"tags":[],"class_list":["post-63287","post","type-post","status-publish","format-standard","hentry","category-politica"],"jetpack_shortlink":"https:\/\/wp.me\/p2JWE0-gsL","jetpack-related-posts":[{"id":104274,"url":"http:\/\/www.24baires.com\/?p=104274","url_meta":{"origin":63287,"position":0},"title":"Citan a Cristina a indagatoria en la causa por presunto lavado de dinero","author":"GB","date":"04\/09\/2018","format":false,"excerpt":"Por orden de la C\u00e1mara Federal, el juez Sebasti\u00e1n Casanello cit\u00f3 a la ex presidenta Cristina Kirchner a indagatoria para el 18 de septiembre en la causa de lavado en la que est\u00e1 preso L\u00e1zaro B\u00e1ez. La decisi\u00f3n fue adoptada luego de que la C\u00e1mara Federal con el voto de\u2026","rel":"","context":"En \u00abPol\u00edtica\u00bb","block_context":{"text":"Pol\u00edtica","link":"http:\/\/www.24baires.com\/?cat=51"},"img":{"alt_text":"","src":"https:\/\/i0.wp.com\/www.24baires.com\/wp-content\/uploads\/2017\/12\/cristina-senado.jpg?resize=350%2C200","width":350,"height":200,"srcset":"https:\/\/i0.wp.com\/www.24baires.com\/wp-content\/uploads\/2017\/12\/cristina-senado.jpg?resize=350%2C200 1x, https:\/\/i0.wp.com\/www.24baires.com\/wp-content\/uploads\/2017\/12\/cristina-senado.jpg?resize=525%2C300 1.5x"},"classes":[]},{"id":52965,"url":"http:\/\/www.24baires.com\/?p=52965","url_meta":{"origin":63287,"position":1},"title":"Francia ser\u00e1 una nueva sede de pago a bonistas","author":"Grupo Sierra","date":"02\/09\/2014","format":false,"excerpt":"Es para los titulares de bonos reestructurados de la deuda y a los holdouts. La inciativa fue presentada por el Gobierno y ser\u00e1 tratada por el Senado ma\u00f1ana. La Presidenta hab\u00eda propuesto cambiar el lugar de pago y propuso inicialmente a Argentina, pero ahora sumaron otro pa\u00eds. El Gobierno ampliar\u00e1\u2026","rel":"","context":"En \u00abEconom\u00eda\u00bb","block_context":{"text":"Econom\u00eda","link":"http:\/\/www.24baires.com\/?cat=45"},"img":{"alt_text":"kicilllof","src":"https:\/\/i0.wp.com\/www.24baires.com\/wp-content\/uploads\/2014\/07\/kicilllof.jpg?resize=350%2C200","width":350,"height":200,"srcset":"https:\/\/i0.wp.com\/www.24baires.com\/wp-content\/uploads\/2014\/07\/kicilllof.jpg?resize=350%2C200 1x, https:\/\/i0.wp.com\/www.24baires.com\/wp-content\/uploads\/2014\/07\/kicilllof.jpg?resize=525%2C300 1.5x"},"classes":[]},{"id":112550,"url":"http:\/\/www.24baires.com\/?p=112550","url_meta":{"origin":63287,"position":2},"title":"Procesaron a exfuncionario de Macri por mal manejo de fondos de la Anses","author":"AF","date":"18\/10\/2019","format":false,"excerpt":"Est\u00e1 acusado de haber cometido el delito de negociaciones incompatibles con la funci\u00f3n p\u00fablica. En 2016 suscribi\u00f3 con los fondos de la Anses obligaciones negociables de empresas a las que hab\u00eda estado vinculado. El juez federal Sebastian Casanello dict\u00f3 el procesamiento al ex titular del Fondo de Garant\u00edas de Sustentabilidad\u2026","rel":"","context":"En \u00abJUDICIALES\u00bb","block_context":{"text":"JUDICIALES","link":"http:\/\/www.24baires.com\/?cat=68"},"img":{"alt_text":"","src":"https:\/\/i0.wp.com\/www.24baires.com\/wp-content\/uploads\/2019\/10\/blaquier.jpg?resize=350%2C200","width":350,"height":200,"srcset":"https:\/\/i0.wp.com\/www.24baires.com\/wp-content\/uploads\/2019\/10\/blaquier.jpg?resize=350%2C200 1x, https:\/\/i0.wp.com\/www.24baires.com\/wp-content\/uploads\/2019\/10\/blaquier.jpg?resize=525%2C300 1.5x"},"classes":[]},{"id":50655,"url":"http:\/\/www.24baires.com\/?p=50655","url_meta":{"origin":63287,"position":3},"title":"Argentina viaja a EEUU para reunirse con Pollack","author":"AF","date":"28\/07\/2014","format":false,"excerpt":"Un equipo econ\u00f3mico partir\u00e1 hoy hacia Nueva York para continuar las negociaciones con el mediador designado por el juez Thomas Griesa en el diferendo con los fondos buitre. \u201cBuscamos llegar a un acuerdo justo para todos los bonistas\u201d, enfatiz\u00f3 el jefe de Gabinete. En su habitual conferencia de prensa, Capitanich\u2026","rel":"","context":"En \u00abEconom\u00eda\u00bb","block_context":{"text":"Econom\u00eda","link":"http:\/\/www.24baires.com\/?cat=45"},"img":{"alt_text":"capitanich","src":"https:\/\/i0.wp.com\/www.24baires.com\/wp-content\/uploads\/2014\/04\/capitanich.jpg?resize=350%2C200","width":350,"height":200,"srcset":"https:\/\/i0.wp.com\/www.24baires.com\/wp-content\/uploads\/2014\/04\/capitanich.jpg?resize=350%2C200 1x, https:\/\/i0.wp.com\/www.24baires.com\/wp-content\/uploads\/2014\/04\/capitanich.jpg?resize=525%2C300 1.5x"},"classes":[]},{"id":80168,"url":"http:\/\/www.24baires.com\/?p=80168","url_meta":{"origin":63287,"position":4},"title":"La Justicia abri\u00f3 una causa contra Macri por el acuerdo con los buitres","author":"GB","date":"15\/03\/2016","format":false,"excerpt":"El juez federal Sebasti\u00e1n Casanello solicit\u00f3 a Jefatura de Gabinete una copia de los documentos y decisiones administrativas relacionadas a las negociaciones que realiz\u00f3 con los holdouts por el pago de la deuda p\u00fablica. El juez federal Sebasti\u00e1n Casanello le pidi\u00f3 este martes a la Jefatura de gabinete de ministros\u2026","rel":"","context":"En \u00abPol\u00edtica\u00bb","block_context":{"text":"Pol\u00edtica","link":"http:\/\/www.24baires.com\/?cat=51"},"img":{"alt_text":"macri","src":"https:\/\/i0.wp.com\/www.24baires.com\/wp-content\/uploads\/2016\/03\/macri.jpg?resize=350%2C200","width":350,"height":200,"srcset":"https:\/\/i0.wp.com\/www.24baires.com\/wp-content\/uploads\/2016\/03\/macri.jpg?resize=350%2C200 1x, https:\/\/i0.wp.com\/www.24baires.com\/wp-content\/uploads\/2016\/03\/macri.jpg?resize=525%2C300 1.5x"},"classes":[]},{"id":50758,"url":"http:\/\/www.24baires.com\/?p=50758","url_meta":{"origin":63287,"position":5},"title":"Cuarto intermedio en la negociaci\u00f3n argentina con el mediador de Griesa","author":"GB","date":"29\/07\/2014","format":false,"excerpt":"El encuentro entre la delegaci\u00f3n enviada por el Gobierno y el abogado designado por el juez Thomas Griesa en el diferendo con los fondos buitre ser\u00e1 retomado en las pr\u00f3ximas horas. Las fuentes se limitaron a precisar que el primer tramo del encuentro -que comenz\u00f3 a las 12.20 (13.20 en\u2026","rel":"","context":"En \u00abEconom\u00eda\u00bb","block_context":{"text":"Econom\u00eda","link":"http:\/\/www.24baires.com\/?cat=45"},"img":{"alt_text":"","src":"","width":0,"height":0},"classes":[]}],"jetpack_sharing_enabled":true,"jetpack_likes_enabled":true,"jetpack_featured_media_url":"","_links":{"self":[{"href":"http:\/\/www.24baires.com\/index.php?rest_route=\/wp\/v2\/posts\/63287","targetHints":{"allow":["GET"]}}],"collection":[{"href":"http:\/\/www.24baires.com\/index.php?rest_route=\/wp\/v2\/posts"}],"about":[{"href":"http:\/\/www.24baires.com\/index.php?rest_route=\/wp\/v2\/types\/post"}],"author":[{"embeddable":true,"href":"http:\/\/www.24baires.com\/index.php?rest_route=\/wp\/v2\/users\/8"}],"replies":[{"embeddable":true,"href":"http:\/\/www.24baires.com\/index.php?rest_route=%2Fwp%2Fv2%2Fcomments&post=63287"}],"version-history":[{"count":1,"href":"http:\/\/www.24baires.com\/index.php?rest_route=\/wp\/v2\/posts\/63287\/revisions"}],"predecessor-version":[{"id":63289,"href":"http:\/\/www.24baires.com\/index.php?rest_route=\/wp\/v2\/posts\/63287\/revisions\/63289"}],"wp:attachment":[{"href":"http:\/\/www.24baires.com\/index.php?rest_route=%2Fwp%2Fv2%2Fmedia&parent=63287"}],"wp:term":[{"taxonomy":"category","embeddable":true,"href":"http:\/\/www.24baires.com\/index.php?rest_route=%2Fwp%2Fv2%2Fcategories&post=63287"},{"taxonomy":"post_tag","embeddable":true,"href":"http:\/\/www.24baires.com\/index.php?rest_route=%2Fwp%2Fv2%2Ftags&post=63287"}],"curies":[{"name":"wp","href":"https:\/\/api.w.org\/{rel}","templated":true}]}}