{"id":63267,"date":"2015-03-17T18:00:56","date_gmt":"2015-03-17T21:00:56","guid":{"rendered":"http:\/\/www.24baires.com\/?p=63267"},"modified":"2015-03-18T10:06:03","modified_gmt":"2015-03-18T13:06:03","slug":"cristina-recibe-a-familiares-de-las-victimas-del-atentado-a-la-embajada-de-israel","status":"publish","type":"post","link":"http:\/\/www.24baires.com\/?p=63267","title":{"rendered":"Cristina recibe a familiares de las v\u00edctimas del atentado a la embajada de Israel"},"content":{"rendered":"<p><img data-recalc-dims=\"1\" loading=\"lazy\" decoding=\"async\" class=\"aligncenter size-full wp-image-63077\" src=\"https:\/\/i0.wp.com\/www.24baires.com\/wp-content\/uploads\/2015\/03\/cristina-3.jpg?resize=560%2C372\" alt=\"cristina 3\" width=\"560\" height=\"372\" srcset=\"https:\/\/i0.wp.com\/www.24baires.com\/wp-content\/uploads\/2015\/03\/cristina-3.jpg?w=560 560w, https:\/\/i0.wp.com\/www.24baires.com\/wp-content\/uploads\/2015\/03\/cristina-3.jpg?resize=300%2C199 300w\" sizes=\"auto, (max-width: 560px) 100vw, 560px\" \/>La Presidenta recibe esta tarde, en audiencia privada, a familiares de las v\u00edctimas del atentado, quienes esta tarde encabezaron un acto al cumplirse 23 a\u00f1os del ataque terrorista que provoc\u00f3 veintidos muertos y centenares de heridos.<!--more--><\/p>\n<p>El encuentro se llevar\u00e1 a cabo despu\u00e9s de las 18.30 en Casa de Gobierno, seg\u00fan se inform\u00f3 oficialmente desde la oficina de prensa de la Presidencia de la Naci\u00f3n.<\/p>\n","protected":false},"excerpt":{"rendered":"<p>La Presidenta recibe esta tarde, en audiencia privada, a familiares de las v\u00edctimas del atentado, quienes esta tarde encabezaron un acto al cumplirse 23 a\u00f1os del ataque terrorista que provoc\u00f3 veintidos muertos y centenares de heridos.<\/p>\n","protected":false},"author":8,"featured_media":0,"comment_status":"open","ping_status":"open","sticky":false,"template":"","format":"standard","meta":{"_jetpack_newsletter_access":"","_jetpack_dont_email_post_to_subs":false,"_jetpack_newsletter_tier_id":0,"_jetpack_memberships_contains_paywalled_content":false,"_jetpack_memberships_contains_paid_content":false,"footnotes":""},"categories":[51],"tags":[],"class_list":["post-63267","post","type-post","status-publish","format-standard","hentry","category-politica"],"jetpack_shortlink":"https:\/\/wp.me\/p2JWE0-gsr","jetpack-related-posts":[{"id":60820,"url":"http:\/\/www.24baires.com\/?p=60820","url_meta":{"origin":63267,"position":0},"title":"Cristina recibir\u00e1 esta tarde a familiares de v\u00edctimas de la AMIA","author":"GB","date":"27\/01\/2015","format":false,"excerpt":"La Presidenta mantendr\u00e1 un encuentro en la residencia presidencial de Olivos con los miembros de la Asociaci\u00f3n 18 J Familiares, Sobrevivientes y Amigos de las V\u00edctimas del Atentado a la AMIA. Estar\u00e1 acompa\u00f1ada por el jefe de Gabinete, Jorge Capitanich; el secretario general de la Presidencia, An\u00edbal Fern\u00e1ndez y el\u2026","rel":"","context":"En \u00abPol\u00edtica\u00bb","block_context":{"text":"Pol\u00edtica","link":"http:\/\/www.24baires.com\/?cat=51"},"img":{"alt_text":"cris","src":"https:\/\/i0.wp.com\/www.24baires.com\/wp-content\/uploads\/2015\/01\/cris.jpg?resize=350%2C200","width":350,"height":200,"srcset":"https:\/\/i0.wp.com\/www.24baires.com\/wp-content\/uploads\/2015\/01\/cris.jpg?resize=350%2C200 1x, https:\/\/i0.wp.com\/www.24baires.com\/wp-content\/uploads\/2015\/01\/cris.jpg?resize=525%2C300 1.5x"},"classes":[]},{"id":107035,"url":"http:\/\/www.24baires.com\/?p=107035","url_meta":{"origin":63267,"position":1},"title":"Absolvieron a Menem por el juicio por encubrimiento del atentado a la AMIA","author":"AF","date":"28\/02\/2019","format":false,"excerpt":"El ex presidente y actual senador fue absuelto en la causa por encubrimiento del atentado contra la AMIA. Este juicio oral se desarroll\u00f3 durante a\u00f1os ante la indiferencia casi total de los grande medios. El gobierno intent\u00f3 salvar a muchos de los imputados. El ex presidente y actual senador Carlos\u2026","rel":"","context":"En \u00abJUDICIALES\u00bb","block_context":{"text":"JUDICIALES","link":"http:\/\/www.24baires.com\/?cat=68"},"img":{"alt_text":"","src":"https:\/\/i0.wp.com\/www.24baires.com\/wp-content\/uploads\/2016\/05\/menem-c.jpg?resize=350%2C200","width":350,"height":200,"srcset":"https:\/\/i0.wp.com\/www.24baires.com\/wp-content\/uploads\/2016\/05\/menem-c.jpg?resize=350%2C200 1x, https:\/\/i0.wp.com\/www.24baires.com\/wp-content\/uploads\/2016\/05\/menem-c.jpg?resize=525%2C300 1.5x"},"classes":[]},{"id":64026,"url":"http:\/\/www.24baires.com\/?p=64026","url_meta":{"origin":63267,"position":2},"title":"Es oficial: Cristina orden\u00f3 la desclasificaci\u00f3n de los archivos por el atentado a la Embajada","author":"GB","date":"09\/04\/2015","format":false,"excerpt":"La presidenta Cristina Fern\u00e1ndez de Kirchner orden\u00f3 \"la desclasificaci\u00f3n de la totalidad de la documentaci\u00f3n de los archivos de inteligencia\" relacionados con el atentado contra la embajada de Israel, luego de que ayer que se lo pidiera la Corte Suprema de Justicia. As\u00ed lo hizo a trav\u00e9s del decreto 529,\u2026","rel":"","context":"En \u00abLocales\u00bb","block_context":{"text":"Locales","link":"http:\/\/www.24baires.com\/?cat=38"},"img":{"alt_text":"","src":"https:\/\/i0.wp.com\/www.24baires.com\/wp-content\/uploads\/2015\/04\/atentado-embajada-de-Israel.jpg?resize=350%2C200","width":350,"height":200,"srcset":"https:\/\/i0.wp.com\/www.24baires.com\/wp-content\/uploads\/2015\/04\/atentado-embajada-de-Israel.jpg?resize=350%2C200 1x, https:\/\/i0.wp.com\/www.24baires.com\/wp-content\/uploads\/2015\/04\/atentado-embajada-de-Israel.jpg?resize=525%2C300 1.5x"},"classes":[]},{"id":64020,"url":"http:\/\/www.24baires.com\/?p=64020","url_meta":{"origin":63267,"position":3},"title":"La Corte pidi\u00f3 desclasificar los archivos de la &#8216;Causa Embajada&#8217; como lo ofreci\u00f3 Cristina","author":"Grupo Sierra","date":"08\/04\/2015","format":false,"excerpt":"A trav\u00e9s de un comunicado de s\u00f3lo cuatro l\u00edneas, el Centro de Informaci\u00f3n Judicial (CIJ) da cuenta que el Tribunal compuesto por Ricardo Lorenzetti, Elena Highton de Nolasco, Carlos Fayt y Juan Carlos Maqueda, solicit\u00f3 a la presidenta Cristina Fern\u00e1ndez de Kirchner, \"la desclasificaci\u00f3n de los archivos de inteligencia con\u2026","rel":"","context":"En \u00abJUDICIALES\u00bb","block_context":{"text":"JUDICIALES","link":"http:\/\/www.24baires.com\/?cat=68"},"img":{"alt_text":"","src":"","width":0,"height":0},"classes":[]},{"id":62113,"url":"http:\/\/www.24baires.com\/?p=62113","url_meta":{"origin":63267,"position":4},"title":"\u00abLa reuni\u00f3n del Papa con Dom\u00ednguez existi\u00f3 y fue en la Secretar\u00eda de Estado\u00bb","author":"AF","date":"22\/02\/2015","format":false,"excerpt":"El embajador argentino en el Vaticano, Eduardo Vald\u00e9s, confirm\u00f3 los encuentros que el Sumo Pont\u00edfice tuvo con los familiares de v\u00edctimas de AMIA y con el presidente de la C\u00e1mara de Diputados. Clar\u00edn hab\u00eda puesto en duda ambas reuniones. El embajador argentino ante el Vaticano, Eduardo Vald\u00e9s, ratific\u00f3 que el\u2026","rel":"","context":"En \u00abPol\u00edtica\u00bb","block_context":{"text":"Pol\u00edtica","link":"http:\/\/www.24baires.com\/?cat=51"},"img":{"alt_text":"papa francisco","src":"https:\/\/i0.wp.com\/www.24baires.com\/wp-content\/uploads\/2013\/10\/papa-francisco.jpg?resize=350%2C200","width":350,"height":200,"srcset":"https:\/\/i0.wp.com\/www.24baires.com\/wp-content\/uploads\/2013\/10\/papa-francisco.jpg?resize=350%2C200 1x, https:\/\/i0.wp.com\/www.24baires.com\/wp-content\/uploads\/2013\/10\/papa-francisco.jpg?resize=525%2C300 1.5x"},"classes":[]},{"id":63204,"url":"http:\/\/www.24baires.com\/?p=63204","url_meta":{"origin":63267,"position":5},"title":"Malvinas Argentinas: denuncian que un hombre de Cariglino escap\u00f3 de v\u00edctimas de mala praxis","author":"AF","date":"16\/03\/2015","format":false,"excerpt":"Familiares de las v\u00edctimas que se movilizaron hasta los nosocomios municipales, tras reunirse con ediles del FpV en el HCD local, escracharon a Alberto Cobreros quien intent\u00f3 escapar en ascensor para no atenderlos. Un grupo de familiares de supuestos casos de mala praxis en Malvinas Argentinas marcharon y exigieron respuestas\u2026","rel":"","context":"En \u00abLocales\u00bb","block_context":{"text":"Locales","link":"http:\/\/www.24baires.com\/?cat=38"},"img":{"alt_text":"cobreros","src":"https:\/\/i0.wp.com\/www.24baires.com\/wp-content\/uploads\/2015\/03\/cobreros-225x300.jpg?resize=350%2C200","width":350,"height":200},"classes":[]}],"jetpack_sharing_enabled":true,"jetpack_likes_enabled":true,"jetpack_featured_media_url":"","_links":{"self":[{"href":"http:\/\/www.24baires.com\/index.php?rest_route=\/wp\/v2\/posts\/63267","targetHints":{"allow":["GET"]}}],"collection":[{"href":"http:\/\/www.24baires.com\/index.php?rest_route=\/wp\/v2\/posts"}],"about":[{"href":"http:\/\/www.24baires.com\/index.php?rest_route=\/wp\/v2\/types\/post"}],"author":[{"embeddable":true,"href":"http:\/\/www.24baires.com\/index.php?rest_route=\/wp\/v2\/users\/8"}],"replies":[{"embeddable":true,"href":"http:\/\/www.24baires.com\/index.php?rest_route=%2Fwp%2Fv2%2Fcomments&post=63267"}],"version-history":[{"count":1,"href":"http:\/\/www.24baires.com\/index.php?rest_route=\/wp\/v2\/posts\/63267\/revisions"}],"predecessor-version":[{"id":63268,"href":"http:\/\/www.24baires.com\/index.php?rest_route=\/wp\/v2\/posts\/63267\/revisions\/63268"}],"wp:attachment":[{"href":"http:\/\/www.24baires.com\/index.php?rest_route=%2Fwp%2Fv2%2Fmedia&parent=63267"}],"wp:term":[{"taxonomy":"category","embeddable":true,"href":"http:\/\/www.24baires.com\/index.php?rest_route=%2Fwp%2Fv2%2Fcategories&post=63267"},{"taxonomy":"post_tag","embeddable":true,"href":"http:\/\/www.24baires.com\/index.php?rest_route=%2Fwp%2Fv2%2Ftags&post=63267"}],"curies":[{"name":"wp","href":"https:\/\/api.w.org\/{rel}","templated":true}]}}