{"id":63241,"date":"2015-03-17T10:00:04","date_gmt":"2015-03-17T13:00:04","guid":{"rendered":"http:\/\/www.24baires.com\/?p=63241"},"modified":"2015-03-18T10:06:11","modified_gmt":"2015-03-18T13:06:11","slug":"fernandez-sobre-las-taser-para-macri-sera-un-placer-ver-un-tipo-revolcandose-en-el-piso","status":"publish","type":"post","link":"http:\/\/www.24baires.com\/?p=63241","title":{"rendered":"Fern\u00e1ndez sobre las Taser: \u00abPara Macri ser\u00e1 un placer ver un tipo revolc\u00e1ndose en el piso\u00bb"},"content":{"rendered":"<p><img data-recalc-dims=\"1\" loading=\"lazy\" decoding=\"async\" class=\"aligncenter size-full wp-image-10776\" src=\"https:\/\/i0.wp.com\/www.24baires.com\/wp-content\/uploads\/2012\/12\/fern%C3%A1ndez-an%C3%ADbal.jpg?resize=560%2C314\" alt=\"fern\u00e1ndez an\u00edbal\" width=\"560\" height=\"314\" srcset=\"https:\/\/i0.wp.com\/www.24baires.com\/wp-content\/uploads\/2012\/12\/fern%C3%A1ndez-an%C3%ADbal.jpg?w=560 560w, https:\/\/i0.wp.com\/www.24baires.com\/wp-content\/uploads\/2012\/12\/fern%C3%A1ndez-an%C3%ADbal.jpg?resize=300%2C168 300w\" sizes=\"auto, (max-width: 560px) 100vw, 560px\" \/>El jefe de Gabinete calific\u00f3 hoy como \u201cuna experiencia horrible\u201d la compra de las pistolas el\u00e9ctricas Taser para la Polic\u00eda Metropolitana, autorizada ayer por el Tribunal Superior de Justicia porte\u00f1o.<!--more--><\/p>\n<p>El jefe de Gabinete, An\u00edbal Fern\u00e1ndez, calific\u00f3 hoy como \u201cuna experiencia horrible\u201d la compra de las pistolas el\u00e9ctricas Taser para la Polic\u00eda Metropolitana, autorizada ayer por el Tribunal Superior de Justicia porte\u00f1o, y consider\u00f3 que para el jefe de Gobierno, \u00abMauricio Macri, ser\u00e1 un placer ver un tipo revolc\u00e1ndose en el piso torturado por tan solo asistir a una manifestaci\u00f3n\u00bb.<\/p>\n<p>\u201cNo estamos en absoluto de acuerdo con esa visi\u00f3n respecto de la tarea para ordenar las cosas que est\u00e1n sucediendo en las calles, y se puede hacer sin sangre y sin heridos\u00bb, manifest\u00f3 el funcionario nacional en declaraciones formuladas esta ma\u00f1ana en el ingreso a Casa de Gobierno.<\/p>\n","protected":false},"excerpt":{"rendered":"<p>El jefe de Gabinete calific\u00f3 hoy como \u201cuna experiencia horrible\u201d la compra de las pistolas el\u00e9ctricas Taser para la Polic\u00eda Metropolitana, autorizada ayer por el Tribunal Superior de Justicia porte\u00f1o.<\/p>\n","protected":false},"author":4,"featured_media":0,"comment_status":"open","ping_status":"open","sticky":false,"template":"","format":"standard","meta":{"_jetpack_newsletter_access":"","_jetpack_dont_email_post_to_subs":false,"_jetpack_newsletter_tier_id":0,"_jetpack_memberships_contains_paywalled_content":false,"_jetpack_memberships_contains_paid_content":false,"footnotes":""},"categories":[51],"tags":[],"class_list":["post-63241","post","type-post","status-publish","format-standard","hentry","category-politica"],"jetpack_shortlink":"https:\/\/wp.me\/p2JWE0-gs1","jetpack-related-posts":[{"id":116351,"url":"http:\/\/www.24baires.com\/?p=116351","url_meta":{"origin":63241,"position":0},"title":"Cafiero asegura que \u00abno est\u00e1 en estudio\u00bb el uso de las Taser en las fuerzas federales","author":"AF","date":"29\/09\/2020","format":false,"excerpt":"El jefe de Gabinete asegur\u00f3 que tanto la Ciudad de Buenos Aires como las provincias tienen autonom\u00eda suficiente para decidir el uso de las pistolas Taser y que las fuerzas federales se mueven con sus propios protocolos y normas. El jefe de Gabinete, Santiago Cafiero, asegur\u00f3 hoy que la utilizaci\u00f3n\u2026","rel":"","context":"En \u00abSociedad\u00bb","block_context":{"text":"Sociedad","link":"http:\/\/www.24baires.com\/?cat=1"},"img":{"alt_text":"","src":"https:\/\/i0.wp.com\/www.24baires.com\/wp-content\/uploads\/2020\/07\/cafiero.jpg?resize=350%2C200","width":350,"height":200,"srcset":"https:\/\/i0.wp.com\/www.24baires.com\/wp-content\/uploads\/2020\/07\/cafiero.jpg?resize=350%2C200 1x, https:\/\/i0.wp.com\/www.24baires.com\/wp-content\/uploads\/2020\/07\/cafiero.jpg?resize=525%2C300 1.5x"},"classes":[]},{"id":106387,"url":"http:\/\/www.24baires.com\/?p=106387","url_meta":{"origin":63241,"position":1},"title":"Vidal compr\u00f3 pistolas taser para que las use el Grupo Halc\u00f3n en tomas de rehenes","author":"GB","date":"17\/01\/2019","format":false,"excerpt":"As\u00ed lo confirm\u00f3 el ministro de Seguridad de la provincia de Buenos Aires, Cristian Ritondo, quien adem\u00e1s explic\u00f3 que se adquiri\u00f3 \u201cuna peque\u00f1a cantidad\u201d y que los efectivos \u201cya est\u00e1n capacit\u00e1ndose en el uso para, exclusivamente, los casos de tomas de rehenes\u201d. La gobernadora de la provincia de Buenos Aires,\u2026","rel":"","context":"En \u00abProvincia\u00bb","block_context":{"text":"Provincia","link":"http:\/\/www.24baires.com\/?cat=40"},"img":{"alt_text":"","src":"https:\/\/i0.wp.com\/www.24baires.com\/wp-content\/uploads\/2019\/01\/pistola-taser.jpg?resize=350%2C200","width":350,"height":200,"srcset":"https:\/\/i0.wp.com\/www.24baires.com\/wp-content\/uploads\/2019\/01\/pistola-taser.jpg?resize=350%2C200 1x, https:\/\/i0.wp.com\/www.24baires.com\/wp-content\/uploads\/2019\/01\/pistola-taser.jpg?resize=525%2C300 1.5x"},"classes":[]},{"id":116419,"url":"http:\/\/www.24baires.com\/?p=116419","url_meta":{"origin":63241,"position":2},"title":"Berni aclar\u00f3 que ning\u00fan municipio est\u00e1 autorizado a utilizar pistolas Taser","author":"AF","date":"07\/10\/2020","format":false,"excerpt":"El ministro de Seguridad bonaerense asegur\u00f3 que \"hay que dejar de hacer demagogia y pensar en c\u00f3mo aplicar el Plan Integral de Seguridad, que se trabaj\u00f3 con el Gobierno nacional\". Sergio Berni cuestion\u00f3 este mi\u00e9rcoles la iniciativa del partido de Lan\u00fas de adquirir pistolas Taser ya que \"ese distrito no\u2026","rel":"","context":"En \u00abProvincia\u00bb","block_context":{"text":"Provincia","link":"http:\/\/www.24baires.com\/?cat=40"},"img":{"alt_text":"","src":"https:\/\/i0.wp.com\/www.24baires.com\/wp-content\/uploads\/2015\/02\/berni.jpg?resize=350%2C200","width":350,"height":200,"srcset":"https:\/\/i0.wp.com\/www.24baires.com\/wp-content\/uploads\/2015\/02\/berni.jpg?resize=350%2C200 1x, https:\/\/i0.wp.com\/www.24baires.com\/wp-content\/uploads\/2015\/02\/berni.jpg?resize=525%2C300 1.5x"},"classes":[]},{"id":106204,"url":"http:\/\/www.24baires.com\/?p=106204","url_meta":{"origin":63241,"position":3},"title":"Bullrich confirm\u00f3 que el Gobierno comprar\u00e1 pistolas Taser","author":"AF","date":"04\/01\/2019","format":false,"excerpt":"La ministra de Seguridad, Patricia Bullrich, confirm\u00f3 que la compra y uso de pistolas Taser \u201ces una decisi\u00f3n que est\u00e1 tomada\u201d a pesar de \u201cel problema judicial existente\u201d y anunci\u00f3 que, para ello, su cartera \u201cya est\u00e1 analizando la posibilidad de una licitaci\u00f3n\u201d. La funcionaria elogi\u00f3 a ese tipo de\u2026","rel":"","context":"En \u00abSociedad\u00bb","block_context":{"text":"Sociedad","link":"http:\/\/www.24baires.com\/?cat=1"},"img":{"alt_text":"","src":"https:\/\/i0.wp.com\/www.24baires.com\/wp-content\/uploads\/2017\/04\/bullrich.jpg?resize=350%2C200","width":350,"height":200,"srcset":"https:\/\/i0.wp.com\/www.24baires.com\/wp-content\/uploads\/2017\/04\/bullrich.jpg?resize=350%2C200 1x, https:\/\/i0.wp.com\/www.24baires.com\/wp-content\/uploads\/2017\/04\/bullrich.jpg?resize=525%2C300 1.5x"},"classes":[]},{"id":63538,"url":"http:\/\/www.24baires.com\/?p=63538","url_meta":{"origin":63241,"position":4},"title":"Hebe quiere a Cristina como gobernadora porque \u00abla Provincia est\u00e1 hecha moco\u00bb","author":"GB","date":"24\/03\/2015","format":false,"excerpt":"La titular de la asociaci\u00f3n Madres de Plaza de Mayo acus\u00f3 a Scioli de haber apoyado la \u00faltima dictadura. La titular de la asociaci\u00f3n Madres de Plaza de Mayo, Hebe de Bonafini, acus\u00f3 este martes al gobernador bonaerense, Daniel Scioli, de apoyar la \u00faltima dictadura y pidi\u00f3 que la presidenta\u2026","rel":"","context":"En \u00abPol\u00edtica\u00bb","block_context":{"text":"Pol\u00edtica","link":"http:\/\/www.24baires.com\/?cat=51"},"img":{"alt_text":"hebe-de-bonafini","src":"https:\/\/i0.wp.com\/www.24baires.com\/wp-content\/uploads\/2014\/01\/hebe-de-bonafini.jpg?resize=350%2C200","width":350,"height":200,"srcset":"https:\/\/i0.wp.com\/www.24baires.com\/wp-content\/uploads\/2014\/01\/hebe-de-bonafini.jpg?resize=350%2C200 1x, https:\/\/i0.wp.com\/www.24baires.com\/wp-content\/uploads\/2014\/01\/hebe-de-bonafini.jpg?resize=525%2C300 1.5x"},"classes":[]},{"id":119599,"url":"http:\/\/www.24baires.com\/?p=119599","url_meta":{"origin":63241,"position":5},"title":"El gabinete denunci\u00f3 la intenci\u00f3n de proscribir electoralmente a Cristina","author":"AF","date":"30\/11\/2022","format":false,"excerpt":"De Juan Manzur a Wado de Pedro, las frases que dej\u00f3 la reuni\u00f3n de ministros sobre el juicio contra la vicepresidenta. Desde la oposici\u00f3n, Larreta se subi\u00f3 a la ola de criticas por derecha: \"Decir que un tribunal de la democracia es un pelot\u00f3n de fusilamiento es una verg\u00fcenza\". Tras\u2026","rel":"","context":"En \u00abPol\u00edtica\u00bb","block_context":{"text":"Pol\u00edtica","link":"http:\/\/www.24baires.com\/?cat=51"},"img":{"alt_text":"","src":"https:\/\/i0.wp.com\/www.24baires.com\/wp-content\/uploads\/2022\/09\/cristinakirchnerjpg.jpg?resize=350%2C200","width":350,"height":200,"srcset":"https:\/\/i0.wp.com\/www.24baires.com\/wp-content\/uploads\/2022\/09\/cristinakirchnerjpg.jpg?resize=350%2C200 1x, https:\/\/i0.wp.com\/www.24baires.com\/wp-content\/uploads\/2022\/09\/cristinakirchnerjpg.jpg?resize=525%2C300 1.5x, https:\/\/i0.wp.com\/www.24baires.com\/wp-content\/uploads\/2022\/09\/cristinakirchnerjpg.jpg?resize=700%2C400 2x"},"classes":[]}],"jetpack_sharing_enabled":true,"jetpack_likes_enabled":true,"jetpack_featured_media_url":"","_links":{"self":[{"href":"http:\/\/www.24baires.com\/index.php?rest_route=\/wp\/v2\/posts\/63241","targetHints":{"allow":["GET"]}}],"collection":[{"href":"http:\/\/www.24baires.com\/index.php?rest_route=\/wp\/v2\/posts"}],"about":[{"href":"http:\/\/www.24baires.com\/index.php?rest_route=\/wp\/v2\/types\/post"}],"author":[{"embeddable":true,"href":"http:\/\/www.24baires.com\/index.php?rest_route=\/wp\/v2\/users\/4"}],"replies":[{"embeddable":true,"href":"http:\/\/www.24baires.com\/index.php?rest_route=%2Fwp%2Fv2%2Fcomments&post=63241"}],"version-history":[{"count":1,"href":"http:\/\/www.24baires.com\/index.php?rest_route=\/wp\/v2\/posts\/63241\/revisions"}],"predecessor-version":[{"id":63242,"href":"http:\/\/www.24baires.com\/index.php?rest_route=\/wp\/v2\/posts\/63241\/revisions\/63242"}],"wp:attachment":[{"href":"http:\/\/www.24baires.com\/index.php?rest_route=%2Fwp%2Fv2%2Fmedia&parent=63241"}],"wp:term":[{"taxonomy":"category","embeddable":true,"href":"http:\/\/www.24baires.com\/index.php?rest_route=%2Fwp%2Fv2%2Fcategories&post=63241"},{"taxonomy":"post_tag","embeddable":true,"href":"http:\/\/www.24baires.com\/index.php?rest_route=%2Fwp%2Fv2%2Ftags&post=63241"}],"curies":[{"name":"wp","href":"https:\/\/api.w.org\/{rel}","templated":true}]}}