{"id":63237,"date":"2015-03-16T21:00:03","date_gmt":"2015-03-17T00:00:03","guid":{"rendered":"http:\/\/www.24baires.com\/?p=63237"},"modified":"2015-03-16T20:35:55","modified_gmt":"2015-03-16T23:35:55","slug":"de-la-rua-apoyo-el-acuerdo-ucr-pro","status":"publish","type":"post","link":"http:\/\/www.24baires.com\/?p=63237","title":{"rendered":"De la R\u00faa apoy\u00f3 el acuerdo UCR-PRO"},"content":{"rendered":"<p><img data-recalc-dims=\"1\" loading=\"lazy\" decoding=\"async\" class=\"alignleft wp-image-10846 size-medium\" src=\"https:\/\/i0.wp.com\/www.24baires.com\/wp-content\/uploads\/2012\/12\/de-la-r%C3%BAa.jpg?resize=253%2C300\" alt=\"Fernando de la R\u00faa\" width=\"253\" height=\"300\" srcset=\"https:\/\/i0.wp.com\/www.24baires.com\/wp-content\/uploads\/2012\/12\/de-la-r%C3%BAa.jpg?resize=253%2C300 253w, https:\/\/i0.wp.com\/www.24baires.com\/wp-content\/uploads\/2012\/12\/de-la-r%C3%BAa.jpg?w=300 300w\" sizes=\"auto, (max-width: 253px) 100vw, 253px\" \/>\u00abLo importante fueron las decisiones dadas con miras a una renovaci\u00f3n trascendente por el cambio de poder en Argentina\u00bb se\u00f1al\u00f3 el ex presidente en un abierto respaldo a la nueva alianza sellada el s\u00e1bado.<!--more--><\/p>\n<p>\u201cHay que respetar lo que se resolvi\u00f3 en la Convenci\u00f3n. Lo importante fueron las decisiones dadas con miras a una renovaci\u00f3n trascendente por el cambio de poder en Argentina\u201d, se\u00f1al\u00f3 De la R\u00faa en declaraciones a Radio Del Plata.<\/p>\n<p>Para el ex mandatario, que lleg\u00f3 a la primera magistratura tras ganar las elecciones de 1999 como candidato de la Alianza, pero que debi\u00f3 renunciar dos a\u00f1os despu\u00e9s en medio de una grave crisis, \u201cla UCR le dio a la sociedad un ejemplo de di\u00e1logo y debate\u201d.<\/p>\n<p>\u201cHac\u00eda falta que un partido como la Uni\u00f3n C\u00edvica Radical mostrara c\u00f3mo se resuelven las cosas hablando, discutiendo y respetando la decisi\u00f3n de las mayor\u00edas\u201d, se\u00f1al\u00f3 con respecto al encuentro que el radicalismo celebr\u00f3 en Entre R\u00edos.<\/p>\n<p>En relaci\u00f3n al clima que se vivi\u00f3 en la Convenci\u00f3n, De La R\u00faa afirm\u00f3 que lo que sucedi\u00f3 all\u00ed \u201cno signific\u00f3 una ruptura\u201d, y que se trat\u00f3 de \u201cfuerzas que se unen porque saben que en la dispersi\u00f3n no se construye\u201d.<\/p>\n<p>\u201cEstoy contento con la forma en que se desenvolvi\u00f3 la Convenci\u00f3n y es lo que destaco. Lo del fin de semana no fue una ruptura. Simplemente se unieron fuerzas que en la dispersi\u00f3n no se construyen\u201d, enfatiz\u00f3.<\/p>\n<p>&nbsp;<\/p>\n<p>&nbsp;<\/p>\n<p>&nbsp;<\/p>\n<p>&nbsp;<\/p>\n","protected":false},"excerpt":{"rendered":"<p>\u00abLo importante fueron las decisiones dadas con miras a una renovaci\u00f3n trascendente por el cambio de poder en Argentina\u00bb se\u00f1al\u00f3 el ex presidente en un abierto respaldo a la nueva alianza sellada el s\u00e1bado.<\/p>\n","protected":false},"author":8,"featured_media":0,"comment_status":"open","ping_status":"open","sticky":false,"template":"","format":"standard","meta":{"_jetpack_newsletter_access":"","_jetpack_dont_email_post_to_subs":false,"_jetpack_newsletter_tier_id":0,"_jetpack_memberships_contains_paywalled_content":false,"_jetpack_memberships_contains_paid_content":false,"footnotes":""},"categories":[51],"tags":[],"class_list":["post-63237","post","type-post","status-publish","format-standard","hentry","category-politica"],"jetpack_shortlink":"https:\/\/wp.me\/p2JWE0-grX","jetpack-related-posts":[{"id":101129,"url":"http:\/\/www.24baires.com\/?p=101129","url_meta":{"origin":63237,"position":0},"title":"Alfons\u00edn quiere sacar al radicalismo de Cambiemos y armar un nuevo frente","author":"GB","date":"18\/03\/2018","format":false,"excerpt":"El ex diputado de la Uni\u00f3n C\u00edvica Radical Ricardo Alfons\u00edn pretende que el hist\u00f3rico partido rompa sus alianzas con Cambiemos y arme un nuevo frente progresista con el GEN y el Partido Socialista. El ex diputado y dirigente radical Ricardo Alfons\u00edn afirm\u00f3 hoy a NA que para 2019 la UCR\u2026","rel":"","context":"En \u00abPol\u00edtica\u00bb","block_context":{"text":"Pol\u00edtica","link":"http:\/\/www.24baires.com\/?cat=51"},"img":{"alt_text":"","src":"https:\/\/i0.wp.com\/www.24baires.com\/wp-content\/uploads\/2013\/09\/alfonsin.jpg?resize=350%2C200","width":350,"height":200,"srcset":"https:\/\/i0.wp.com\/www.24baires.com\/wp-content\/uploads\/2013\/09\/alfonsin.jpg?resize=350%2C200 1x, https:\/\/i0.wp.com\/www.24baires.com\/wp-content\/uploads\/2013\/09\/alfonsin.jpg?resize=525%2C300 1.5x"},"classes":[]},{"id":63189,"url":"http:\/\/www.24baires.com\/?p=63189","url_meta":{"origin":63237,"position":1},"title":"An\u00edbal Fern\u00e1ndez: \u00abEl acuerdo UCR-PRO es una alianza con objetivo electoral y sin contenido pol\u00edtico\u00bb","author":"AF","date":"16\/03\/2015","format":false,"excerpt":"El jefe de Gabinete, An\u00edbal Fern\u00e1ndez, consider\u00f3 que el acuerdo pol\u00edtico sellado entre el PRO, el radicalismo y la Coalici\u00f3n C\u00edvica constituye una alianza \u201ccon objetivo electoral y sin contenido pol\u00edtico\u201d entre quienes representan a la \u201cderecha espantosa\u201d de la Argentina. Adem\u00e1s, sostuvo que, en ese tipo de acuerdos puramente\u2026","rel":"","context":"En \u00abPol\u00edtica\u00bb","block_context":{"text":"Pol\u00edtica","link":"http:\/\/www.24baires.com\/?cat=51"},"img":{"alt_text":"fern\u00e1ndez an\u00edbal2","src":"https:\/\/i0.wp.com\/www.24baires.com\/wp-content\/uploads\/2012\/11\/fern%C3%A1ndez-an%C3%ADbal2.jpg?resize=350%2C200","width":350,"height":200,"srcset":"https:\/\/i0.wp.com\/www.24baires.com\/wp-content\/uploads\/2012\/11\/fern%C3%A1ndez-an%C3%ADbal2.jpg?resize=350%2C200 1x, https:\/\/i0.wp.com\/www.24baires.com\/wp-content\/uploads\/2012\/11\/fern%C3%A1ndez-an%C3%ADbal2.jpg?resize=525%2C300 1.5x"},"classes":[]},{"id":103209,"url":"http:\/\/www.24baires.com\/?p=103209","url_meta":{"origin":63237,"position":2},"title":"La UCR dispar\u00f3 contra Carri\u00f3: \u00abHoy le aporta menos a Cambiemos que las propinas que deja\u00bb","author":"AF","date":"06\/07\/2018","format":false,"excerpt":"La Uni\u00f3n C\u00edvica Radical, que comparte la Alianza Cambiemos con el PRO, emiti\u00f3 un dur\u00edsimo comunicado con la diputada Elisa Carri\u00f3. Deslizaron que la pol\u00e9mica legisladora utiliza al partido como \"proyecto personal\" y \"liderazgo mesi\u00e1nico\". La UCR le respondi\u00f3 con un comunicado a Elisa Carri\u00f3 y desde el partido, no\u2026","rel":"","context":"En \u00abPol\u00edtica\u00bb","block_context":{"text":"Pol\u00edtica","link":"http:\/\/www.24baires.com\/?cat=51"},"img":{"alt_text":"","src":"https:\/\/i0.wp.com\/www.24baires.com\/wp-content\/uploads\/2018\/07\/carri%C3%B3.jpg?resize=350%2C200","width":350,"height":200,"srcset":"https:\/\/i0.wp.com\/www.24baires.com\/wp-content\/uploads\/2018\/07\/carri%C3%B3.jpg?resize=350%2C200 1x, https:\/\/i0.wp.com\/www.24baires.com\/wp-content\/uploads\/2018\/07\/carri%C3%B3.jpg?resize=525%2C300 1.5x"},"classes":[]},{"id":43995,"url":"http:\/\/www.24baires.com\/?p=43995","url_meta":{"origin":63237,"position":3},"title":"Apelaron la absoluci\u00f3n de todos los imputados por las coimas en el Senado","author":"AF","date":"16\/04\/2014","format":false,"excerpt":"La fiscal Sabrina Namer apel\u00f3 hoy ante la C\u00e1mara Federal de Casaci\u00f3n Penal la absoluci\u00f3n de todos los imputados en el juicio por el pago de sobornos en el Senado para la aprobaci\u00f3n de la ley de Reforma Laboral en abril del 2000, entre ellas la del ex presidente Fernando\u2026","rel":"","context":"En \u00abPol\u00edtica\u00bb","block_context":{"text":"Pol\u00edtica","link":"http:\/\/www.24baires.com\/?cat=51"},"img":{"alt_text":"de la r\u00faa 1","src":"https:\/\/i0.wp.com\/www.24baires.com\/wp-content\/uploads\/2013\/10\/de-la-r%C3%BAa-1-300x199.jpg?resize=350%2C200","width":350,"height":200},"classes":[]},{"id":104285,"url":"http:\/\/www.24baires.com\/?p=104285","url_meta":{"origin":63237,"position":4},"title":"La Convenci\u00f3n de la UCR destroz\u00f3 a Carri\u00f3 y la trat\u00f3 de \u00abpsic\u00f3pata\u00bb","author":"AF","date":"04\/09\/2018","format":false,"excerpt":"Adem\u00e1s repudiaron sus palabras contra Ra\u00fal Alfons\u00edn, quien acus\u00f3 al ex presidente de propiciar la ca\u00edda de De La R\u00faa, luego de que este decretara el Estado de Sitio. Dijeron que la pol\u00e9mica legisladora \"puede mentir constantemente para provecho propio\". La Convenci\u00f3n de la Uni\u00f3n Civ\u00edca Radical acus\u00f3 a la\u2026","rel":"","context":"En \u00abPol\u00edtica\u00bb","block_context":{"text":"Pol\u00edtica","link":"http:\/\/www.24baires.com\/?cat=51"},"img":{"alt_text":"","src":"https:\/\/i0.wp.com\/www.24baires.com\/wp-content\/uploads\/2014\/04\/carri%C3%B3.jpg?resize=350%2C200","width":350,"height":200,"srcset":"https:\/\/i0.wp.com\/www.24baires.com\/wp-content\/uploads\/2014\/04\/carri%C3%B3.jpg?resize=350%2C200 1x, https:\/\/i0.wp.com\/www.24baires.com\/wp-content\/uploads\/2014\/04\/carri%C3%B3.jpg?resize=525%2C300 1.5x"},"classes":[]},{"id":48930,"url":"http:\/\/www.24baires.com\/?p=48930","url_meta":{"origin":63237,"position":5},"title":"De la R\u00faa no se arrepiente y asegura que \u00abel Megacanje no fue malo\u00bb","author":"Grupo Sierra","date":"29\/06\/2014","format":false,"excerpt":"El ex presidente Fernando De la R\u00faa afirm\u00f3 esta ma\u00f1ana que \"el megacanje no fue malo para el pa\u00eds\u201d y por el contrario asegur\u00f3 que \u201cfue bueno porque hab\u00eda que patear para adelante los vencimientos que no pod\u00eda pagar\". De la R\u00faa sostuvo que el megacanje \"tuvo la aprobaci\u00f3n de\u2026","rel":"","context":"En \u00abPol\u00edtica\u00bb","block_context":{"text":"Pol\u00edtica","link":"http:\/\/www.24baires.com\/?cat=51"},"img":{"alt_text":"de la rua","src":"https:\/\/i0.wp.com\/www.24baires.com\/wp-content\/uploads\/2014\/04\/de-la-rua.jpg?resize=350%2C200","width":350,"height":200,"srcset":"https:\/\/i0.wp.com\/www.24baires.com\/wp-content\/uploads\/2014\/04\/de-la-rua.jpg?resize=350%2C200 1x, https:\/\/i0.wp.com\/www.24baires.com\/wp-content\/uploads\/2014\/04\/de-la-rua.jpg?resize=525%2C300 1.5x"},"classes":[]}],"jetpack_sharing_enabled":true,"jetpack_likes_enabled":true,"jetpack_featured_media_url":"","_links":{"self":[{"href":"http:\/\/www.24baires.com\/index.php?rest_route=\/wp\/v2\/posts\/63237","targetHints":{"allow":["GET"]}}],"collection":[{"href":"http:\/\/www.24baires.com\/index.php?rest_route=\/wp\/v2\/posts"}],"about":[{"href":"http:\/\/www.24baires.com\/index.php?rest_route=\/wp\/v2\/types\/post"}],"author":[{"embeddable":true,"href":"http:\/\/www.24baires.com\/index.php?rest_route=\/wp\/v2\/users\/8"}],"replies":[{"embeddable":true,"href":"http:\/\/www.24baires.com\/index.php?rest_route=%2Fwp%2Fv2%2Fcomments&post=63237"}],"version-history":[{"count":1,"href":"http:\/\/www.24baires.com\/index.php?rest_route=\/wp\/v2\/posts\/63237\/revisions"}],"predecessor-version":[{"id":63238,"href":"http:\/\/www.24baires.com\/index.php?rest_route=\/wp\/v2\/posts\/63237\/revisions\/63238"}],"wp:attachment":[{"href":"http:\/\/www.24baires.com\/index.php?rest_route=%2Fwp%2Fv2%2Fmedia&parent=63237"}],"wp:term":[{"taxonomy":"category","embeddable":true,"href":"http:\/\/www.24baires.com\/index.php?rest_route=%2Fwp%2Fv2%2Fcategories&post=63237"},{"taxonomy":"post_tag","embeddable":true,"href":"http:\/\/www.24baires.com\/index.php?rest_route=%2Fwp%2Fv2%2Ftags&post=63237"}],"curies":[{"name":"wp","href":"https:\/\/api.w.org\/{rel}","templated":true}]}}