{"id":63233,"date":"2015-03-16T20:30:03","date_gmt":"2015-03-16T23:30:03","guid":{"rendered":"http:\/\/www.24baires.com\/?p=63233"},"modified":"2015-03-16T20:04:30","modified_gmt":"2015-03-16T23:04:30","slug":"un-argentino-presidira-el-comite-de-derechos-humanos-de-la-onu","status":"publish","type":"post","link":"http:\/\/www.24baires.com\/?p=63233","title":{"rendered":"Un argentino presidir\u00e1 el Comit\u00e9 de Derechos Humanos de la ONU"},"content":{"rendered":"<p><img data-recalc-dims=\"1\" loading=\"lazy\" decoding=\"async\" class=\"alignleft size-full wp-image-63234\" src=\"https:\/\/i0.wp.com\/www.24baires.com\/wp-content\/uploads\/2015\/03\/f-salvioli.jpg?resize=300%2C200\" alt=\"f salvioli\" width=\"300\" height=\"200\" \/>El Comit\u00e9 de Derechos Humanos de Naciones Unidas reunido en Ginebra eligi\u00f3 este lunes por unanimidad como su presidente al jurista argentino Fabi\u00e1n Salvioli, para el per\u00edodo 2015-2016.<!--more--><\/p>\n<p>El profesor Salvioli es Doctor en Ciencias Jur\u00eddicas, Magister en Relaciones Internacionales y Titular de la C\u00e1tedra de Derecho Internacional P\u00fablico en la Universidad Nacional de La Plata, entidad acad\u00e9mica en la cual se desempe\u00f1a como director del Instituto y la carrera de Maestr\u00eda en Derechos Humanos.<\/p>\n<p>Salvioli forma parte del Comit\u00e9 de Derechos Humanos de Naciones Unidas desde el a\u00f1o 2009, y es el primer argentino electo como Presidente de dicho organismo.<\/p>\n<p>El Comit\u00e9 de Derechos Humanos de Naciones Unidas es un \u00f3rgano compuesto de dieciocho expertos independientes de gran integridad moral y reconocida competencia en materia de derechos humanos, cuya funci\u00f3n es supervisar la aplicaci\u00f3n del Pacto Internacional de Derechos Civiles y Pol\u00edticos en 168 Estados Partes del mencionado instrumento.<\/p>\n<p>&nbsp;<\/p>\n<p>&nbsp;<\/p>\n<p>&nbsp;<\/p>\n<p>&nbsp;<\/p>\n<p>&nbsp;<\/p>\n<p>&nbsp;<\/p>\n<p>&nbsp;<\/p>\n","protected":false},"excerpt":{"rendered":"<p>El Comit\u00e9 de Derechos Humanos de Naciones Unidas reunido en Ginebra eligi\u00f3 este lunes por unanimidad como su presidente al jurista argentino Fabi\u00e1n Salvioli, para el per\u00edodo 2015-2016.<\/p>\n","protected":false},"author":8,"featured_media":0,"comment_status":"open","ping_status":"open","sticky":false,"template":"","format":"standard","meta":{"_jetpack_newsletter_access":"","_jetpack_dont_email_post_to_subs":false,"_jetpack_newsletter_tier_id":0,"_jetpack_memberships_contains_paywalled_content":false,"_jetpack_memberships_contains_paid_content":false,"footnotes":""},"categories":[51],"tags":[],"class_list":["post-63233","post","type-post","status-publish","format-standard","hentry","category-politica"],"jetpack_shortlink":"https:\/\/wp.me\/p2JWE0-grT","jetpack-related-posts":[{"id":119005,"url":"http:\/\/www.24baires.com\/?p=119005","url_meta":{"origin":63233,"position":0},"title":"Cafiero pidi\u00f3 al Reino Unido retomar las negociaciones por la soberan\u00eda sobre Malvinas","author":"AF","date":"23\/06\/2022","format":false,"excerpt":"Durante su exposici\u00f3n en la Sesi\u00f3n Especial del Comit\u00e9 de Descolonizaci\u00f3n de la Organizaci\u00f3n de las Naciones Unidas, el Canciller le dijo adem\u00e1s que \"es momento\" de que \"deje en las p\u00e1ginas de la historia su ejercicio de potencia colonial\". El canciller Santiago Cafiero pidi\u00f3 que el Reino Unido \"no\u2026","rel":"","context":"En \u00abInternacionales\u00bb","block_context":{"text":"Internacionales","link":"http:\/\/www.24baires.com\/?cat=73"},"img":{"alt_text":"","src":"https:\/\/i0.wp.com\/www.24baires.com\/wp-content\/uploads\/2022\/06\/cafiero.jpg?resize=350%2C200","width":350,"height":200,"srcset":"https:\/\/i0.wp.com\/www.24baires.com\/wp-content\/uploads\/2022\/06\/cafiero.jpg?resize=350%2C200 1x, https:\/\/i0.wp.com\/www.24baires.com\/wp-content\/uploads\/2022\/06\/cafiero.jpg?resize=525%2C300 1.5x, https:\/\/i0.wp.com\/www.24baires.com\/wp-content\/uploads\/2022\/06\/cafiero.jpg?resize=700%2C400 2x"},"classes":[]},{"id":102573,"url":"http:\/\/www.24baires.com\/?p=102573","url_meta":{"origin":63233,"position":1},"title":"La ONU inst\u00f3 al Estado argentino a asegurar aborto seguro","author":"AF","date":"06\/06\/2018","format":false,"excerpt":"Mientras se discute si el dictamen que llegar\u00e1 al recinto incluir\u00e1 la autonom\u00eda de las ni\u00f1as de 13 a 16 a\u00f1os para decidir una interrupci\u00f3n de embarazo, el Comit\u00e9 de Derechos del Ni\u00f1o de la ONU inst\u00f3 al Estado argentino a asegurar aborto seguro y atenci\u00f3n postaborto para las adolescentes.\u2026","rel":"","context":"En \u00abSociedad\u00bb","block_context":{"text":"Sociedad","link":"http:\/\/www.24baires.com\/?cat=1"},"img":{"alt_text":"","src":"https:\/\/i0.wp.com\/www.24baires.com\/wp-content\/uploads\/2018\/02\/aborto.jpg?resize=350%2C200","width":350,"height":200,"srcset":"https:\/\/i0.wp.com\/www.24baires.com\/wp-content\/uploads\/2018\/02\/aborto.jpg?resize=350%2C200 1x, https:\/\/i0.wp.com\/www.24baires.com\/wp-content\/uploads\/2018\/02\/aborto.jpg?resize=525%2C300 1.5x"},"classes":[]},{"id":85046,"url":"http:\/\/www.24baires.com\/?p=85046","url_meta":{"origin":63233,"position":2},"title":"Fuertes cr\u00edticas y \u00abobservaciones\u00bb de la ONU al Gobierno","author":"GB","date":"15\/07\/2016","format":false,"excerpt":"El Comit\u00e9 de Derechos Humanos del organismo internacional difundi\u00f3 sus conclusiones sobre el cumplimiento del Estado argentino del Pacto Internacional de Derechos Civiles y Pol\u00edticos. Advirti\u00f3 sobre demoras para investigar la responsabilidad empresarial en delitos de lesa humanidad, cuestion\u00f3 las reformas a la Ley de Medios y pidi\u00f3 la \"descriminalizaci\u00f3n\u2026","rel":"","context":"En \u00abPol\u00edtica\u00bb","block_context":{"text":"Pol\u00edtica","link":"http:\/\/www.24baires.com\/?cat=51"},"img":{"alt_text":"","src":"","width":0,"height":0},"classes":[]},{"id":24647,"url":"http:\/\/www.24baires.com\/?p=24647","url_meta":{"origin":63233,"position":3},"title":"\u00abLas Madres y Abuelas de Plaza de Mayo son campeonas de los derechos humanos\u00bb sostuvo Ban Ki-moon","author":"Grupo Sierra","date":"29\/05\/2013","format":false,"excerpt":"El Secretario General de la Organizaci\u00f3n de Naciones Unidas,\u00a0Ban Ki-moon, valor\u00f3 el trabajo de las Madres y Abuelas de Plaza de Mayo en materia de Derechos Humanos. En tanto, manifest\u00f3 que representan \"un triunfo para la humanidad\". \"Llevaron su causa a las Naciones Unidas y al mundo\", destac\u00f3 el representante\u2026","rel":"","context":"En \u00abMemoria\u00bb","block_context":{"text":"Memoria","link":"http:\/\/www.24baires.com\/?cat=50"},"img":{"alt_text":"","src":"https:\/\/i0.wp.com\/www.24baires.com\/wp-content\/uploads\/2013\/05\/Ban-Ki-moon.jpg?resize=350%2C200","width":350,"height":200},"classes":[]},{"id":51909,"url":"http:\/\/www.24baires.com\/?p=51909","url_meta":{"origin":63233,"position":4},"title":"Solicitan una investigaci\u00f3n de los fondos buitre desde la asesor\u00eda en DDHH de la ONU","author":"Grupo Sierra","date":"16\/08\/2014","format":false,"excerpt":"El Comit\u00e9 Asesor del Consejo de Derechos Humanos de Naciones Unidas recomend\u00f3 por unanimidad realizar \"una investigaci\u00f3n profunda sobre las actividad de los fondos buitre\", a ra\u00edz de lo que se interpret\u00f3 como \"un ataque de especuladores\" sufrido por la Argentina. La Canciller\u00eda inform\u00f3 que el \u00f3rgano de expertos en\u2026","rel":"","context":"En \u00abEconom\u00eda\u00bb","block_context":{"text":"Econom\u00eda","link":"http:\/\/www.24baires.com\/?cat=45"},"img":{"alt_text":"fondos buitre","src":"https:\/\/i0.wp.com\/www.24baires.com\/wp-content\/uploads\/2013\/11\/fondos-buitre-300x197.png?resize=350%2C200","width":350,"height":200},"classes":[]},{"id":106325,"url":"http:\/\/www.24baires.com\/?p=106325","url_meta":{"origin":63233,"position":5},"title":"Amnist\u00eda Internacional, en alerta por los anuncios en seguridad de la Argentina","author":"AF","date":"12\/01\/2019","format":false,"excerpt":"La baja en la edad de punibilidad, el discurso xen\u00f3fobo promovido desde el Gobierno y la propuesta de comprar pistolas Taser preocupan a Amnist\u00eda Internacional. Son medidas que para el organismo van en detrimento de la legislaci\u00f3n vigente y representan \u201cun retroceso contrario a los principios internacionales de derechos humanos\u201d.\u2026","rel":"","context":"En \u00abSociedad\u00bb","block_context":{"text":"Sociedad","link":"http:\/\/www.24baires.com\/?cat=1"},"img":{"alt_text":"","src":"https:\/\/i0.wp.com\/www.24baires.com\/wp-content\/uploads\/2016\/01\/macri-bullrich.jpg?resize=350%2C200","width":350,"height":200,"srcset":"https:\/\/i0.wp.com\/www.24baires.com\/wp-content\/uploads\/2016\/01\/macri-bullrich.jpg?resize=350%2C200 1x, https:\/\/i0.wp.com\/www.24baires.com\/wp-content\/uploads\/2016\/01\/macri-bullrich.jpg?resize=525%2C300 1.5x"},"classes":[]}],"jetpack_sharing_enabled":true,"jetpack_likes_enabled":true,"jetpack_featured_media_url":"","_links":{"self":[{"href":"http:\/\/www.24baires.com\/index.php?rest_route=\/wp\/v2\/posts\/63233","targetHints":{"allow":["GET"]}}],"collection":[{"href":"http:\/\/www.24baires.com\/index.php?rest_route=\/wp\/v2\/posts"}],"about":[{"href":"http:\/\/www.24baires.com\/index.php?rest_route=\/wp\/v2\/types\/post"}],"author":[{"embeddable":true,"href":"http:\/\/www.24baires.com\/index.php?rest_route=\/wp\/v2\/users\/8"}],"replies":[{"embeddable":true,"href":"http:\/\/www.24baires.com\/index.php?rest_route=%2Fwp%2Fv2%2Fcomments&post=63233"}],"version-history":[{"count":1,"href":"http:\/\/www.24baires.com\/index.php?rest_route=\/wp\/v2\/posts\/63233\/revisions"}],"predecessor-version":[{"id":63235,"href":"http:\/\/www.24baires.com\/index.php?rest_route=\/wp\/v2\/posts\/63233\/revisions\/63235"}],"wp:attachment":[{"href":"http:\/\/www.24baires.com\/index.php?rest_route=%2Fwp%2Fv2%2Fmedia&parent=63233"}],"wp:term":[{"taxonomy":"category","embeddable":true,"href":"http:\/\/www.24baires.com\/index.php?rest_route=%2Fwp%2Fv2%2Fcategories&post=63233"},{"taxonomy":"post_tag","embeddable":true,"href":"http:\/\/www.24baires.com\/index.php?rest_route=%2Fwp%2Fv2%2Ftags&post=63233"}],"curies":[{"name":"wp","href":"https:\/\/api.w.org\/{rel}","templated":true}]}}