{"id":63230,"date":"2015-03-16T20:00:50","date_gmt":"2015-03-16T23:00:50","guid":{"rendered":"http:\/\/www.24baires.com\/?p=63230"},"modified":"2015-03-16T20:12:23","modified_gmt":"2015-03-16T23:12:23","slug":"rossi-presento-el-nuevo-equipamiento-del-ejercito","status":"publish","type":"post","link":"http:\/\/www.24baires.com\/?p=63230","title":{"rendered":"Rossi present\u00f3 el nuevo equipamiento del Ej\u00e9rcito"},"content":{"rendered":"<p><img data-recalc-dims=\"1\" loading=\"lazy\" decoding=\"async\" class=\"aligncenter size-full wp-image-63231\" src=\"https:\/\/i0.wp.com\/www.24baires.com\/wp-content\/uploads\/2015\/03\/ej%C3%A9rcito.jpg?resize=560%2C332\" alt=\"ej\u00e9rcito\" width=\"560\" height=\"332\" srcset=\"https:\/\/i0.wp.com\/www.24baires.com\/wp-content\/uploads\/2015\/03\/ej%C3%A9rcito.jpg?w=560 560w, https:\/\/i0.wp.com\/www.24baires.com\/wp-content\/uploads\/2015\/03\/ej%C3%A9rcito.jpg?resize=300%2C178 300w\" sizes=\"auto, (max-width: 560px) 100vw, 560px\" \/>El material incluye equipos de comunicaciones, kits sanitarios y equipamiento biom\u00e9dico, y distintos elementos.<!--more--><\/p>\n<p>El ministro de Defensa, Agust\u00edn Rossi, anunci\u00f3 la entrega a la Fuerza Armada de 300 veh\u00edculos, incluidos seis Hummer comprados en EE.UU., 220 mil uniformes y la puesta a nuevo de seis tanques. Lo hizo junto a Milani.<\/p>\n<p>La adquisici\u00f3n representa la m\u00e1s importante de los \u00faltimos a\u00f1os en lo que se refiere a combate individual, incluyendo una fuerte inversi\u00f3n en indumentaria y en accesorios que posibilitan afrontar las exigencias del combate y la vida en campa\u00f1a bajo los m\u00e1s altos est\u00e1ndares internacionales.<\/p>\n<p>El material nuevo incluye equipos de comunicaciones, kits sanitarios y equipamiento biom\u00e9dico, y distintos elementos que permiten actuar con mayor eficacia ante emergencias y desastres naturales.<\/p>\n<p>La jefa de Estado har\u00e1 la presentaci\u00f3n a trav\u00e9s de una videoconferencia con el ministro de Defensa, Agust\u00edn Rossi, quien se encontrar\u00e1 en la Guarnici\u00f3n \u00abBoulogne\u00bb, ubicada en el conurbano bonaerense.<\/p>\n<p>Se indic\u00f3 que con estas adquisiciones se cumple con el Plancamil (Plan de Capacidades Militares) que estipula qu\u00e9 equipamiento es necesario incorporar para desarrollar las capacidades que las Fuerzas Armadas requieren en funci\u00f3n de sus misi\u00f3n principal y complementarias.<\/p>\n<p>&nbsp;<\/p>\n<p>&nbsp;<\/p>\n<p>&nbsp;<\/p>\n<p>&nbsp;<\/p>\n<p>&nbsp;<\/p>\n<p>&nbsp;<\/p>\n<p>&nbsp;<\/p>\n<p>&nbsp;<\/p>\n<p>&nbsp;<\/p>\n<p>&nbsp;<\/p>\n<p>&nbsp;<\/p>\n<p>&nbsp;<\/p>\n","protected":false},"excerpt":{"rendered":"<p>El material incluye equipos de comunicaciones, kits sanitarios y equipamiento biom\u00e9dico, y distintos elementos.<\/p>\n","protected":false},"author":8,"featured_media":0,"comment_status":"open","ping_status":"open","sticky":false,"template":"","format":"standard","meta":{"_jetpack_newsletter_access":"","_jetpack_dont_email_post_to_subs":false,"_jetpack_newsletter_tier_id":0,"_jetpack_memberships_contains_paywalled_content":false,"_jetpack_memberships_contains_paid_content":false,"footnotes":""},"categories":[51],"tags":[],"class_list":["post-63230","post","type-post","status-publish","format-standard","hentry","category-politica"],"jetpack_shortlink":"https:\/\/wp.me\/p2JWE0-grQ","jetpack-related-posts":[{"id":114793,"url":"http:\/\/www.24baires.com\/?p=114793","url_meta":{"origin":63230,"position":0},"title":"Repartidores argentinos se suman al paro internacional por aumentos y elementos de seguridad","author":"GB","date":"22\/04\/2020","format":false,"excerpt":"Organizados en un frente \u00fanico compuesto por cadetes de seis pa\u00edses, denuncian que la emergencia sanitaria profundiz\u00f3 las condiciones de precarizaci\u00f3n. El rubro est\u00e1 dentro de los exceptuados del aislamiento obligatorio. Mientras cobran cada vez mayor relevancia durante el desarrollo de la emergencia sanitaria, trabajadores de populares aplicaciones de delivery\u2026","rel":"","context":"En \u00abPol\u00edtica\u00bb","block_context":{"text":"Pol\u00edtica","link":"http:\/\/www.24baires.com\/?cat=51"},"img":{"alt_text":"","src":"https:\/\/i0.wp.com\/www.24baires.com\/wp-content\/uploads\/2020\/04\/PARO-GLOVO.jpg?resize=350%2C200","width":350,"height":200,"srcset":"https:\/\/i0.wp.com\/www.24baires.com\/wp-content\/uploads\/2020\/04\/PARO-GLOVO.jpg?resize=350%2C200 1x, https:\/\/i0.wp.com\/www.24baires.com\/wp-content\/uploads\/2020\/04\/PARO-GLOVO.jpg?resize=525%2C300 1.5x"},"classes":[]},{"id":115092,"url":"http:\/\/www.24baires.com\/?p=115092","url_meta":{"origin":63230,"position":1},"title":"Provincia recibi\u00f3 6 mil kits para el diagn\u00f3stico de inmunidad del coronavirus","author":"AF","date":"21\/05\/2020","format":false,"excerpt":"Al hacer entrega de estos kits, explicaron que se utilizan para detectar anticuerpos del COVID-19. El ministerio de Ciencia y Tecnolog\u00eda de la Naci\u00f3n, conducido por Roberto Salvarezza, junto con el Laboratorio del Instituto Leloir, entregaron al ministerio de Salud bonaerense un total de 6 mil determinaciones para detectar anticuerpos\u2026","rel":"","context":"En \u00abProvincia\u00bb","block_context":{"text":"Provincia","link":"http:\/\/www.24baires.com\/?cat=40"},"img":{"alt_text":"","src":"https:\/\/i0.wp.com\/www.24baires.com\/wp-content\/uploads\/2020\/05\/kits-covid.jpeg?resize=350%2C200","width":350,"height":200,"srcset":"https:\/\/i0.wp.com\/www.24baires.com\/wp-content\/uploads\/2020\/05\/kits-covid.jpeg?resize=350%2C200 1x, https:\/\/i0.wp.com\/www.24baires.com\/wp-content\/uploads\/2020\/05\/kits-covid.jpeg?resize=525%2C300 1.5x"},"classes":[]},{"id":36783,"url":"http:\/\/www.24baires.com\/?p=36783","url_meta":{"origin":63230,"position":2},"title":"Pilar: contin\u00faa la entrega de anteojos a alumnos bonaerenses","author":"Grupo Sierra","date":"13\/12\/2013","format":false,"excerpt":"La presidenta de la Fundaci\u00f3n Banco Provincia, Karina Rabolini, traz\u00f3 como objetivo \"recorrer todas las escuelas de la Provincia\", al encabezar una jornada solidaria en Presidente Derqui, Partido de Pilar que incluy\u00f3 la entrega de lentes a alumnos y docentes de la Escuela Primaria N\u00ba30, adem\u00e1s de equipamiento para la\u2026","rel":"","context":"En \u00abLocales\u00bb","block_context":{"text":"Locales","link":"http:\/\/www.24baires.com\/?cat=38"},"img":{"alt_text":"","src":"","width":0,"height":0},"classes":[]},{"id":69241,"url":"http:\/\/www.24baires.com\/?p=69241","url_meta":{"origin":63230,"position":3},"title":"Entregaron en Lan\u00fas los primeros kits de Qunita","author":"AF","date":"18\/07\/2015","format":false,"excerpt":"Tres j\u00f3venes madres de Lan\u00fas, Bel\u00e9n, Daniela y Victoria, fueron las primeras en recibir el kit, que fue lanzado por la presidenta Cristina Fern\u00e1ndez de Kirchner. Est\u00e1 compuesto por elementos b\u00e1sicos para las primeras semanas de vida de sus beb\u00e9s. Tres j\u00f3venes madres del partido bonaerense de Lan\u00fas, Bel\u00e9n, Daniela\u2026","rel":"","context":"En \u00abSociedad\u00bb","block_context":{"text":"Sociedad","link":"http:\/\/www.24baires.com\/?cat=1"},"img":{"alt_text":"","src":"https:\/\/i0.wp.com\/www.24baires.com\/wp-content\/uploads\/2015\/07\/qunita.jpg?resize=350%2C200","width":350,"height":200,"srcset":"https:\/\/i0.wp.com\/www.24baires.com\/wp-content\/uploads\/2015\/07\/qunita.jpg?resize=350%2C200 1x, https:\/\/i0.wp.com\/www.24baires.com\/wp-content\/uploads\/2015\/07\/qunita.jpg?resize=525%2C300 1.5x"},"classes":[]},{"id":59932,"url":"http:\/\/www.24baires.com\/?p=59932","url_meta":{"origin":63230,"position":4},"title":"Rossi visit\u00f3 el puesto de salud que Defensa instal\u00f3 en Mar de Aj\u00f3","author":"GB","date":"11\/01\/2015","format":false,"excerpt":"El ministro de Defensa, Agust\u00edn Rossi, visit\u00f3 esta tarde el puesto sanitario instalado por la cartera que conduce en la localidad de Mar de Aj\u00f3 donde los visitantes podr\u00e1n contar el asesoramiento de distintos profesionales de la salud. Adem\u00e1s, el mismo espacio cuanta con un descanso recreativo para que todos\u2026","rel":"","context":"En \u00abPol\u00edtica\u00bb","block_context":{"text":"Pol\u00edtica","link":"http:\/\/www.24baires.com\/?cat=51"},"img":{"alt_text":"","src":"https:\/\/i0.wp.com\/www.24baires.com\/wp-content\/uploads\/2015\/01\/rossi-mar-del-ajo.jpg?resize=350%2C200","width":350,"height":200,"srcset":"https:\/\/i0.wp.com\/www.24baires.com\/wp-content\/uploads\/2015\/01\/rossi-mar-del-ajo.jpg?resize=350%2C200 1x, https:\/\/i0.wp.com\/www.24baires.com\/wp-content\/uploads\/2015\/01\/rossi-mar-del-ajo.jpg?resize=525%2C300 1.5x"},"classes":[]},{"id":48322,"url":"http:\/\/www.24baires.com\/?p=48322","url_meta":{"origin":63230,"position":5},"title":"Collia promete seis nuevos hospitales para 2014-2015","author":"GB","date":"19\/06\/2014","format":false,"excerpt":"El ministro proporcion\u00f3 detalles de su labor en el Ministerio de Salud bonaerense en la C\u00e1mara Baja y prometi\u00f3 un ambicioso plan de obras que coincidir\u00e1, en su mayor\u00eda, con el a\u00f1o electoral. En la Legislatura, el ministro de Salud bonaerense, Alejandro Collia, expuso un resumen de su gesti\u00f3n en\u2026","rel":"","context":"En \u00abProvincia\u00bb","block_context":{"text":"Provincia","link":"http:\/\/www.24baires.com\/?cat=40"},"img":{"alt_text":"Collia","src":"https:\/\/i0.wp.com\/www.24baires.com\/wp-content\/uploads\/2012\/11\/Collia.jpg?resize=350%2C200","width":350,"height":200,"srcset":"https:\/\/i0.wp.com\/www.24baires.com\/wp-content\/uploads\/2012\/11\/Collia.jpg?resize=350%2C200 1x, https:\/\/i0.wp.com\/www.24baires.com\/wp-content\/uploads\/2012\/11\/Collia.jpg?resize=525%2C300 1.5x"},"classes":[]}],"jetpack_sharing_enabled":true,"jetpack_likes_enabled":true,"jetpack_featured_media_url":"","_links":{"self":[{"href":"http:\/\/www.24baires.com\/index.php?rest_route=\/wp\/v2\/posts\/63230","targetHints":{"allow":["GET"]}}],"collection":[{"href":"http:\/\/www.24baires.com\/index.php?rest_route=\/wp\/v2\/posts"}],"about":[{"href":"http:\/\/www.24baires.com\/index.php?rest_route=\/wp\/v2\/types\/post"}],"author":[{"embeddable":true,"href":"http:\/\/www.24baires.com\/index.php?rest_route=\/wp\/v2\/users\/8"}],"replies":[{"embeddable":true,"href":"http:\/\/www.24baires.com\/index.php?rest_route=%2Fwp%2Fv2%2Fcomments&post=63230"}],"version-history":[{"count":2,"href":"http:\/\/www.24baires.com\/index.php?rest_route=\/wp\/v2\/posts\/63230\/revisions"}],"predecessor-version":[{"id":63236,"href":"http:\/\/www.24baires.com\/index.php?rest_route=\/wp\/v2\/posts\/63230\/revisions\/63236"}],"wp:attachment":[{"href":"http:\/\/www.24baires.com\/index.php?rest_route=%2Fwp%2Fv2%2Fmedia&parent=63230"}],"wp:term":[{"taxonomy":"category","embeddable":true,"href":"http:\/\/www.24baires.com\/index.php?rest_route=%2Fwp%2Fv2%2Fcategories&post=63230"},{"taxonomy":"post_tag","embeddable":true,"href":"http:\/\/www.24baires.com\/index.php?rest_route=%2Fwp%2Fv2%2Ftags&post=63230"}],"curies":[{"name":"wp","href":"https:\/\/api.w.org\/{rel}","templated":true}]}}