{"id":63223,"date":"2015-03-16T19:15:16","date_gmt":"2015-03-16T22:15:16","guid":{"rendered":"http:\/\/www.24baires.com\/?p=63223"},"modified":"2015-03-17T10:46:18","modified_gmt":"2015-03-17T13:46:18","slug":"cristina-presenta-nuevo-equipamiento-del-ejercito-e-inaugura-una-biblioteca","status":"publish","type":"post","link":"http:\/\/www.24baires.com\/?p=63223","title":{"rendered":"Cristina anunci\u00f3 acuerdo con la Federaci\u00f3n Agraria para peque\u00f1os productores"},"content":{"rendered":"<p><img data-recalc-dims=\"1\" loading=\"lazy\" decoding=\"async\" class=\"aligncenter size-full wp-image-63227\" src=\"https:\/\/i0.wp.com\/www.24baires.com\/wp-content\/uploads\/2015\/03\/cristina-agro.jpg?resize=560%2C384\" alt=\"cristina agro\" width=\"560\" height=\"384\" srcset=\"https:\/\/i0.wp.com\/www.24baires.com\/wp-content\/uploads\/2015\/03\/cristina-agro.jpg?w=560 560w, https:\/\/i0.wp.com\/www.24baires.com\/wp-content\/uploads\/2015\/03\/cristina-agro.jpg?resize=300%2C206 300w\" sizes=\"auto, (max-width: 560px) 100vw, 560px\" \/>Se trata de programa de segmentaci\u00f3n para el estimulo de los peque\u00f1os productores agrarios firmado con la Federaci\u00f3n Agraria. Durante un acto transmitido por cadena nacional, Cristina calific\u00f3 ese acuerdo como \u00abhist\u00f3rico\u00bb y tambi\u00e9n adelant\u00f3 medidas de est\u00edmulo para el sector lechero.<!--more--><\/p>\n<p>El ministro de Econom\u00eda, Axel Kicillof, anunci\u00f3 esta tarde la implementaci\u00f3n de un esquema fomento para los peque\u00f1os productores de granos de hasta 700 toneladas, a trav\u00e9s de la creaci\u00f3n de un fondo espec\u00edfico de 2.500 millones de pesos.<\/p>\n<p>\u00abEsta medida va a comprender a los productores de hasta 700 toneladas, que son el 70 por ciento del total de los productores peque\u00f1os y medianos y que s\u00f3lo producen el 12 por ciento del total de la producci\u00f3n de granos de la argentina\u00bb, dijo Kicillof durante un acto en Casa de Gobierno que es encabezado por la presidenta Cristina Fern\u00e1ndez de Kirchner.<\/p>\n","protected":false},"excerpt":{"rendered":"<p>Se trata de programa de segmentaci\u00f3n para el estimulo de los peque\u00f1os productores agrarios firmado con la Federaci\u00f3n Agraria. Durante un acto transmitido por cadena nacional, Cristina calific\u00f3 ese acuerdo como \u00abhist\u00f3rico\u00bb y tambi\u00e9n adelant\u00f3 medidas de est\u00edmulo para el sector lechero.<\/p>\n","protected":false},"author":8,"featured_media":0,"comment_status":"open","ping_status":"open","sticky":false,"template":"","format":"standard","meta":{"_jetpack_newsletter_access":"","_jetpack_dont_email_post_to_subs":false,"_jetpack_newsletter_tier_id":0,"_jetpack_memberships_contains_paywalled_content":false,"_jetpack_memberships_contains_paid_content":false,"footnotes":""},"categories":[51],"tags":[],"class_list":["post-63223","post","type-post","status-publish","format-standard","hentry","category-politica"],"jetpack_shortlink":"https:\/\/wp.me\/p2JWE0-grJ","jetpack-related-posts":[{"id":62893,"url":"http:\/\/www.24baires.com\/?p=62893","url_meta":{"origin":63223,"position":0},"title":"Cristina record\u00f3 \u00ablo que pas\u00f3 en el 2008 con el campo y lo que sigue pasando\u00bb","author":"Grupo Sierra","date":"09\/03\/2015","format":false,"excerpt":"La Presidenta public\u00f3 en su p\u00e1gina web un texto en el que cita una entrevista a Pedro Peretti, exdirector de Federaci\u00f3n Agraria, sobre el rol de la entidad gremial durante el conflicto con el campo en 2008. La presidenta de la naci\u00f3n public\u00f3 en su p\u00e1gina web un texto en\u2026","rel":"","context":"En \u00abSociedad\u00bb","block_context":{"text":"Sociedad","link":"http:\/\/www.24baires.com\/?cat=1"},"img":{"alt_text":"","src":"https:\/\/i0.wp.com\/www.24baires.com\/wp-content\/uploads\/2015\/03\/pedro-peretti.jpg?resize=350%2C200","width":350,"height":200,"srcset":"https:\/\/i0.wp.com\/www.24baires.com\/wp-content\/uploads\/2015\/03\/pedro-peretti.jpg?resize=350%2C200 1x, https:\/\/i0.wp.com\/www.24baires.com\/wp-content\/uploads\/2015\/03\/pedro-peretti.jpg?resize=525%2C300 1.5x"},"classes":[]},{"id":113681,"url":"http:\/\/www.24baires.com\/?p=113681","url_meta":{"origin":63223,"position":1},"title":"Kicillof se reuni\u00f3 con productores agropecuarios de la Provincia","author":"GB","date":"05\/01\/2020","format":false,"excerpt":"El gobernador y el ministro de Desarrollo Agrario tuvieron una reuni\u00f3n con representantes de la producci\u00f3n rural bonaerense. Este viernes, el gobernador de la provincia de Buenos Aires, Axel Kicillof, y el ministro de Desarrollo Agrario, Javier Rodr\u00edguez, mantuvieron un encuentro en el Parque Pereyra Iraola con representantes de peque\u00f1os\u2026","rel":"","context":"En \u00abProvincia\u00bb","block_context":{"text":"Provincia","link":"http:\/\/www.24baires.com\/?cat=40"},"img":{"alt_text":"","src":"https:\/\/i0.wp.com\/www.24baires.com\/wp-content\/uploads\/2020\/01\/kicillof-agropecuario.jpeg?resize=350%2C200","width":350,"height":200,"srcset":"https:\/\/i0.wp.com\/www.24baires.com\/wp-content\/uploads\/2020\/01\/kicillof-agropecuario.jpeg?resize=350%2C200 1x, https:\/\/i0.wp.com\/www.24baires.com\/wp-content\/uploads\/2020\/01\/kicillof-agropecuario.jpeg?resize=525%2C300 1.5x"},"classes":[]},{"id":115696,"url":"http:\/\/www.24baires.com\/?p=115696","url_meta":{"origin":63223,"position":2},"title":"Kicillof convoc\u00f3 a las entidades del campo para hablar de seguridad rural","author":"GB","date":"21\/07\/2020","format":false,"excerpt":"El gobernador encabez\u00f3 esta ma\u00f1ana un encuentro con representantes de entidades del sector agropecuario para trabajar en medidas coordinadas para la prevenci\u00f3n del delito rural. El gobernador bonaerense, Axel Kicillof, puso en marcha una mesa de trabajo junto al ministro de Desarrollo Agrario, Javier Rodr\u00edguez, y su par de Seguridad,\u2026","rel":"","context":"En \u00abProvincia\u00bb","block_context":{"text":"Provincia","link":"http:\/\/www.24baires.com\/?cat=40"},"img":{"alt_text":"","src":"https:\/\/i0.wp.com\/www.24baires.com\/wp-content\/uploads\/2020\/07\/kici-seguridad.jpg?resize=350%2C200","width":350,"height":200,"srcset":"https:\/\/i0.wp.com\/www.24baires.com\/wp-content\/uploads\/2020\/07\/kici-seguridad.jpg?resize=350%2C200 1x, https:\/\/i0.wp.com\/www.24baires.com\/wp-content\/uploads\/2020\/07\/kici-seguridad.jpg?resize=525%2C300 1.5x"},"classes":[]},{"id":39722,"url":"http:\/\/www.24baires.com\/?p=39722","url_meta":{"origin":63223,"position":3},"title":"Buscan que el Estado controle los granos para evitar monopolio","author":"Grupo Sierra","date":"03\/02\/2014","format":false,"excerpt":"Peque\u00f1os productores se pronunciaron a favor de la agencia estatal, que tendr\u00eda la funci\u00f3n de controlar la comercializaci\u00f3n para evitar pr\u00e1cticas monop\u00f3licas de las grandes cerealeras y de quienes retienen la producci\u00f3n y la liquidaci\u00f3n de las exportaciones. La mayor\u00eda de estos productores est\u00e1 enrolada en la Federaci\u00f3n Agraria, pero\u2026","rel":"","context":"En \u00abEconom\u00eda\u00bb","block_context":{"text":"Econom\u00eda","link":"http:\/\/www.24baires.com\/?cat=45"},"img":{"alt_text":"soja2","src":"https:\/\/i0.wp.com\/www.24baires.com\/wp-content\/uploads\/2013\/02\/soja2.jpg?resize=350%2C200","width":350,"height":200,"srcset":"https:\/\/i0.wp.com\/www.24baires.com\/wp-content\/uploads\/2013\/02\/soja2.jpg?resize=350%2C200 1x, https:\/\/i0.wp.com\/www.24baires.com\/wp-content\/uploads\/2013\/02\/soja2.jpg?resize=525%2C300 1.5x"},"classes":[]},{"id":71387,"url":"http:\/\/www.24baires.com\/?p=71387","url_meta":{"origin":63223,"position":4},"title":"Kicillof anunci\u00f3 un plan de ayuda para los campos inundados","author":"GB","date":"31\/08\/2015","format":false,"excerpt":"El ministro de Econom\u00eda da a conocer medidas para los campos de m\u00e1s de 60 partidos bonaerenses afectados por las inundaciones. Las mismas incluyen la asistencia financiara y la declaraci\u00f3n de la emergencia agropecuaria a ra\u00edz de esta situaci\u00f3n. El ministro de Econom\u00eda da a conocer medidas para los campos\u2026","rel":"","context":"En \u00abEconom\u00eda\u00bb","block_context":{"text":"Econom\u00eda","link":"http:\/\/www.24baires.com\/?cat=45"},"img":{"alt_text":"kicillof","src":"https:\/\/i0.wp.com\/www.24baires.com\/wp-content\/uploads\/2014\/07\/kicillof.jpg?resize=350%2C200","width":350,"height":200,"srcset":"https:\/\/i0.wp.com\/www.24baires.com\/wp-content\/uploads\/2014\/07\/kicillof.jpg?resize=350%2C200 1x, https:\/\/i0.wp.com\/www.24baires.com\/wp-content\/uploads\/2014\/07\/kicillof.jpg?resize=525%2C300 1.5x"},"classes":[]},{"id":104253,"url":"http:\/\/www.24baires.com\/?p=104253","url_meta":{"origin":63223,"position":5},"title":"El campo ya cuestiona los anuncios de retenciones","author":"AF","date":"03\/09\/2018","format":false,"excerpt":"Luego que el Gobierno nacional anunciara cambios en las retenciones, desde las principales entidades del agro salieron a cuestionar las medidas y aseguraron que ser\u00e1 un golpe para el campo. El presidente de Confederaci\u00f3n de Asociaciones Rurales de Buenos Aires y La Pampa (Carbap), Mat\u00edas de Velazco dijo que \"por\u2026","rel":"","context":"En \u00abSociedad\u00bb","block_context":{"text":"Sociedad","link":"http:\/\/www.24baires.com\/?cat=1"},"img":{"alt_text":"","src":"https:\/\/i0.wp.com\/www.24baires.com\/wp-content\/uploads\/2018\/03\/macri-campo.jpg?resize=350%2C200","width":350,"height":200,"srcset":"https:\/\/i0.wp.com\/www.24baires.com\/wp-content\/uploads\/2018\/03\/macri-campo.jpg?resize=350%2C200 1x, https:\/\/i0.wp.com\/www.24baires.com\/wp-content\/uploads\/2018\/03\/macri-campo.jpg?resize=525%2C300 1.5x"},"classes":[]}],"jetpack_sharing_enabled":true,"jetpack_likes_enabled":true,"jetpack_featured_media_url":"","_links":{"self":[{"href":"http:\/\/www.24baires.com\/index.php?rest_route=\/wp\/v2\/posts\/63223","targetHints":{"allow":["GET"]}}],"collection":[{"href":"http:\/\/www.24baires.com\/index.php?rest_route=\/wp\/v2\/posts"}],"about":[{"href":"http:\/\/www.24baires.com\/index.php?rest_route=\/wp\/v2\/types\/post"}],"author":[{"embeddable":true,"href":"http:\/\/www.24baires.com\/index.php?rest_route=\/wp\/v2\/users\/8"}],"replies":[{"embeddable":true,"href":"http:\/\/www.24baires.com\/index.php?rest_route=%2Fwp%2Fv2%2Fcomments&post=63223"}],"version-history":[{"count":3,"href":"http:\/\/www.24baires.com\/index.php?rest_route=\/wp\/v2\/posts\/63223\/revisions"}],"predecessor-version":[{"id":63229,"href":"http:\/\/www.24baires.com\/index.php?rest_route=\/wp\/v2\/posts\/63223\/revisions\/63229"}],"wp:attachment":[{"href":"http:\/\/www.24baires.com\/index.php?rest_route=%2Fwp%2Fv2%2Fmedia&parent=63223"}],"wp:term":[{"taxonomy":"category","embeddable":true,"href":"http:\/\/www.24baires.com\/index.php?rest_route=%2Fwp%2Fv2%2Fcategories&post=63223"},{"taxonomy":"post_tag","embeddable":true,"href":"http:\/\/www.24baires.com\/index.php?rest_route=%2Fwp%2Fv2%2Ftags&post=63223"}],"curies":[{"name":"wp","href":"https:\/\/api.w.org\/{rel}","templated":true}]}}