{"id":63220,"date":"2015-03-16T18:30:55","date_gmt":"2015-03-16T21:30:55","guid":{"rendered":"http:\/\/www.24baires.com\/?p=63220"},"modified":"2015-03-16T17:56:13","modified_gmt":"2015-03-16T20:56:13","slug":"la-matanza-precandidato-del-frente-renovador-se-paso-a-las-filas-del-pro","status":"publish","type":"post","link":"http:\/\/www.24baires.com\/?p=63220","title":{"rendered":"La Matanza: Precandidato del Frente Renovador se pas\u00f3 a las filas del PRO"},"content":{"rendered":"<p><img data-recalc-dims=\"1\" loading=\"lazy\" decoding=\"async\" class=\"aligncenter size-full wp-image-63221\" src=\"https:\/\/i0.wp.com\/www.24baires.com\/wp-content\/uploads\/2015\/03\/miguel-saredi.jpg?resize=560%2C307\" alt=\"miguel saredi\" width=\"560\" height=\"307\" srcset=\"https:\/\/i0.wp.com\/www.24baires.com\/wp-content\/uploads\/2015\/03\/miguel-saredi.jpg?w=560 560w, https:\/\/i0.wp.com\/www.24baires.com\/wp-content\/uploads\/2015\/03\/miguel-saredi.jpg?resize=300%2C164 300w\" sizes=\"auto, (max-width: 560px) 100vw, 560px\" \/>Miguel Saredi, precandidato a intendente de La Matanza, abandon\u00f3 el Frente Renovador para pasarse a las filas del PRO.<!--more--><\/p>\n<p>\u00abHemos tratado de construir todo este tiempo una alternativa en el Frente Renovador, al actual Gobierno Municipal. La base de nuestro trabajo Pol\u00edtico es tratar de mejorar la calidad de vida de los vecinos de La Matanza, y por ello la Municipalidad, es el centro de nuestros desvelos Pol\u00edticos y nuestro objetivo espec\u00edfico\u00bb, explic\u00f3 Saredi a trav\u00e9s de un comunicado.<\/p>\n<p>\u00abA cambio de ello, Sergio Massa promovi\u00f3 un \u00abpacto\u00bb o \u00abarreglo\u00bb entre todos los sectores, proponiendo que Rub\u00e9n Ledesma sea el \u00fanico candidato a Intendente, acompa\u00f1ado de los concejales Delgado, Asencio y Mart\u00ednez\u00bb sigui\u00f3 el escrito.<\/p>\n<p>\u00abEn nuestro, caso nos propon\u00edan ocupar un cargo de legislador provincial o nacional. Esta situaci\u00f3n quiz\u00e1s significaba un claro beneficio personal, a bajo riesgo. Pero si bien agradecemos la propuesta, que para muchos ser\u00eda una honra y beneficioso, en t\u00e9rminos personales, nosotros preferimos jugarnos y no ir en contra de nuestras convicciones, las cuales son cambiar el destino de nuestros vecinos de La Matanza y abordar en forma directa sus mayores preocupaciones que son: la Seguridad, la Salud, la Educaci\u00f3n y el Empleo, entre otras cosas\u00bb, cont\u00f3 el precandidato que ahora integra las filas del Pro.<\/p>\n<p>\u00abDecidimos poder hacerlo desde el espacio del PRO, que son quienes nos dan la posibilidad de pelear por la Intendencia de La Matanza. Sabemos los riesgos y los problemas, pero preferimos ello que seguir viendo como matan a nuestra gente, vecinos y familiares, permaneciendo impasibles en cargos legislativos\u00bb, concluy\u00f3.<\/p>\n<p>&nbsp;<\/p>\n<p>&nbsp;<\/p>\n<p>&nbsp;<\/p>\n<p>&nbsp;<\/p>\n<p>&nbsp;<\/p>\n<p>&nbsp;<\/p>\n<p>&nbsp;<\/p>\n<p>&nbsp;<\/p>\n<p>&nbsp;<\/p>\n<p>&nbsp;<\/p>\n","protected":false},"excerpt":{"rendered":"<p>Miguel Saredi, precandidato a intendente de La Matanza, abandon\u00f3 el Frente Renovador para pasarse a las filas del PRO.<\/p>\n","protected":false},"author":8,"featured_media":0,"comment_status":"open","ping_status":"open","sticky":false,"template":"","format":"standard","meta":{"_jetpack_newsletter_access":"","_jetpack_dont_email_post_to_subs":false,"_jetpack_newsletter_tier_id":0,"_jetpack_memberships_contains_paywalled_content":false,"_jetpack_memberships_contains_paid_content":false,"footnotes":""},"categories":[51],"tags":[],"class_list":["post-63220","post","type-post","status-publish","format-standard","hentry","category-politica"],"jetpack_shortlink":"https:\/\/wp.me\/p2JWE0-grG","jetpack-related-posts":[{"id":108452,"url":"http:\/\/www.24baires.com\/?p=108452","url_meta":{"origin":63220,"position":0},"title":"Se confirm\u00f3 la f\u00f3rmula provincial de Unidad Ciudadana:  Axel Kicillof &#8211; Ver\u00f3nica Magario","author":"AF","date":"28\/05\/2019","format":false,"excerpt":"Finalmente, y tras el amague pol\u00edtico del lunes, se confirm\u00f3 la f\u00f3rmula que Cristina y Alberto Fern\u00e1ndez hab\u00edan destacado por Twitter: Ver\u00f3nica Magario y Axel Kicillof. Ambos dirigentes publicaron mensajes en sus redes sociales donde remarcaron las tareas del ex ministro de Econom\u00eda y de la actual intendenta de La\u2026","rel":"","context":"En \u00abPol\u00edtica\u00bb","block_context":{"text":"Pol\u00edtica","link":"http:\/\/www.24baires.com\/?cat=51"},"img":{"alt_text":"","src":"https:\/\/i0.wp.com\/www.24baires.com\/wp-content\/uploads\/2019\/05\/kicillof-cfk-magario-alberto.jpg?resize=350%2C200","width":350,"height":200,"srcset":"https:\/\/i0.wp.com\/www.24baires.com\/wp-content\/uploads\/2019\/05\/kicillof-cfk-magario-alberto.jpg?resize=350%2C200 1x, https:\/\/i0.wp.com\/www.24baires.com\/wp-content\/uploads\/2019\/05\/kicillof-cfk-magario-alberto.jpg?resize=525%2C300 1.5x"},"classes":[]},{"id":102457,"url":"http:\/\/www.24baires.com\/?p=102457","url_meta":{"origin":63220,"position":1},"title":"Municipios gobernados por Cambiemos son los de paritarias m\u00e1s bajas","author":"GB","date":"31\/05\/2018","format":false,"excerpt":"Seg\u00fan un informe, el macrismo es la fuerza pol\u00edtica que cerr\u00f3 los aumentos salariales m\u00e1s bajos para trabajadores municipales en la regi\u00f3n metropolitana desde 2016. Para 2018, el promedio en los distritos oficialistas fue de 13 %, ocho puntos por debajo de las gestiones peronistas. Los intendentes que menos pagan\u2026","rel":"","context":"En \u00abProvincia\u00bb","block_context":{"text":"Provincia","link":"http:\/\/www.24baires.com\/?cat=40"},"img":{"alt_text":"","src":"https:\/\/i0.wp.com\/www.24baires.com\/wp-content\/uploads\/2018\/05\/intendentes-cambiemos.jpg?resize=350%2C200","width":350,"height":200,"srcset":"https:\/\/i0.wp.com\/www.24baires.com\/wp-content\/uploads\/2018\/05\/intendentes-cambiemos.jpg?resize=350%2C200 1x, https:\/\/i0.wp.com\/www.24baires.com\/wp-content\/uploads\/2018\/05\/intendentes-cambiemos.jpg?resize=525%2C300 1.5x"},"classes":[]},{"id":111228,"url":"http:\/\/www.24baires.com\/?p=111228","url_meta":{"origin":63220,"position":2},"title":"\u00abLos intendentes no juegan con la tijera, porque eso es jugar con la gente\u00bb","author":"AF","date":"17\/07\/2019","format":false,"excerpt":"Tras la reuni\u00f3n con los jefes comunales en la que se definieron los ejes de la campa\u00f1a, el precandidato presidencial recibi\u00f3 el respaldo a la \"boleta completa\" del Frente de Todos. El encuentro se produjo en el sal\u00f3n Garage Argentino, en San Telmo. All\u00ed Alberto Fernandez se reuni\u00f3 casi tres\u2026","rel":"","context":"En \u00abPol\u00edtica\u00bb","block_context":{"text":"Pol\u00edtica","link":"http:\/\/www.24baires.com\/?cat=51"},"img":{"alt_text":"","src":"https:\/\/i0.wp.com\/www.24baires.com\/wp-content\/uploads\/2019\/07\/fern%C3%A1ndez-intendentes.jpg?resize=350%2C200","width":350,"height":200,"srcset":"https:\/\/i0.wp.com\/www.24baires.com\/wp-content\/uploads\/2019\/07\/fern%C3%A1ndez-intendentes.jpg?resize=350%2C200 1x, https:\/\/i0.wp.com\/www.24baires.com\/wp-content\/uploads\/2019\/07\/fern%C3%A1ndez-intendentes.jpg?resize=525%2C300 1.5x"},"classes":[]},{"id":111509,"url":"http:\/\/www.24baires.com\/?p=111509","url_meta":{"origin":63220,"position":3},"title":"Kicillof y Vidal cerrar\u00e1n su campa\u00f1a con Cristina Kirchner y Macri","author":"GB","date":"08\/08\/2019","format":false,"excerpt":"El precandidato del Frente de Todos estar\u00e1 este jueves en Merlo, mientras que la gobernadora ir\u00e1 a Vicente L\u00f3pez. Los precandidatos para gobernador de la provincia de Buenos Aires, Axel Kicillof y Mar\u00eda Eugenia Vidal, cerrar\u00e1n este jueves su campa\u00f1a para las PASO con importantes figuras de alcance nacional. Kicillof\u2026","rel":"","context":"En \u00abPol\u00edtica\u00bb","block_context":{"text":"Pol\u00edtica","link":"http:\/\/www.24baires.com\/?cat=51"},"img":{"alt_text":"","src":"https:\/\/i0.wp.com\/www.24baires.com\/wp-content\/uploads\/2019\/08\/cierre-de-campa%C3%B1a.jpg?resize=350%2C200","width":350,"height":200,"srcset":"https:\/\/i0.wp.com\/www.24baires.com\/wp-content\/uploads\/2019\/08\/cierre-de-campa%C3%B1a.jpg?resize=350%2C200 1x, https:\/\/i0.wp.com\/www.24baires.com\/wp-content\/uploads\/2019\/08\/cierre-de-campa%C3%B1a.jpg?resize=525%2C300 1.5x"},"classes":[]},{"id":111105,"url":"http:\/\/www.24baires.com\/?p=111105","url_meta":{"origin":63220,"position":4},"title":"Kicillof: \u00abCambiemos ha sufrido una p\u00e9rdida enorme de simpat\u00eda y popularidad\u00bb","author":"AF","date":"07\/07\/2019","format":false,"excerpt":"El precandidato a gobernador de la provincia de Buenos Aires por el Frente de Todos asegur\u00f3: \"Con los intendentes me llevo muy bien tanto en lo personal como en lo pol\u00edtico\". \u201cLa cercan\u00eda de la gente se viene dando hace un rato con vecinos jubilados y empresarios\u201d, explic\u00f3 el precandidato\u2026","rel":"","context":"En \u00abPol\u00edtica\u00bb","block_context":{"text":"Pol\u00edtica","link":"http:\/\/www.24baires.com\/?cat=51"},"img":{"alt_text":"","src":"https:\/\/i0.wp.com\/www.24baires.com\/wp-content\/uploads\/2015\/04\/kicillof-onu.jpg?resize=350%2C200","width":350,"height":200,"srcset":"https:\/\/i0.wp.com\/www.24baires.com\/wp-content\/uploads\/2015\/04\/kicillof-onu.jpg?resize=350%2C200 1x, https:\/\/i0.wp.com\/www.24baires.com\/wp-content\/uploads\/2015\/04\/kicillof-onu.jpg?resize=525%2C300 1.5x"},"classes":[]},{"id":63507,"url":"http:\/\/www.24baires.com\/?p=63507","url_meta":{"origin":63220,"position":5},"title":"Cariglino est\u00e1 cada vez m\u00e1s lejos del Frente Renovador","author":"GB","date":"23\/03\/2015","format":false,"excerpt":"As\u00ed lo adelant\u00f3 el diputado nacional massista Gilberto Alegre, quien asegur\u00f3 que \u201cel intendente de Malvinas Argentinas (Jes\u00fas Cariglino) ya est\u00e1 pr\u00e1cticamente afuera del Frente Renovador\u201d, se\u00f1alaron fuentes del sector. Alegre, que particip\u00f3 en una reuni\u00f3n de intendentes massistas del Conurbano, cont\u00f3 el distanciamiento que existe entre los referentes municipales\u2026","rel":"","context":"En \u00abPol\u00edtica\u00bb","block_context":{"text":"Pol\u00edtica","link":"http:\/\/www.24baires.com\/?cat=51"},"img":{"alt_text":"cariglino","src":"https:\/\/i0.wp.com\/www.24baires.com\/wp-content\/uploads\/2014\/04\/cariglino.jpg?resize=350%2C200","width":350,"height":200,"srcset":"https:\/\/i0.wp.com\/www.24baires.com\/wp-content\/uploads\/2014\/04\/cariglino.jpg?resize=350%2C200 1x, https:\/\/i0.wp.com\/www.24baires.com\/wp-content\/uploads\/2014\/04\/cariglino.jpg?resize=525%2C300 1.5x"},"classes":[]}],"jetpack_sharing_enabled":true,"jetpack_likes_enabled":true,"jetpack_featured_media_url":"","_links":{"self":[{"href":"http:\/\/www.24baires.com\/index.php?rest_route=\/wp\/v2\/posts\/63220","targetHints":{"allow":["GET"]}}],"collection":[{"href":"http:\/\/www.24baires.com\/index.php?rest_route=\/wp\/v2\/posts"}],"about":[{"href":"http:\/\/www.24baires.com\/index.php?rest_route=\/wp\/v2\/types\/post"}],"author":[{"embeddable":true,"href":"http:\/\/www.24baires.com\/index.php?rest_route=\/wp\/v2\/users\/8"}],"replies":[{"embeddable":true,"href":"http:\/\/www.24baires.com\/index.php?rest_route=%2Fwp%2Fv2%2Fcomments&post=63220"}],"version-history":[{"count":1,"href":"http:\/\/www.24baires.com\/index.php?rest_route=\/wp\/v2\/posts\/63220\/revisions"}],"predecessor-version":[{"id":63222,"href":"http:\/\/www.24baires.com\/index.php?rest_route=\/wp\/v2\/posts\/63220\/revisions\/63222"}],"wp:attachment":[{"href":"http:\/\/www.24baires.com\/index.php?rest_route=%2Fwp%2Fv2%2Fmedia&parent=63220"}],"wp:term":[{"taxonomy":"category","embeddable":true,"href":"http:\/\/www.24baires.com\/index.php?rest_route=%2Fwp%2Fv2%2Fcategories&post=63220"},{"taxonomy":"post_tag","embeddable":true,"href":"http:\/\/www.24baires.com\/index.php?rest_route=%2Fwp%2Fv2%2Ftags&post=63220"}],"curies":[{"name":"wp","href":"https:\/\/api.w.org\/{rel}","templated":true}]}}