{"id":63207,"date":"2015-03-16T12:30:37","date_gmt":"2015-03-16T15:30:37","guid":{"rendered":"http:\/\/www.24baires.com\/?p=63207"},"modified":"2015-03-16T09:39:47","modified_gmt":"2015-03-16T12:39:47","slug":"chino-navarro-randazzo-y-scioli-no-son-los-duenos-del-kirchnerismo","status":"publish","type":"post","link":"http:\/\/www.24baires.com\/?p=63207","title":{"rendered":"Chino Navarro: \u00abRandazzo y Scioli no son los due\u00f1os del kirchnerismo\u00bb"},"content":{"rendered":"<p><img data-recalc-dims=\"1\" loading=\"lazy\" decoding=\"async\" class=\"aligncenter size-full wp-image-16607\" src=\"https:\/\/i0.wp.com\/www.24baires.com\/wp-content\/uploads\/2013\/02\/navarro-chino.jpg?resize=560%2C429\" alt=\"navarro chino\" width=\"560\" height=\"429\" srcset=\"https:\/\/i0.wp.com\/www.24baires.com\/wp-content\/uploads\/2013\/02\/navarro-chino.jpg?w=560 560w, https:\/\/i0.wp.com\/www.24baires.com\/wp-content\/uploads\/2013\/02\/navarro-chino.jpg?resize=300%2C229 300w\" sizes=\"auto, (max-width: 560px) 100vw, 560px\" \/>El presidente del bloque de diputados bonaerense del FPV, Fernando \u201cChino\u201d Navarro, se meti\u00f3 en la interna partidaria de cara a las elecciones primarias y les mand\u00f3 un mensaje a Florencio Randazzo y Daniel Scioli para que entiendan que \u201cno son due\u00f1os del kirchnerismo\u201d.<!--more--><\/p>\n<p>Luego de una semana de duras declaraciones entre Randazzo y sectores del sciolimo, Navarro sali\u00f3 con fuertes cr\u00edticas para los principales candidatos del oficialismo para las elecciones presidenciales. \u00abRandazzo y Scioli tienen que entender que no son los due\u00f1os del kirchnerismo. Por m\u00e1s que tengan un importante caudal electoral, si ellos dicen que son los due\u00f1os del kirchnerismo, y le van a decir a Cristina lo que hay que hacer, o a nosotros, est\u00e1n equivocados\u201d, sostuvo el dirigente del Movimiento Evita.<\/p>\n<p>De esta manera Navarro busc\u00f3 marcarle el terreno al ministro del Interior y Transporte y al gobernador bonaerense, que tuvieron una semana de cruces y chicanas. \u201cA nosotros nos conduc\u00eda N\u00e9stor Kirchner, hoy nos conduce Cristina Fern\u00e1ndez de Kirchner, la pol\u00edtica y los intereses populares. No nos conduce ni Randazzo, por m\u00e1s que descalifique a Scioli, ni nos conduce Scioli, contando sus bondades\u201d, destac\u00f3 el diputado. Y alert\u00f3: \u201cPor lo tanto, con todo respeto, pero con firmeza, decimos: \u2018dejen de pelearse por sus aspiraciones personales y piensen un poco m\u00e1s en el pueblo argentino\u2019\u00bb.<\/p>\n<p>&nbsp;<\/p>\n<p>&nbsp;<\/p>\n<p>&nbsp;<\/p>\n<p>&nbsp;<\/p>\n<p>&nbsp;<\/p>\n<p>&nbsp;<\/p>\n<p>&nbsp;<\/p>\n<p>&nbsp;<\/p>\n<p>&nbsp;<\/p>\n<p>&nbsp;<\/p>\n<p>&nbsp;<\/p>\n<p>&nbsp;<\/p>\n<p>&nbsp;<\/p>\n<p>&nbsp;<\/p>\n<p>&nbsp;<\/p>\n<p>&nbsp;<\/p>\n<p>&nbsp;<\/p>\n<p>&nbsp;<\/p>\n<p>&nbsp;<\/p>\n<p>&nbsp;<\/p>\n<p>&nbsp;<\/p>\n","protected":false},"excerpt":{"rendered":"<p>El presidente del bloque de diputados bonaerense del FPV, Fernando \u201cChino\u201d Navarro, se meti\u00f3 en la interna partidaria de cara a las elecciones primarias y les mand\u00f3 un mensaje a Florencio Randazzo y Daniel Scioli para que entiendan que \u201cno son due\u00f1os del kirchnerismo\u201d.<\/p>\n","protected":false},"author":4,"featured_media":0,"comment_status":"open","ping_status":"open","sticky":false,"template":"","format":"standard","meta":{"_jetpack_newsletter_access":"","_jetpack_dont_email_post_to_subs":false,"_jetpack_newsletter_tier_id":0,"_jetpack_memberships_contains_paywalled_content":false,"_jetpack_memberships_contains_paid_content":false,"footnotes":""},"categories":[51],"tags":[],"class_list":["post-63207","post","type-post","status-publish","format-standard","hentry","category-politica"],"jetpack_shortlink":"https:\/\/wp.me\/p2JWE0-grt","jetpack-related-posts":[{"id":94953,"url":"http:\/\/www.24baires.com\/?p=94953","url_meta":{"origin":63207,"position":0},"title":"Navarro: \u00abNo creo que Cristina sea candidata\u00bb","author":"GB","date":"02\/06\/2017","format":false,"excerpt":"Sin embargo, el referente del Movimiento Evita confes\u00f3 que \"quiero m\u00e1s a Cristina\" que al ex ministro de Interior y Transporte, Florencio Randazzo. Fernando \"Chino\" Navarro estim\u00f3 que la ex presidenta Cristina Kirchner no ser\u00e1 candidata en las pr\u00f3ximas elecciones legislativas de octubre. Pero a su vez reconoci\u00f3 que \"quiere\"\u2026","rel":"","context":"En \u00abPol\u00edtica\u00bb","block_context":{"text":"Pol\u00edtica","link":"http:\/\/www.24baires.com\/?cat=51"},"img":{"alt_text":"","src":"https:\/\/i0.wp.com\/www.24baires.com\/wp-content\/uploads\/2014\/06\/navarro.png?resize=350%2C200","width":350,"height":200},"classes":[]},{"id":100697,"url":"http:\/\/www.24baires.com\/?p=100697","url_meta":{"origin":63207,"position":1},"title":"Sol\u00e1: \u00abMassa va a tener que sumarse a la unidad del peronismo\u00bb","author":"GB","date":"23\/02\/2018","format":false,"excerpt":"El diputado nacional del FR sostuvo que \"lo importante es la unidad para enfrentar al neoliberalismo\". En medio de la discusi\u00f3n por la unidad del PJ de cara al 2019, el diputado nacional Felipe Sol\u00e1 presion\u00f3 a su actual jefe pol\u00edtico Sergio Massa para que haga a un lado sus\u2026","rel":"","context":"En \u00abPol\u00edtica\u00bb","block_context":{"text":"Pol\u00edtica","link":"http:\/\/www.24baires.com\/?cat=51"},"img":{"alt_text":"","src":"https:\/\/i0.wp.com\/www.24baires.com\/wp-content\/uploads\/2014\/07\/felipe-sol%C3%A1.jpg?resize=350%2C200","width":350,"height":200,"srcset":"https:\/\/i0.wp.com\/www.24baires.com\/wp-content\/uploads\/2014\/07\/felipe-sol%C3%A1.jpg?resize=350%2C200 1x, https:\/\/i0.wp.com\/www.24baires.com\/wp-content\/uploads\/2014\/07\/felipe-sol%C3%A1.jpg?resize=525%2C300 1.5x"},"classes":[]},{"id":65916,"url":"http:\/\/www.24baires.com\/?p=65916","url_meta":{"origin":63207,"position":2},"title":"Jorge Taiana y Fernando \u00abChino\u00bb Navarro tambi\u00e9n declinaron sus candidaturas","author":"GB","date":"14\/05\/2015","format":false,"excerpt":"Horas despu\u00e9s del anuncio de Agust\u00edn Rossi, y en respuesta al pedido p\u00fablico de Cristina Kirchner, el ex canciller declin\u00f3 de participar de la interna presidencial del FpV en las PASO. Fernando Navarro tambi\u00e9n se baj\u00f3 de la pelea por la gobernaci\u00f3n bonaerense. El anuncio de los candidatos del Movimiento\u2026","rel":"","context":"En \u00abElecciones 2015\u00bb","block_context":{"text":"Elecciones 2015","link":"http:\/\/www.24baires.com\/?cat=74"},"img":{"alt_text":"","src":"https:\/\/i0.wp.com\/www.24baires.com\/wp-content\/uploads\/2015\/05\/taiana.jpg?resize=350%2C200","width":350,"height":200,"srcset":"https:\/\/i0.wp.com\/www.24baires.com\/wp-content\/uploads\/2015\/05\/taiana.jpg?resize=350%2C200 1x, https:\/\/i0.wp.com\/www.24baires.com\/wp-content\/uploads\/2015\/05\/taiana.jpg?resize=525%2C300 1.5x"},"classes":[]},{"id":72664,"url":"http:\/\/www.24baires.com\/?p=72664","url_meta":{"origin":63207,"position":3},"title":"\u00abVidal mide m\u00e1s en Provincia que Macri en todo el pa\u00eds\u00bb","author":"AF","date":"25\/09\/2015","format":false,"excerpt":"Lo dijo hoy el diputado bonaerense del FpV y referente del Movimiento Evita, situaci\u00f3n que a su criterio complica las aspiraciones del l\u00edder del PRO de llegar a la Casa Rosada. El diputado bonaerense del FpV y referente del Movimiento Evita, Fernando 'Chino' Navarro, dijo hoy que la candidata a\u2026","rel":"","context":"En \u00abElecciones 2015\u00bb","block_context":{"text":"Elecciones 2015","link":"http:\/\/www.24baires.com\/?cat=74"},"img":{"alt_text":"navarro chino","src":"https:\/\/i0.wp.com\/www.24baires.com\/wp-content\/uploads\/2013\/02\/navarro-chino.jpg?resize=350%2C200","width":350,"height":200,"srcset":"https:\/\/i0.wp.com\/www.24baires.com\/wp-content\/uploads\/2013\/02\/navarro-chino.jpg?resize=350%2C200 1x, https:\/\/i0.wp.com\/www.24baires.com\/wp-content\/uploads\/2013\/02\/navarro-chino.jpg?resize=525%2C300 1.5x"},"classes":[]},{"id":102620,"url":"http:\/\/www.24baires.com\/?p=102620","url_meta":{"origin":63207,"position":4},"title":"Agust\u00edn Rossi critic\u00f3 el acuerdo con el FMI y dijo que fue \u00abun error de Macri\u00bb","author":"AF","date":"08\/06\/2018","format":false,"excerpt":"El diputado explic\u00f3 antes de ingresar Congreso Peron\u00edsta en Ferro : \"nos va a generar much\u00edsimo dolor al conjunto de los argentinos, ning\u00fan pa\u00eds del mundo celebra un acuerdo con el FMI\". El diputado Agust\u00edn Rossi critic\u00f3 el acuerdo con el FMI y dijo que fue \"un error\" de Macri:\u2026","rel":"","context":"En \u00abPol\u00edtica\u00bb","block_context":{"text":"Pol\u00edtica","link":"http:\/\/www.24baires.com\/?cat=51"},"img":{"alt_text":"","src":"https:\/\/i0.wp.com\/www.24baires.com\/wp-content\/uploads\/2015\/02\/rossi1.jpg?resize=350%2C200","width":350,"height":200,"srcset":"https:\/\/i0.wp.com\/www.24baires.com\/wp-content\/uploads\/2015\/02\/rossi1.jpg?resize=350%2C200 1x, https:\/\/i0.wp.com\/www.24baires.com\/wp-content\/uploads\/2015\/02\/rossi1.jpg?resize=525%2C300 1.5x"},"classes":[]},{"id":67166,"url":"http:\/\/www.24baires.com\/?p=67166","url_meta":{"origin":63207,"position":5},"title":"Rossi respald\u00f3 la candidatura de Randazzo","author":"GB","date":"06\/06\/2015","format":false,"excerpt":"El ministro del Interior y Transporte y precandidato presidencial, Florencio Randazzo, se mostr\u00f3 con el jefe de la cartera de Defensa, Agust\u00edn Rossi, quien respald\u00f3 su precandidatura, pero descart\u00f3 que esto sea un gui\u00f1o para blanquear a su compa\u00f1ero de f\u00f3rmula, al advertir que su vice \"lo va a definir\u2026","rel":"","context":"En \u00abElecciones 2015\u00bb","block_context":{"text":"Elecciones 2015","link":"http:\/\/www.24baires.com\/?cat=74"},"img":{"alt_text":"","src":"https:\/\/i0.wp.com\/www.24baires.com\/wp-content\/uploads\/2015\/06\/rossi-randazzo.jpg?resize=350%2C200","width":350,"height":200,"srcset":"https:\/\/i0.wp.com\/www.24baires.com\/wp-content\/uploads\/2015\/06\/rossi-randazzo.jpg?resize=350%2C200 1x, https:\/\/i0.wp.com\/www.24baires.com\/wp-content\/uploads\/2015\/06\/rossi-randazzo.jpg?resize=525%2C300 1.5x"},"classes":[]}],"jetpack_sharing_enabled":true,"jetpack_likes_enabled":true,"jetpack_featured_media_url":"","_links":{"self":[{"href":"http:\/\/www.24baires.com\/index.php?rest_route=\/wp\/v2\/posts\/63207","targetHints":{"allow":["GET"]}}],"collection":[{"href":"http:\/\/www.24baires.com\/index.php?rest_route=\/wp\/v2\/posts"}],"about":[{"href":"http:\/\/www.24baires.com\/index.php?rest_route=\/wp\/v2\/types\/post"}],"author":[{"embeddable":true,"href":"http:\/\/www.24baires.com\/index.php?rest_route=\/wp\/v2\/users\/4"}],"replies":[{"embeddable":true,"href":"http:\/\/www.24baires.com\/index.php?rest_route=%2Fwp%2Fv2%2Fcomments&post=63207"}],"version-history":[{"count":1,"href":"http:\/\/www.24baires.com\/index.php?rest_route=\/wp\/v2\/posts\/63207\/revisions"}],"predecessor-version":[{"id":63208,"href":"http:\/\/www.24baires.com\/index.php?rest_route=\/wp\/v2\/posts\/63207\/revisions\/63208"}],"wp:attachment":[{"href":"http:\/\/www.24baires.com\/index.php?rest_route=%2Fwp%2Fv2%2Fmedia&parent=63207"}],"wp:term":[{"taxonomy":"category","embeddable":true,"href":"http:\/\/www.24baires.com\/index.php?rest_route=%2Fwp%2Fv2%2Fcategories&post=63207"},{"taxonomy":"post_tag","embeddable":true,"href":"http:\/\/www.24baires.com\/index.php?rest_route=%2Fwp%2Fv2%2Ftags&post=63207"}],"curies":[{"name":"wp","href":"https:\/\/api.w.org\/{rel}","templated":true}]}}