{"id":63189,"date":"2015-03-16T10:00:08","date_gmt":"2015-03-16T13:00:08","guid":{"rendered":"http:\/\/www.24baires.com\/?p=63189"},"modified":"2015-03-17T10:46:12","modified_gmt":"2015-03-17T13:46:12","slug":"anibal-fernandez-el-acuerdo-ucr-pro-es-una-alianza-con-objetivo-electoral-y-sin-contenido-politico","status":"publish","type":"post","link":"http:\/\/www.24baires.com\/?p=63189","title":{"rendered":"An\u00edbal Fern\u00e1ndez: \u00abEl acuerdo UCR-PRO es una alianza con objetivo electoral y sin contenido pol\u00edtico\u00bb"},"content":{"rendered":"<p><img data-recalc-dims=\"1\" loading=\"lazy\" decoding=\"async\" class=\"aligncenter size-full wp-image-5267\" src=\"https:\/\/i0.wp.com\/www.24baires.com\/wp-content\/uploads\/2012\/11\/fern%C3%A1ndez-an%C3%ADbal2.jpg?resize=560%2C361\" alt=\"fern\u00e1ndez an\u00edbal2\" width=\"560\" height=\"361\" srcset=\"https:\/\/i0.wp.com\/www.24baires.com\/wp-content\/uploads\/2012\/11\/fern%C3%A1ndez-an%C3%ADbal2.jpg?w=560 560w, https:\/\/i0.wp.com\/www.24baires.com\/wp-content\/uploads\/2012\/11\/fern%C3%A1ndez-an%C3%ADbal2.jpg?resize=300%2C193 300w\" sizes=\"auto, (max-width: 560px) 100vw, 560px\" \/>El jefe de Gabinete, An\u00edbal Fern\u00e1ndez, consider\u00f3 que el acuerdo pol\u00edtico sellado entre el PRO, el radicalismo y la Coalici\u00f3n C\u00edvica constituye una alianza \u201ccon objetivo electoral y sin contenido pol\u00edtico\u201d entre quienes representan a la \u201cderecha espantosa\u201d de la Argentina.<!--more--><\/p>\n<p>Adem\u00e1s, sostuvo que, en ese tipo de acuerdos puramente electorales, \u201clos fracasos son recontra anunciados\u201d dado que se se trata de un entendimientos basado en la intenci\u00f3n de \u201chacerse del gobierno\u201d aun cuando \u201clas diferencias\u201d entre ellos \u201cson fenomenales\u201d.<\/p>\n<p>As\u00ed lo se\u00f1al\u00f3 An\u00edbal Fern\u00e1ndez su habitual di\u00e1logo matutino con la prensa al ingresar en la Casa de Gobierno, donde tambi\u00e9n sostuvo que la coalici\u00f3n con la que el PRO, la UCR y la Coalici\u00f3n C\u00edvica es una \u201centente con lo m\u00e1s rancio de la derecha argentina que representa los derechos m\u00e1s impopulares de la gente de a pie\u201d.<\/p>\n<p>En este marco, compar\u00f3 a esta construcci\u00f3n con la de la Alianza UCR-Frepaso que accedi\u00f3 al poder en 1999 con el radical Fernando De la R\u00faa como presidente al afirmar que \u201cla historia vuelve a repetirse con una nueva alianza con objetivo electoral que ya no tiene contenido pol\u00edtico\u201d.<\/p>\n<p>En este sentido, se\u00f1al\u00f3 que el titular del Comit\u00e9 Nacional del radicalismo, Ernesto Sanz, principal impulsor dentro del partido de la alianza con el PRO de cara a los pr\u00f3ximos comicios, \u201crepresenta la m\u00e1s rancia derecha conservadora\u201d, mientras que a Elisa Carri\u00f3 la defini\u00f3 como una \u201cJuana de Arco moderna\u201d.<\/p>\n<p>Ambos, sostuvo, encontraron \u201cun fronting que, otra vez, es un jefe de la ciudad de formaci\u00f3n conservadora, obnubilado por el neoliberalismo que tampoco tiene luces\u201d, en referencia a Mauricio Macri, a quien, de este modo, compar\u00f3 con Fernando De la R\u00faa.<\/p>\n<p>\u201cLa historia vuelve a repetirse con una nueva alianza con objetivo electoral, que ya no tiene contenido pol\u00edtico\u201d, asever\u00f3 An\u00edbal Fern\u00e1ndez.<\/p>\n<p>En este punto, afirm\u00f3 que se est\u00e1 en presencia \u201cde un experimento entre conservadores, neoliberales y con pocas luces, que van a poner 160 a\u00f1os de construcci\u00f3n en riesgo\u201d, y consider\u00f3 que \u201cni entre ellos son respetados\u201d.<\/p>\n<p>\u201cS\u00f3lo es un acuerdo pol\u00edtico para tratar de ganarle al otro\u201d, defini\u00f3 el jefe de Gabinete en su di\u00e1logo con los periodistas al ingresar esta ma\u00f1ana a la Casa de Gobierno.<\/p>\n<p>Por otro lado, An\u00edbal Fern\u00e1ndez dijo no creer que el radicalismo \u201cest\u00e9 muy convencido de lo que est\u00e1 sucediendo\u201d dado que se trata de un partido que naci\u00f3 \u201cpara ser un partido nacional y popular\u201d.<\/p>\n<p>\u201cPensar que Sanz o Carri\u00f3, porque a Macri lo doy por descontado, pueden ser los que piensen la pol\u00edtica en grande pone una fuerte cuota de preocupaci\u00f3n. Se trata de un gesto para ver si pueden hacerse del gobierno, pero las diferencias entre ellos son fenomenales\u201d, opin\u00f3 An\u00edbal Fern\u00e1ndez.<\/p>\n<p>El s\u00e1bado, en el marco de la Convenci\u00f3n Nacional que el radicalismo celebr\u00f3 el la ciudad entrerriana de Gualeguaych\u00fa, se impuso el sector que propiciaba un acuerdo electoral con el PRO de cara a las elecciones presidenciales, encabezado por el precandidato presidencial y titular del partido, Ernesto Sanz.<\/p>\n<p>\u201cNo voy a renegar de la vocaci\u00f3n frentista; yo aprend\u00ed a ser frentista con Juan Per\u00f3n\u201d, dijo esta ma\u00f1ana An\u00edbal Fern\u00e1ndez, quien indic\u00f3 que, en los frentes que hizo el peronismo durante toda su historia, siempre \u201chab\u00eda gente de todo los colores, porque era imperioso que se formara esa coalici\u00f3n\u201d.<\/p>\n<p>Agreg\u00f3 que en esas coaliciones \u201cla gente ten\u00eda la misma vocaci\u00f3n y el mismo pensamiento en beneficio del que menos tiene\u201d, y contrapuso con lo que en su opini\u00f3n sucede hoy con el acuerdo decidido el fin de semana por los radicales, donde -indic\u00f3- se vio \u201ctodo lo contrario\u201d.<\/p>\n<p>\u201cSabemos lo que piensa (Ernesto) Sanz de la Asignaci\u00f3n (Universal) por Hijo, conocemos lo que ha hecho (Mauricio) Macri con el subte y con la UCEP, crearon una oficina que cagaba a palos a gente\u201d, se\u00f1al\u00f3 Fern\u00e1ndez, quien entendi\u00f3 que \u201cesta es la visi\u00f3n que tiene esta derecha espantosa y que le est\u00e1n mostrando a los argentinos\u201d.<\/p>\n","protected":false},"excerpt":{"rendered":"<p>El jefe de Gabinete, An\u00edbal Fern\u00e1ndez, consider\u00f3 que el acuerdo pol\u00edtico sellado entre el PRO, el radicalismo y la Coalici\u00f3n C\u00edvica constituye una alianza \u201ccon objetivo electoral y sin contenido pol\u00edtico\u201d entre quienes representan a la \u201cderecha espantosa\u201d de la Argentina.<\/p>\n","protected":false},"author":4,"featured_media":0,"comment_status":"open","ping_status":"open","sticky":false,"template":"","format":"standard","meta":{"_jetpack_newsletter_access":"","_jetpack_dont_email_post_to_subs":false,"_jetpack_newsletter_tier_id":0,"_jetpack_memberships_contains_paywalled_content":false,"_jetpack_memberships_contains_paid_content":false,"footnotes":""},"categories":[51],"tags":[],"class_list":["post-63189","post","type-post","status-publish","format-standard","hentry","category-politica"],"jetpack_shortlink":"https:\/\/wp.me\/p2JWE0-grb","jetpack-related-posts":[{"id":110766,"url":"http:\/\/www.24baires.com\/?p=110766","url_meta":{"origin":63189,"position":0},"title":"\u00abCambiemos\u00bb pasa a llamarse \u00abJuntos por el cambio\u00bb","author":"AF","date":"12\/06\/2019","format":false,"excerpt":"Tras anunciar el acuerdo con Miguel Pichetto para que acompa\u00f1e a Mauricio Macri en la f\u00f3rmula presidencial, el oficialismo realiz\u00f3 una lavada de cara al m\u00e1rketing electoral. Con la necesidad de reinventarse de cara a las presidenciales de 2019, el Gobierno confirm\u00f3 que \"Juntos por el Cambio\" ser\u00e1 el nombre\u2026","rel":"","context":"En \u00abPol\u00edtica\u00bb","block_context":{"text":"Pol\u00edtica","link":"http:\/\/www.24baires.com\/?cat=51"},"img":{"alt_text":"","src":"https:\/\/i0.wp.com\/www.24baires.com\/wp-content\/uploads\/2019\/03\/MACRI-CONGRESO.png?resize=350%2C200","width":350,"height":200,"srcset":"https:\/\/i0.wp.com\/www.24baires.com\/wp-content\/uploads\/2019\/03\/MACRI-CONGRESO.png?resize=350%2C200 1x, https:\/\/i0.wp.com\/www.24baires.com\/wp-content\/uploads\/2019\/03\/MACRI-CONGRESO.png?resize=525%2C300 1.5x"},"classes":[]},{"id":110781,"url":"http:\/\/www.24baires.com\/?p=110781","url_meta":{"origin":63189,"position":1},"title":"Vidal repite f\u00f3rmula para la gobernaci\u00f3n","author":"GB","date":"13\/06\/2019","format":false,"excerpt":"Este mi\u00e9rcoles se present\u00f3 el frente \"Juntos por el Cambio\" de la provincia de Buenos Aires. La confirmaci\u00f3n del binomio con el que la gobernadora bonaerense buscar\u00e1 la reelecci\u00f3n no gener\u00f3 ninguna sorpresa, tras el anuncio de Macri-Pichetto. El oficialismo present\u00f3 de manera formal \"Juntos por el Cambio\" en la\u2026","rel":"","context":"En \u00abPol\u00edtica\u00bb","block_context":{"text":"Pol\u00edtica","link":"http:\/\/www.24baires.com\/?cat=51"},"img":{"alt_text":"","src":"https:\/\/i0.wp.com\/www.24baires.com\/wp-content\/uploads\/2019\/03\/vidal.jpg?resize=350%2C200","width":350,"height":200,"srcset":"https:\/\/i0.wp.com\/www.24baires.com\/wp-content\/uploads\/2019\/03\/vidal.jpg?resize=350%2C200 1x, https:\/\/i0.wp.com\/www.24baires.com\/wp-content\/uploads\/2019\/03\/vidal.jpg?resize=525%2C300 1.5x"},"classes":[]},{"id":67342,"url":"http:\/\/www.24baires.com\/?p=67342","url_meta":{"origin":63189,"position":2},"title":"Sin Massa, el PRO, la UCR y la Coalici\u00f3n C\u00edvica cerraron \u00abCambiemos\u00bb, su alianza","author":"AF","date":"10\/06\/2015","format":false,"excerpt":"Autoridades de los partidos lo firmaron ante escribano p\u00fablico. Tambi\u00e9n suscribieron el acuerdo el partido Fe (del \"Momo\" Venegas), el Partido Dem\u00f3crata Progresista y el partido Conservador Popular. Autoridades de los partidos PRO, UCR y la Coalici\u00f3n C\u00edvica suscribieron hoy ante escribano p\u00fablico el acuerdo por el frente electoral que\u2026","rel":"","context":"En \u00abElecciones 2015\u00bb","block_context":{"text":"Elecciones 2015","link":"http:\/\/www.24baires.com\/?cat=74"},"img":{"alt_text":"538a8eddcc9c8_320x213","src":"https:\/\/i0.wp.com\/www.24baires.com\/wp-content\/uploads\/2015\/06\/538a8eddcc9c8_320x213-300x200.jpg?resize=350%2C200","width":350,"height":200},"classes":[]},{"id":68973,"url":"http:\/\/www.24baires.com\/?p=68973","url_meta":{"origin":63189,"position":3},"title":"An\u00edbal Fern\u00e1ndez: \u201cEl domingo en Capital se enfrentar\u00e1 Macri contra Macri\u201d","author":"AF","date":"13\/07\/2015","format":false,"excerpt":"El jefe de Gabinete se refiri\u00f3 esta ma\u00f1ana al balotaje porte\u00f1o del pr\u00f3ximo domingo entre Horacio Rodr\u00edguez Larreta (PRO) y Mart\u00edn Lousteau (ECO). \u201cFelicitaremos a Macri o daremos el p\u00e9same a Macri, es lo mismo\u201d, dijo. En ese sentido, Fern\u00e1ndez recalc\u00f3 que la postura adoptada por el Frente para la\u2026","rel":"","context":"En \u00abPol\u00edtica\u00bb","block_context":{"text":"Pol\u00edtica","link":"http:\/\/www.24baires.com\/?cat=51"},"img":{"alt_text":"anibal conferencia","src":"https:\/\/i0.wp.com\/www.24baires.com\/wp-content\/uploads\/2015\/04\/anibal-conferencia.jpg?resize=350%2C200","width":350,"height":200,"srcset":"https:\/\/i0.wp.com\/www.24baires.com\/wp-content\/uploads\/2015\/04\/anibal-conferencia.jpg?resize=350%2C200 1x, https:\/\/i0.wp.com\/www.24baires.com\/wp-content\/uploads\/2015\/04\/anibal-conferencia.jpg?resize=525%2C300 1.5x"},"classes":[]},{"id":103209,"url":"http:\/\/www.24baires.com\/?p=103209","url_meta":{"origin":63189,"position":4},"title":"La UCR dispar\u00f3 contra Carri\u00f3: \u00abHoy le aporta menos a Cambiemos que las propinas que deja\u00bb","author":"AF","date":"06\/07\/2018","format":false,"excerpt":"La Uni\u00f3n C\u00edvica Radical, que comparte la Alianza Cambiemos con el PRO, emiti\u00f3 un dur\u00edsimo comunicado con la diputada Elisa Carri\u00f3. Deslizaron que la pol\u00e9mica legisladora utiliza al partido como \"proyecto personal\" y \"liderazgo mesi\u00e1nico\". La UCR le respondi\u00f3 con un comunicado a Elisa Carri\u00f3 y desde el partido, no\u2026","rel":"","context":"En \u00abPol\u00edtica\u00bb","block_context":{"text":"Pol\u00edtica","link":"http:\/\/www.24baires.com\/?cat=51"},"img":{"alt_text":"","src":"https:\/\/i0.wp.com\/www.24baires.com\/wp-content\/uploads\/2018\/07\/carri%C3%B3.jpg?resize=350%2C200","width":350,"height":200,"srcset":"https:\/\/i0.wp.com\/www.24baires.com\/wp-content\/uploads\/2018\/07\/carri%C3%B3.jpg?resize=350%2C200 1x, https:\/\/i0.wp.com\/www.24baires.com\/wp-content\/uploads\/2018\/07\/carri%C3%B3.jpg?resize=525%2C300 1.5x"},"classes":[]},{"id":110749,"url":"http:\/\/www.24baires.com\/?p=110749","url_meta":{"origin":63189,"position":5},"title":"Massa se sum\u00f3 al frente opositor de Alberto y Cristina","author":"AF","date":"11\/06\/2019","format":false,"excerpt":"Despu\u00e9s de largas idas y vueltas, el l\u00edder del Frente Renovador acord\u00f3 una serie de puntos con el kirchnerismo y ser\u00e1 parte del armado con el que el PJ enfrentar\u00e1 a Cambiemos en las elecciones. A un d\u00eda del cierre de alianzas electorales, el frente pol\u00edtico que lideran Alberto Fern\u00e1nez\u2026","rel":"","context":"En \u00abPol\u00edtica\u00bb","block_context":{"text":"Pol\u00edtica","link":"http:\/\/www.24baires.com\/?cat=51"},"img":{"alt_text":"","src":"https:\/\/i0.wp.com\/www.24baires.com\/wp-content\/uploads\/2019\/06\/fern%C3%A1ndez-massa.png?resize=350%2C200","width":350,"height":200,"srcset":"https:\/\/i0.wp.com\/www.24baires.com\/wp-content\/uploads\/2019\/06\/fern%C3%A1ndez-massa.png?resize=350%2C200 1x, https:\/\/i0.wp.com\/www.24baires.com\/wp-content\/uploads\/2019\/06\/fern%C3%A1ndez-massa.png?resize=525%2C300 1.5x"},"classes":[]}],"jetpack_sharing_enabled":true,"jetpack_likes_enabled":true,"jetpack_featured_media_url":"","_links":{"self":[{"href":"http:\/\/www.24baires.com\/index.php?rest_route=\/wp\/v2\/posts\/63189","targetHints":{"allow":["GET"]}}],"collection":[{"href":"http:\/\/www.24baires.com\/index.php?rest_route=\/wp\/v2\/posts"}],"about":[{"href":"http:\/\/www.24baires.com\/index.php?rest_route=\/wp\/v2\/types\/post"}],"author":[{"embeddable":true,"href":"http:\/\/www.24baires.com\/index.php?rest_route=\/wp\/v2\/users\/4"}],"replies":[{"embeddable":true,"href":"http:\/\/www.24baires.com\/index.php?rest_route=%2Fwp%2Fv2%2Fcomments&post=63189"}],"version-history":[{"count":1,"href":"http:\/\/www.24baires.com\/index.php?rest_route=\/wp\/v2\/posts\/63189\/revisions"}],"predecessor-version":[{"id":63190,"href":"http:\/\/www.24baires.com\/index.php?rest_route=\/wp\/v2\/posts\/63189\/revisions\/63190"}],"wp:attachment":[{"href":"http:\/\/www.24baires.com\/index.php?rest_route=%2Fwp%2Fv2%2Fmedia&parent=63189"}],"wp:term":[{"taxonomy":"category","embeddable":true,"href":"http:\/\/www.24baires.com\/index.php?rest_route=%2Fwp%2Fv2%2Fcategories&post=63189"},{"taxonomy":"post_tag","embeddable":true,"href":"http:\/\/www.24baires.com\/index.php?rest_route=%2Fwp%2Fv2%2Ftags&post=63189"}],"curies":[{"name":"wp","href":"https:\/\/api.w.org\/{rel}","templated":true}]}}