{"id":63181,"date":"2015-03-15T19:30:08","date_gmt":"2015-03-15T22:30:08","guid":{"rendered":"http:\/\/www.24baires.com\/?p=63181"},"modified":"2015-03-15T18:14:06","modified_gmt":"2015-03-15T21:14:06","slug":"cuando-se-unen-en-contra-de-las-cosas-nunca-salen-a-favor","status":"publish","type":"post","link":"http:\/\/www.24baires.com\/?p=63181","title":{"rendered":"\u00abCuando se unen &#8216;en contra de&#8217;, las cosas nunca salen a favor\u00bb"},"content":{"rendered":"<p><a href=\"https:\/\/i0.wp.com\/www.24baires.com\/wp-content\/uploads\/2015\/03\/wpid-wp-1426454014664.jpeg\"><img data-recalc-dims=\"1\" decoding=\"async\" title=\"wp-1426454014664\" class=\"alignnone size-full\"  alt=\"image\" src=\"https:\/\/i0.wp.com\/www.24baires.com\/wp-content\/uploads\/2015\/03\/wpid-wp-1426454014664.jpeg?w=860\" \/><\/a> <\/p>\n<p>El gobernador bonaerense Daniel Scioli se refiri\u00f3 as\u00ed a la Convenci\u00f3n de la UCR que ratific\u00f3 anoche el acuerdo electoral con el PRO de cara a las elecciones nacionales de este a\u00f1o.<br \/>\n<!--more--><\/p>\n<p> \u00abYo siento la enorme responsabilidad de llevar al peronismo a la victoria frente a esta alianza que se ha configurado en el d\u00eda de ayer, y que sea una competencia democr\u00e1tica y respetuosa con propuestas, que en mi caso est\u00e1n muy coherentes y claras con respecto al trabajo nacional y la industria argentina de cara al futuro\u00bb, remarc\u00f3 Scioli en declaraciones radiales.<\/p>\n<p>Sostuvo que \u00abla mayor\u00eda del pueblo argentino no quiere volver para atr\u00e1s\u00bb, y aclar\u00f3 que respeta \u00abla competencia democr\u00e1tica\u00bb pero que tiene muy claras \u00ablas alternativas con respecto a las propuestas de pa\u00eds que se presentan\u00bb.<\/p>\n<p>\u00abEsta alianza ha tenido posiciones &#8216;en contra de&#8217; YPF, de los acuerdos con China, la recuperaci\u00f3n de los fondos del Anses\u00bb, record\u00f3 Scioli y detall\u00f3: \u00abMacri, que es el jefe de todos ellos, dijo que a los fondos buitre hab\u00eda que pagarles o el pa\u00eds volaba por los aires, increment\u00f3 el endeudamiento en d\u00f3lares en el Gobierno de la Ciudad, se opuso al F\u00fatbol para Todos y la Asignaci\u00f3n Universal por Hijo\u00bb.<\/p>\n<p>\u00abMe comprometo frente al electorado a defender estos logros y sobre esto, seguir avanzando\u00bb, dijo el gobernador bonaerense y<br \/>\naclar\u00f3: \u00abyo represento el voto a favor\u00bb.<\/p>\n<p>Scioli destac\u00f3 que \u00abse viene un a\u00f1o de mucho movimiento econ\u00f3mico y desarrollo\u00bb, e hizo hincapi\u00e9 en los acuerdos paritarios y en el aumento del 50% en los montos de las distintas asignaciones \u00abde inclusi\u00f3n de los j\u00f3venes\u00bb anunciadas por la presidenta Cristina Fern\u00e1ndez de Kirchner.<\/p>\n<p>\u00abMe hago responsable de que las cosas cada vez van a estar mejor\u00bb, concluy\u00f3.<\/p>\n","protected":false},"excerpt":{"rendered":"<p>El gobernador bonaerense Daniel Scioli se refiri\u00f3 as\u00ed a la Convenci\u00f3n de la UCR que ratific\u00f3 anoche el acuerdo electoral con el PRO de cara a las elecciones nacionales de este a\u00f1o.<\/p>\n","protected":false},"author":4,"featured_media":0,"comment_status":"open","ping_status":"open","sticky":false,"template":"","format":"standard","meta":{"_jetpack_newsletter_access":"","_jetpack_dont_email_post_to_subs":false,"_jetpack_newsletter_tier_id":0,"_jetpack_memberships_contains_paywalled_content":false,"_jetpack_memberships_contains_paid_content":false,"footnotes":""},"categories":[51],"tags":[],"class_list":["post-63181","post","type-post","status-publish","format-standard","hentry","category-politica"],"jetpack_shortlink":"https:\/\/wp.me\/p2JWE0-gr3","jetpack-related-posts":[{"id":120181,"url":"http:\/\/www.24baires.com\/?p=120181","url_meta":{"origin":63181,"position":0},"title":"El Frente de Todos pasa a llamarse \u00abUni\u00f3n por la Patria\u00bb","author":"AF","date":"14\/06\/2023","format":false,"excerpt":"Los distintos sectores que componen el frente oficialista mantienen reuniones para definir, entre otras cosas, la constituci\u00f3n de su junta partidaria y el reglamento electoral que fijar\u00e1 pisos y porcentajes para la integraci\u00f3n de listas. El Frente de Todos (FdT) se llamar\u00e1 Uni\u00f3n por la Patria (UxP) en las pr\u00f3ximas\u2026","rel":"","context":"En \u00abPol\u00edtica\u00bb","block_context":{"text":"Pol\u00edtica","link":"http:\/\/www.24baires.com\/?cat=51"},"img":{"alt_text":"","src":"https:\/\/i0.wp.com\/www.24baires.com\/wp-content\/uploads\/2023\/06\/cfk-25-5.png?resize=350%2C200","width":350,"height":200,"srcset":"https:\/\/i0.wp.com\/www.24baires.com\/wp-content\/uploads\/2023\/06\/cfk-25-5.png?resize=350%2C200 1x, https:\/\/i0.wp.com\/www.24baires.com\/wp-content\/uploads\/2023\/06\/cfk-25-5.png?resize=525%2C300 1.5x, https:\/\/i0.wp.com\/www.24baires.com\/wp-content\/uploads\/2023\/06\/cfk-25-5.png?resize=700%2C400 2x, https:\/\/i0.wp.com\/www.24baires.com\/wp-content\/uploads\/2023\/06\/cfk-25-5.png?resize=1050%2C600 3x"},"classes":[]},{"id":72675,"url":"http:\/\/www.24baires.com\/?p=72675","url_meta":{"origin":63181,"position":1},"title":"Insaurralde: \u00abMacri quiere gobernar s\u00f3lo para los ricos\u00bb","author":"AF","date":"25\/09\/2015","format":false,"excerpt":"El intendente de Lomas de Zamora, Mart\u00edn Insaurralde, asegur\u00f3 hoy que \u201cMacri quiere gobernar s\u00f3lo para los ricos, mientras que Scioli trabaja por una Argentina para todos\u201d. En declaraciones radiales, Insaurralde indic\u00f3 que \u201cDaniel se ha preparado toda su vida para ser Presidente. Viene pensando hace mucho la Argentina del\u2026","rel":"","context":"En \u00abElecciones 2015\u00bb","block_context":{"text":"Elecciones 2015","link":"http:\/\/www.24baires.com\/?cat=74"},"img":{"alt_text":"insaurralde","src":"https:\/\/i0.wp.com\/www.24baires.com\/wp-content\/uploads\/2013\/08\/insaurralde.jpg?resize=350%2C200","width":350,"height":200,"srcset":"https:\/\/i0.wp.com\/www.24baires.com\/wp-content\/uploads\/2013\/08\/insaurralde.jpg?resize=350%2C200 1x, https:\/\/i0.wp.com\/www.24baires.com\/wp-content\/uploads\/2013\/08\/insaurralde.jpg?resize=525%2C300 1.5x"},"classes":[]},{"id":24498,"url":"http:\/\/www.24baires.com\/?p=24498","url_meta":{"origin":63181,"position":2},"title":"Para Alfons\u00edn \u201cMassa y Scioli nunca se diferenciaron del Gobierno Nacional\u201d","author":"Grupo Sierra","date":"27\/05\/2013","format":false,"excerpt":"El diputado nacional Ricardo Alfons\u00edn y referente de la UCR manifest\u00f3 su opini\u00f3n sobre el intendente de Tigre y el gobernador bonaerense. Alfons\u00edn encabez\u00f3 el tradicional Locro Radical en Mar del Plata y manifest\u00f3 que desde el espacio que integra tienen \u201clos brazos abiertos\u201d para establecer nuevas alianzas en las\u2026","rel":"","context":"En \u00abPol\u00edtica\u00bb","block_context":{"text":"Pol\u00edtica","link":"http:\/\/www.24baires.com\/?cat=51"},"img":{"alt_text":"","src":"","width":0,"height":0},"classes":[]},{"id":120226,"url":"http:\/\/www.24baires.com\/?p=120226","url_meta":{"origin":63181,"position":3},"title":"Cristina recibi\u00f3 a Scioli: \u201cA seguir trabajando, que es lo que hay que hacer\u201d","author":"AF","date":"28\/06\/2023","format":false,"excerpt":"\"Hablamos mucho, con sinceridad y con el respeto de siempre. Me transmiti\u00f3 que su vocaci\u00f3n es ayudar y colaborar como un compa\u00f1ero m\u00e1s\", asegur\u00f3 a trav\u00e9s de las redes sociales la Vicepresidenta sobre el encuentro. La Vicepresidenta Cristina Fern\u00e1ndez de Kirchner public\u00f3 en redes sociales una foto con el embajador\u2026","rel":"","context":"En \u00abPol\u00edtica\u00bb","block_context":{"text":"Pol\u00edtica","link":"http:\/\/www.24baires.com\/?cat=51"},"img":{"alt_text":"","src":"https:\/\/i0.wp.com\/www.24baires.com\/wp-content\/uploads\/2023\/06\/WhatsApp-Image-2023-06-28-at-23.30.42.jpeg?resize=350%2C200","width":350,"height":200,"srcset":"https:\/\/i0.wp.com\/www.24baires.com\/wp-content\/uploads\/2023\/06\/WhatsApp-Image-2023-06-28-at-23.30.42.jpeg?resize=350%2C200 1x, https:\/\/i0.wp.com\/www.24baires.com\/wp-content\/uploads\/2023\/06\/WhatsApp-Image-2023-06-28-at-23.30.42.jpeg?resize=525%2C300 1.5x, https:\/\/i0.wp.com\/www.24baires.com\/wp-content\/uploads\/2023\/06\/WhatsApp-Image-2023-06-28-at-23.30.42.jpeg?resize=700%2C400 2x"},"classes":[]},{"id":102717,"url":"http:\/\/www.24baires.com\/?p=102717","url_meta":{"origin":63181,"position":4},"title":"Stolbizer: \u00abLa gesti\u00f3n de Vidal es tan mala como la de Scioli\u00bb","author":"GB","date":"13\/06\/2018","format":false,"excerpt":"La l\u00edder del GEN endureci\u00f3 su discurso contra la Gobernadora y afirm\u00f3 que \"no puede mostrar avances\" en educaci\u00f3n, salud y seguridad. Margarita Stolbizer abandon\u00f3 el discurso conciliador con Mar\u00eda Eugenia Vidal y afirm\u00f3 que su gesti\u00f3n \"es tan mala\" como la de su antecesor Daniel Scioli. Durante una visita\u2026","rel":"","context":"En \u00abPol\u00edtica\u00bb","block_context":{"text":"Pol\u00edtica","link":"http:\/\/www.24baires.com\/?cat=51"},"img":{"alt_text":"","src":"https:\/\/i0.wp.com\/www.24baires.com\/wp-content\/uploads\/2016\/08\/vidal-stolbizer.jpg?resize=350%2C200","width":350,"height":200,"srcset":"https:\/\/i0.wp.com\/www.24baires.com\/wp-content\/uploads\/2016\/08\/vidal-stolbizer.jpg?resize=350%2C200 1x, https:\/\/i0.wp.com\/www.24baires.com\/wp-content\/uploads\/2016\/08\/vidal-stolbizer.jpg?resize=525%2C300 1.5x"},"classes":[]},{"id":65289,"url":"http:\/\/www.24baires.com\/?p=65289","url_meta":{"origin":63181,"position":5},"title":"\u00abNo tengo dudas de que Scioli va a ser el presidente\u00bb","author":"AF","date":"04\/05\/2015","format":false,"excerpt":"El secretario de Seguridad de la Naci\u00f3n, Sergio Berni, confi\u00f3 hoy en el triunfo de Daniel Scioli en las elecciones presidenciales de octubre, como el candidato del Frente para la Victoria (FpV), y consider\u00f3 a Sergio Massa, del Frente Renovador, un \"kirchnerista despechado\" y a Macri el reeditor \"de la\u2026","rel":"","context":"En \u00abElecciones 2015\u00bb","block_context":{"text":"Elecciones 2015","link":"http:\/\/www.24baires.com\/?cat=74"},"img":{"alt_text":"","src":"https:\/\/i0.wp.com\/www.24baires.com\/wp-content\/uploads\/2015\/05\/berni-scioli.jpg?resize=350%2C200","width":350,"height":200,"srcset":"https:\/\/i0.wp.com\/www.24baires.com\/wp-content\/uploads\/2015\/05\/berni-scioli.jpg?resize=350%2C200 1x, https:\/\/i0.wp.com\/www.24baires.com\/wp-content\/uploads\/2015\/05\/berni-scioli.jpg?resize=525%2C300 1.5x"},"classes":[]}],"jetpack_sharing_enabled":true,"jetpack_likes_enabled":true,"jetpack_featured_media_url":"","_links":{"self":[{"href":"http:\/\/www.24baires.com\/index.php?rest_route=\/wp\/v2\/posts\/63181","targetHints":{"allow":["GET"]}}],"collection":[{"href":"http:\/\/www.24baires.com\/index.php?rest_route=\/wp\/v2\/posts"}],"about":[{"href":"http:\/\/www.24baires.com\/index.php?rest_route=\/wp\/v2\/types\/post"}],"author":[{"embeddable":true,"href":"http:\/\/www.24baires.com\/index.php?rest_route=\/wp\/v2\/users\/4"}],"replies":[{"embeddable":true,"href":"http:\/\/www.24baires.com\/index.php?rest_route=%2Fwp%2Fv2%2Fcomments&post=63181"}],"version-history":[{"count":2,"href":"http:\/\/www.24baires.com\/index.php?rest_route=\/wp\/v2\/posts\/63181\/revisions"}],"predecessor-version":[{"id":63184,"href":"http:\/\/www.24baires.com\/index.php?rest_route=\/wp\/v2\/posts\/63181\/revisions\/63184"}],"wp:attachment":[{"href":"http:\/\/www.24baires.com\/index.php?rest_route=%2Fwp%2Fv2%2Fmedia&parent=63181"}],"wp:term":[{"taxonomy":"category","embeddable":true,"href":"http:\/\/www.24baires.com\/index.php?rest_route=%2Fwp%2Fv2%2Fcategories&post=63181"},{"taxonomy":"post_tag","embeddable":true,"href":"http:\/\/www.24baires.com\/index.php?rest_route=%2Fwp%2Fv2%2Ftags&post=63181"}],"curies":[{"name":"wp","href":"https:\/\/api.w.org\/{rel}","templated":true}]}}