{"id":63173,"date":"2015-03-15T20:30:04","date_gmt":"2015-03-15T23:30:04","guid":{"rendered":"http:\/\/www.24baires.com\/?p=63173"},"modified":"2015-03-15T18:15:37","modified_gmt":"2015-03-15T21:15:37","slug":"randazzo-mis-aliados-son-los-millones-de-argentinos-que-defienden-a-cristina","status":"publish","type":"post","link":"http:\/\/www.24baires.com\/?p=63173","title":{"rendered":"Randazzo: \u00abMis aliados son los millones de argentinos que defienden a Cristina\u00bb"},"content":{"rendered":"<p><a href=\"https:\/\/i0.wp.com\/www.24baires.com\/wp-content\/uploads\/2015\/03\/wpid-wp-1426451262601.jpeg\"><img data-recalc-dims=\"1\" decoding=\"async\" title=\"wp-1426451262601\" class=\"alignnone size-full\"  alt=\"image\" src=\"https:\/\/i0.wp.com\/www.24baires.com\/wp-content\/uploads\/2015\/03\/wpid-wp-1426451262601.jpeg?w=860\" \/><\/a> <\/p>\n<p>El ministro del Interior y Transporte, Florencio Randazzo, manifest\u00f3 hoy a trav\u00e9s de su cuenta en Twitter que sus adversarios son \u00abaquellos que no est\u00e9n dispuestos a sostener las banderas de este proyecto\u00bb, e inst\u00f3 a la ciudadan\u00eda a exigirle a los candidatos presidenciales \u201cdefiniciones sobre las conquistas alcanzas en los \u00faltimos a\u00f1os\u201d.<br \/>\n<!--more--><\/p>\n<p> El pre candidato a presidente del Frente para la Victoria se refiri\u00f3 as\u00ed a temas que son de inter\u00e9s nacional, expresando que sus aliados pol\u00edticos son \u00abson los millones de argentinos que defienden a Cristina y no est\u00e1n dispuestos a volver atr\u00e1s\u00bb.<\/p>\n<p>Asimismo, Randazzo identific\u00f3 entre sus adversarios a \u00abaquellos que pretendan dar marcha atr\u00e1s con la Ley de Medios\u00bb e sugiri\u00f3 interrogar a los aspirantes presidenciales sobre \u00abqu\u00e9 piensan hacer\u00bb con una norma que fue declarada constitucional por la Corte Suprema en 2013, pero a\u00fan no puede aplicarse por las presentaciones del Grupo Clar\u00edn.<\/p>\n<p>\u201cLa Ley de Medios a\u00fan espera en el Poder Judicial por su plena aplicaci\u00f3n dadas las innumerables presentaciones realizadas por el Grupo Clar\u00edn para impedir su completa vigencia\u201d, apunt\u00f3 el funcionario.<\/p>\n<p>Adem\u00e1s, el titular de la cartera de Interior y Transporte afirm\u00f3 que sus adversarios \u00abson aquellos que no est\u00e9n dispuestos a sostener las banderas de este proyecto: AUH, YPF, AA y trenes manejados por el Estado\u00bb.<\/p>\n<p>Finalmente, Randazzo expres\u00f3 que entre sus oponentes est\u00e1n quienes \u00abno tengan el coraje de ser independientes de los sectores que condicionaron a todos salvo a @CFKArgentina\u00bb.<\/p>\n","protected":false},"excerpt":{"rendered":"<p>El ministro del Interior y Transporte, Florencio Randazzo, manifest\u00f3 hoy a trav\u00e9s de su cuenta en Twitter que sus adversarios son \u00abaquellos que no est\u00e9n dispuestos a sostener las banderas de este proyecto\u00bb, e inst\u00f3 a la ciudadan\u00eda a exigirle a los candidatos presidenciales \u201cdefiniciones sobre las conquistas alcanzas en los \u00faltimos a\u00f1os\u201d.<\/p>\n","protected":false},"author":4,"featured_media":0,"comment_status":"open","ping_status":"open","sticky":false,"template":"","format":"standard","meta":{"_jetpack_newsletter_access":"","_jetpack_dont_email_post_to_subs":false,"_jetpack_newsletter_tier_id":0,"_jetpack_memberships_contains_paywalled_content":false,"_jetpack_memberships_contains_paid_content":false,"footnotes":""},"categories":[51],"tags":[],"class_list":["post-63173","post","type-post","status-publish","format-standard","hentry","category-politica"],"jetpack_shortlink":"https:\/\/wp.me\/p2JWE0-gqV","jetpack-related-posts":[{"id":112373,"url":"http:\/\/www.24baires.com\/?p=112373","url_meta":{"origin":63173,"position":0},"title":"Fern\u00e1ndez tild\u00f3 al Gobierno de \u201cmalandras\u201d: \u00abAgarran el poder y lo usan para sus negocios\u00bb","author":"AF","date":"04\/10\/2019","format":false,"excerpt":"\u00a0JUN\u00cdN - \"Vamos a cumplir con las obligaciones que nos dejan estos malandras pero antes vamos a cumplir con nuestra gente\", sostuvo el candidato a presidente en su primer acto con Randazzo, a quien consider\u00f3 \"ministeriable\". De gira en la cuarta secci\u00f3n electoral, el candidato a presidente del Frente de\u2026","rel":"","context":"En \u00abPol\u00edtica\u00bb","block_context":{"text":"Pol\u00edtica","link":"http:\/\/www.24baires.com\/?cat=51"},"img":{"alt_text":"","src":"https:\/\/i0.wp.com\/www.24baires.com\/wp-content\/uploads\/2019\/10\/fern%C3%A1ndez-jun%C3%ADn.jpg?resize=350%2C200","width":350,"height":200,"srcset":"https:\/\/i0.wp.com\/www.24baires.com\/wp-content\/uploads\/2019\/10\/fern%C3%A1ndez-jun%C3%ADn.jpg?resize=350%2C200 1x, https:\/\/i0.wp.com\/www.24baires.com\/wp-content\/uploads\/2019\/10\/fern%C3%A1ndez-jun%C3%ADn.jpg?resize=525%2C300 1.5x"},"classes":[]},{"id":108260,"url":"http:\/\/www.24baires.com\/?p=108260","url_meta":{"origin":63173,"position":1},"title":"El peronismo en Bah\u00eda Blanca espera sellar la unidad","author":"GB","date":"19\/05\/2019","format":false,"excerpt":"Federico Susbielles promueve la unidad e invita a dirimir candidaturas en una PASO que fortalezca al vencedor. En su espacio est\u00e1n convencidos que la oposici\u00f3n unida podr\u00eda derrotar a H\u00e9ctor Gay y as\u00ed aportar en un distrito clave para que el peronismo recupere la Provincia. Marcelo Feli\u00fa espera definiciones de\u2026","rel":"","context":"En \u00abMunicipios\u00bb","block_context":{"text":"Municipios","link":"http:\/\/www.24baires.com\/?cat=44"},"img":{"alt_text":"","src":"https:\/\/i0.wp.com\/www.24baires.com\/wp-content\/uploads\/2019\/05\/peronismo-bahia.jpg?resize=350%2C200","width":350,"height":200,"srcset":"https:\/\/i0.wp.com\/www.24baires.com\/wp-content\/uploads\/2019\/05\/peronismo-bahia.jpg?resize=350%2C200 1x, https:\/\/i0.wp.com\/www.24baires.com\/wp-content\/uploads\/2019\/05\/peronismo-bahia.jpg?resize=525%2C300 1.5x"},"classes":[]},{"id":64095,"url":"http:\/\/www.24baires.com\/?p=64095","url_meta":{"origin":63173,"position":2},"title":"\u00abHablar de eliminar paritarias es un claro gesto contra los trabajadores\u00bb","author":"GB","date":"10\/04\/2015","format":false,"excerpt":"El ministro del Interior y Transporte, Florencio Randazzo, sostuvo que \u201chablar de eliminar las paritarias es un claro gesto en contra de los trabajadores\u201d, quienes \u201chan podido mejorar sus condiciones laborales y sociales a partir de las pol\u00edticas implementadas por este Gobierno\u201d. Randazzo sali\u00f3 al cruce de esta manera a\u2026","rel":"","context":"En \u00abPol\u00edtica\u00bb","block_context":{"text":"Pol\u00edtica","link":"http:\/\/www.24baires.com\/?cat=51"},"img":{"alt_text":"randazzo 1","src":"https:\/\/i0.wp.com\/www.24baires.com\/wp-content\/uploads\/2014\/01\/randazzo-1.jpg?resize=350%2C200","width":350,"height":200,"srcset":"https:\/\/i0.wp.com\/www.24baires.com\/wp-content\/uploads\/2014\/01\/randazzo-1.jpg?resize=350%2C200 1x, https:\/\/i0.wp.com\/www.24baires.com\/wp-content\/uploads\/2014\/01\/randazzo-1.jpg?resize=525%2C300 1.5x"},"classes":[]},{"id":57607,"url":"http:\/\/www.24baires.com\/?p=57607","url_meta":{"origin":63173,"position":3},"title":"Randazzo: \u201cHay una Justicia funcional a la Argentina corporativa\u00bb","author":"GB","date":"24\/11\/2014","format":false,"excerpt":"El ministro del Interior y Transporte, Florencio Randazzo, sostuvo que hay sectores que \"no le van a perdonar\" a la presidenta Cristina Fern\u00e1ndez de Kirchner \"la autonom\u00eda e independencia que tuvo en estos a\u00f1os\". En una entrevista al diario La Capital de Mar del Plata, Randazzo critic\u00f3 al Poder Judicial\u2026","rel":"","context":"En \u00abPol\u00edtica\u00bb","block_context":{"text":"Pol\u00edtica","link":"http:\/\/www.24baires.com\/?cat=51"},"img":{"alt_text":"randazzo 1","src":"https:\/\/i0.wp.com\/www.24baires.com\/wp-content\/uploads\/2014\/01\/randazzo-1.jpg?resize=350%2C200","width":350,"height":200,"srcset":"https:\/\/i0.wp.com\/www.24baires.com\/wp-content\/uploads\/2014\/01\/randazzo-1.jpg?resize=350%2C200 1x, https:\/\/i0.wp.com\/www.24baires.com\/wp-content\/uploads\/2014\/01\/randazzo-1.jpg?resize=525%2C300 1.5x"},"classes":[]},{"id":94953,"url":"http:\/\/www.24baires.com\/?p=94953","url_meta":{"origin":63173,"position":4},"title":"Navarro: \u00abNo creo que Cristina sea candidata\u00bb","author":"GB","date":"02\/06\/2017","format":false,"excerpt":"Sin embargo, el referente del Movimiento Evita confes\u00f3 que \"quiero m\u00e1s a Cristina\" que al ex ministro de Interior y Transporte, Florencio Randazzo. Fernando \"Chino\" Navarro estim\u00f3 que la ex presidenta Cristina Kirchner no ser\u00e1 candidata en las pr\u00f3ximas elecciones legislativas de octubre. Pero a su vez reconoci\u00f3 que \"quiere\"\u2026","rel":"","context":"En \u00abPol\u00edtica\u00bb","block_context":{"text":"Pol\u00edtica","link":"http:\/\/www.24baires.com\/?cat=51"},"img":{"alt_text":"","src":"https:\/\/i0.wp.com\/www.24baires.com\/wp-content\/uploads\/2014\/06\/navarro.png?resize=350%2C200","width":350,"height":200},"classes":[]},{"id":63207,"url":"http:\/\/www.24baires.com\/?p=63207","url_meta":{"origin":63173,"position":5},"title":"Chino Navarro: \u00abRandazzo y Scioli no son los due\u00f1os del kirchnerismo\u00bb","author":"AF","date":"16\/03\/2015","format":false,"excerpt":"El presidente del bloque de diputados bonaerense del FPV, Fernando \u201cChino\u201d Navarro, se meti\u00f3 en la interna partidaria de cara a las elecciones primarias y les mand\u00f3 un mensaje a Florencio Randazzo y Daniel Scioli para que entiendan que \u201cno son due\u00f1os del kirchnerismo\u201d. Luego de una semana de duras\u2026","rel":"","context":"En \u00abPol\u00edtica\u00bb","block_context":{"text":"Pol\u00edtica","link":"http:\/\/www.24baires.com\/?cat=51"},"img":{"alt_text":"navarro chino","src":"https:\/\/i0.wp.com\/www.24baires.com\/wp-content\/uploads\/2013\/02\/navarro-chino.jpg?resize=350%2C200","width":350,"height":200,"srcset":"https:\/\/i0.wp.com\/www.24baires.com\/wp-content\/uploads\/2013\/02\/navarro-chino.jpg?resize=350%2C200 1x, https:\/\/i0.wp.com\/www.24baires.com\/wp-content\/uploads\/2013\/02\/navarro-chino.jpg?resize=525%2C300 1.5x"},"classes":[]}],"jetpack_sharing_enabled":true,"jetpack_likes_enabled":true,"jetpack_featured_media_url":"","_links":{"self":[{"href":"http:\/\/www.24baires.com\/index.php?rest_route=\/wp\/v2\/posts\/63173","targetHints":{"allow":["GET"]}}],"collection":[{"href":"http:\/\/www.24baires.com\/index.php?rest_route=\/wp\/v2\/posts"}],"about":[{"href":"http:\/\/www.24baires.com\/index.php?rest_route=\/wp\/v2\/types\/post"}],"author":[{"embeddable":true,"href":"http:\/\/www.24baires.com\/index.php?rest_route=\/wp\/v2\/users\/4"}],"replies":[{"embeddable":true,"href":"http:\/\/www.24baires.com\/index.php?rest_route=%2Fwp%2Fv2%2Fcomments&post=63173"}],"version-history":[{"count":1,"href":"http:\/\/www.24baires.com\/index.php?rest_route=\/wp\/v2\/posts\/63173\/revisions"}],"predecessor-version":[{"id":63176,"href":"http:\/\/www.24baires.com\/index.php?rest_route=\/wp\/v2\/posts\/63173\/revisions\/63176"}],"wp:attachment":[{"href":"http:\/\/www.24baires.com\/index.php?rest_route=%2Fwp%2Fv2%2Fmedia&parent=63173"}],"wp:term":[{"taxonomy":"category","embeddable":true,"href":"http:\/\/www.24baires.com\/index.php?rest_route=%2Fwp%2Fv2%2Fcategories&post=63173"},{"taxonomy":"post_tag","embeddable":true,"href":"http:\/\/www.24baires.com\/index.php?rest_route=%2Fwp%2Fv2%2Ftags&post=63173"}],"curies":[{"name":"wp","href":"https:\/\/api.w.org\/{rel}","templated":true}]}}