{"id":63168,"date":"2015-03-15T15:00:54","date_gmt":"2015-03-15T18:00:54","guid":{"rendered":"http:\/\/www.24baires.com\/?p=63168"},"modified":"2015-03-15T13:54:04","modified_gmt":"2015-03-15T16:54:04","slug":"carrio-acuso-a-massa-y-a-duhalde-de-mafiosos-y-antirrepublicanos","status":"publish","type":"post","link":"http:\/\/www.24baires.com\/?p=63168","title":{"rendered":"Carri\u00f3 acus\u00f3 a Massa y a Duhalde de \u201cmafiosos y antirrepublicanos\u201d"},"content":{"rendered":"<p><img data-recalc-dims=\"1\" loading=\"lazy\" decoding=\"async\" class=\"aligncenter size-full wp-image-2388\" src=\"https:\/\/i0.wp.com\/www.24baires.com\/wp-content\/uploads\/2012\/10\/carrio.jpg?resize=560%2C248\" alt=\"carrio\" width=\"560\" height=\"248\" srcset=\"https:\/\/i0.wp.com\/www.24baires.com\/wp-content\/uploads\/2012\/10\/carrio.jpg?w=560 560w, https:\/\/i0.wp.com\/www.24baires.com\/wp-content\/uploads\/2012\/10\/carrio.jpg?resize=300%2C132 300w\" sizes=\"auto, (max-width: 560px) 100vw, 560px\" \/>La diputada nacional Elisa Carri\u00f3 celebr\u00f3 la decisi\u00f3n del radicalismo de participar de una interna con el PRO y la Coalici\u00f3n C\u00edvica, y acus\u00f3 a Sergio Massa y Eduardo Duhalde de representar \u201cla gobernabilidad mafiosa y antirrepublicana\u201d.<!--more--><\/p>\n<p>\u201cGracias a los radicales que acompa\u00f1aron a Ernesto Sanz, en una estrategia nacional y republicana, que va a ganar las elecciones de octubre\u201d, son las primeras palabras del texto que difundi\u00f3 a trav\u00e9s de las redes sociales la diputada nacional Elisa Carri\u00f3.<\/p>\n<p>Seg\u00fan la titular de la Coalici\u00f3n C\u00edvica, en la Convenci\u00f3n radical realizada en Gualeguaych\u00fa, \u201cgan\u00f3 una estrategia para cambiar la Naci\u00f3n y llevarla a la Rep\u00fablica\u201d.<br \/>\nLuego, el mensaje publicado en su perfil oficial de Facebook, Carri\u00f3 traz\u00f3 un balance sobre el UNEN, al que describi\u00f3 como \u201cuna experiencia exitosa\u201d pero que \u201cno serv\u00eda para ganar la Naci\u00f3n y llevarla a la Rep\u00fablica\u201d.<\/p>\n<p>\u201cCuando Pino Solanas redujo a UNEN a los que est\u00e1bamos y rechaz\u00f3 con contundencia al PRO, hice la &#8216;gran Carri\u00f3&#8217; y me fui con mi carterita a cenar pizza, como gesto pol\u00edtico para se\u00f1alar que esa mezquindad nos llevaba de nuevo a un gobierno PJ\u201d, asegur\u00f3.<\/p>\n<p>Seg\u00fan la diputada, que disputar\u00e1 con Macri y Sanz la candidatura presidencial en las PASO, fue su acci\u00f3n la que consigui\u00f3 el \u201cgran acuerdo que hoy se cristaliza en la Convenci\u00f3n radical\u201d y que impidi\u00f3 un supuesto acuerdo entre \u201c(Julio) Cobos y Gerardo Morales que iban a una alianza con Massa y Duhalde a lo que se sumaba el viejo acuerdo de Binner con el gobierno de Cristina\u201d.<\/p>\n<p>Posteriormente, Carri\u00f3 le adjudic\u00f3 a Massa y Duhalde ser representantes de \u201cla gobernabilidad mafiosa y antirrepublicana\u201d y pidi\u00f3 por \u201cgobernabilidad republicana con una ciudadan\u00eda comprometida con la prosperidad cultural, econ\u00f3mica y social\u201d.<\/p>\n<p>&nbsp;<\/p>\n<p>&nbsp;<\/p>\n<p>&nbsp;<\/p>\n<p>&nbsp;<\/p>\n<p>&nbsp;<\/p>\n<p>&nbsp;<\/p>\n<p>&nbsp;<\/p>\n<p>&nbsp;<\/p>\n<p>&nbsp;<\/p>\n<p>&nbsp;<\/p>\n","protected":false},"excerpt":{"rendered":"<p>La diputada nacional Elisa Carri\u00f3 celebr\u00f3 la decisi\u00f3n del radicalismo de participar de una interna con el PRO y la Coalici\u00f3n C\u00edvica, y acus\u00f3 a Sergio Massa y Eduardo Duhalde de representar \u201cla gobernabilidad mafiosa y antirrepublicana\u201d.<\/p>\n","protected":false},"author":8,"featured_media":0,"comment_status":"open","ping_status":"open","sticky":false,"template":"","format":"standard","meta":{"_jetpack_newsletter_access":"","_jetpack_dont_email_post_to_subs":false,"_jetpack_newsletter_tier_id":0,"_jetpack_memberships_contains_paywalled_content":false,"_jetpack_memberships_contains_paid_content":false,"footnotes":""},"categories":[51],"tags":[],"class_list":["post-63168","post","type-post","status-publish","format-standard","hentry","category-politica"],"jetpack_shortlink":"https:\/\/wp.me\/p2JWE0-gqQ","jetpack-related-posts":[{"id":103209,"url":"http:\/\/www.24baires.com\/?p=103209","url_meta":{"origin":63168,"position":0},"title":"La UCR dispar\u00f3 contra Carri\u00f3: \u00abHoy le aporta menos a Cambiemos que las propinas que deja\u00bb","author":"AF","date":"06\/07\/2018","format":false,"excerpt":"La Uni\u00f3n C\u00edvica Radical, que comparte la Alianza Cambiemos con el PRO, emiti\u00f3 un dur\u00edsimo comunicado con la diputada Elisa Carri\u00f3. Deslizaron que la pol\u00e9mica legisladora utiliza al partido como \"proyecto personal\" y \"liderazgo mesi\u00e1nico\". La UCR le respondi\u00f3 con un comunicado a Elisa Carri\u00f3 y desde el partido, no\u2026","rel":"","context":"En \u00abPol\u00edtica\u00bb","block_context":{"text":"Pol\u00edtica","link":"http:\/\/www.24baires.com\/?cat=51"},"img":{"alt_text":"","src":"https:\/\/i0.wp.com\/www.24baires.com\/wp-content\/uploads\/2018\/07\/carri%C3%B3.jpg?resize=350%2C200","width":350,"height":200,"srcset":"https:\/\/i0.wp.com\/www.24baires.com\/wp-content\/uploads\/2018\/07\/carri%C3%B3.jpg?resize=350%2C200 1x, https:\/\/i0.wp.com\/www.24baires.com\/wp-content\/uploads\/2018\/07\/carri%C3%B3.jpg?resize=525%2C300 1.5x"},"classes":[]},{"id":104815,"url":"http:\/\/www.24baires.com\/?p=104815","url_meta":{"origin":63168,"position":1},"title":"Carri\u00f3: \u00abPerd\u00ed la confianza en el Presidente\u00bb","author":"AF","date":"07\/10\/2018","format":false,"excerpt":"La principal socia pol\u00edtica de la alianza gobernante le apunt\u00f3 por primera vez al presidente Mauricio Macri. Luego de sus cruces con el ministro de Justicia, Germ\u00e1n Garavano, y su enojo por la salida de la AFIP de tres funcionarios que ten\u00edan su \"apoyo\", la l\u00edder de la Coalici\u00f3n C\u00edvica\u2026","rel":"","context":"En \u00abPol\u00edtica\u00bb","block_context":{"text":"Pol\u00edtica","link":"http:\/\/www.24baires.com\/?cat=51"},"img":{"alt_text":"","src":"https:\/\/i0.wp.com\/www.24baires.com\/wp-content\/uploads\/2018\/07\/carri%C3%B3.jpg?resize=350%2C200","width":350,"height":200,"srcset":"https:\/\/i0.wp.com\/www.24baires.com\/wp-content\/uploads\/2018\/07\/carri%C3%B3.jpg?resize=350%2C200 1x, https:\/\/i0.wp.com\/www.24baires.com\/wp-content\/uploads\/2018\/07\/carri%C3%B3.jpg?resize=525%2C300 1.5x"},"classes":[]},{"id":104953,"url":"http:\/\/www.24baires.com\/?p=104953","url_meta":{"origin":63168,"position":2},"title":"Carri\u00f3 pidi\u00f3 el juicio pol\u00edtico contra el ministro Garavano","author":"AF","date":"16\/10\/2018","format":false,"excerpt":"La l\u00edder de la Coalici\u00f3n C\u00edvica hizo este martes la presentaci\u00f3n formal en la C\u00e1mara de Diputados por \"mal desempe\u00f1o de sus funciones\". La diputada Elisa Carri\u00f3 present\u00f3 este martes en la C\u00e1mara de Diputados el pedido de juicio pol\u00edtico contra el ministro de Justicia, Germ\u00e1n Garavano, por \"mal desempe\u00f1o\u2026","rel":"","context":"En \u00abPol\u00edtica\u00bb","block_context":{"text":"Pol\u00edtica","link":"http:\/\/www.24baires.com\/?cat=51"},"img":{"alt_text":"","src":"https:\/\/i0.wp.com\/www.24baires.com\/wp-content\/uploads\/2013\/12\/carri%C3%B3.jpg?resize=350%2C200","width":350,"height":200,"srcset":"https:\/\/i0.wp.com\/www.24baires.com\/wp-content\/uploads\/2013\/12\/carri%C3%B3.jpg?resize=350%2C200 1x, https:\/\/i0.wp.com\/www.24baires.com\/wp-content\/uploads\/2013\/12\/carri%C3%B3.jpg?resize=525%2C300 1.5x"},"classes":[]},{"id":104285,"url":"http:\/\/www.24baires.com\/?p=104285","url_meta":{"origin":63168,"position":3},"title":"La Convenci\u00f3n de la UCR destroz\u00f3 a Carri\u00f3 y la trat\u00f3 de \u00abpsic\u00f3pata\u00bb","author":"AF","date":"04\/09\/2018","format":false,"excerpt":"Adem\u00e1s repudiaron sus palabras contra Ra\u00fal Alfons\u00edn, quien acus\u00f3 al ex presidente de propiciar la ca\u00edda de De La R\u00faa, luego de que este decretara el Estado de Sitio. Dijeron que la pol\u00e9mica legisladora \"puede mentir constantemente para provecho propio\". La Convenci\u00f3n de la Uni\u00f3n Civ\u00edca Radical acus\u00f3 a la\u2026","rel":"","context":"En \u00abPol\u00edtica\u00bb","block_context":{"text":"Pol\u00edtica","link":"http:\/\/www.24baires.com\/?cat=51"},"img":{"alt_text":"","src":"https:\/\/i0.wp.com\/www.24baires.com\/wp-content\/uploads\/2014\/04\/carri%C3%B3.jpg?resize=350%2C200","width":350,"height":200,"srcset":"https:\/\/i0.wp.com\/www.24baires.com\/wp-content\/uploads\/2014\/04\/carri%C3%B3.jpg?resize=350%2C200 1x, https:\/\/i0.wp.com\/www.24baires.com\/wp-content\/uploads\/2014\/04\/carri%C3%B3.jpg?resize=525%2C300 1.5x"},"classes":[]},{"id":23443,"url":"http:\/\/www.24baires.com\/?p=23443","url_meta":{"origin":63168,"position":4},"title":"\u00abA m\u00ed el Gobierno nunca me viol\u00f3\u00bb, dispar\u00f3 Carri\u00f3","author":"AF","date":"13\/05\/2013","format":false,"excerpt":"La diputada embisti\u00f3 contra toda la dirigencia pol\u00edtica y la Corte. Critic\u00f3 a los legisladores Alfonso Prat Gay y Ricardo Gil Lavedra porque \"acompa\u00f1aron al gobierno en la reforma de la comisi\u00f3n nacional de valores\u201d. \u201cA ellos los violaron\", lanz\u00f3. Elisa Carri\u00f3 renov\u00f3 sus cr\u00edticas a Ricardo Lorenzetti por no\u2026","rel":"","context":"En \u00abPol\u00edtica\u00bb","block_context":{"text":"Pol\u00edtica","link":"http:\/\/www.24baires.com\/?cat=51"},"img":{"alt_text":"","src":"","width":0,"height":0},"classes":[]},{"id":104780,"url":"http:\/\/www.24baires.com\/?p=104780","url_meta":{"origin":63168,"position":5},"title":"Carri\u00f3 estall\u00f3 por la absoluci\u00f3n de Menem","author":"AF","date":"04\/10\/2018","format":false,"excerpt":"Luego de que el ex presidente saliera absuelto de la causa por tr\u00e1fico de armas a Ecuador y Croacia, la diputada habl\u00f3 de su presunta proscripci\u00f3n en una comisi\u00f3n bicameral. La diputada de Cambiemos Elisa Carri\u00f3 critic\u00f3 la absoluci\u00f3n del ex presidente Carlos Menem en la causa por el tr\u00e1fico\u2026","rel":"","context":"En \u00abPol\u00edtica\u00bb","block_context":{"text":"Pol\u00edtica","link":"http:\/\/www.24baires.com\/?cat=51"},"img":{"alt_text":"","src":"https:\/\/i0.wp.com\/www.24baires.com\/wp-content\/uploads\/2018\/07\/carri%C3%B3.jpg?resize=350%2C200","width":350,"height":200,"srcset":"https:\/\/i0.wp.com\/www.24baires.com\/wp-content\/uploads\/2018\/07\/carri%C3%B3.jpg?resize=350%2C200 1x, https:\/\/i0.wp.com\/www.24baires.com\/wp-content\/uploads\/2018\/07\/carri%C3%B3.jpg?resize=525%2C300 1.5x"},"classes":[]}],"jetpack_sharing_enabled":true,"jetpack_likes_enabled":true,"jetpack_featured_media_url":"","_links":{"self":[{"href":"http:\/\/www.24baires.com\/index.php?rest_route=\/wp\/v2\/posts\/63168","targetHints":{"allow":["GET"]}}],"collection":[{"href":"http:\/\/www.24baires.com\/index.php?rest_route=\/wp\/v2\/posts"}],"about":[{"href":"http:\/\/www.24baires.com\/index.php?rest_route=\/wp\/v2\/types\/post"}],"author":[{"embeddable":true,"href":"http:\/\/www.24baires.com\/index.php?rest_route=\/wp\/v2\/users\/8"}],"replies":[{"embeddable":true,"href":"http:\/\/www.24baires.com\/index.php?rest_route=%2Fwp%2Fv2%2Fcomments&post=63168"}],"version-history":[{"count":1,"href":"http:\/\/www.24baires.com\/index.php?rest_route=\/wp\/v2\/posts\/63168\/revisions"}],"predecessor-version":[{"id":63169,"href":"http:\/\/www.24baires.com\/index.php?rest_route=\/wp\/v2\/posts\/63168\/revisions\/63169"}],"wp:attachment":[{"href":"http:\/\/www.24baires.com\/index.php?rest_route=%2Fwp%2Fv2%2Fmedia&parent=63168"}],"wp:term":[{"taxonomy":"category","embeddable":true,"href":"http:\/\/www.24baires.com\/index.php?rest_route=%2Fwp%2Fv2%2Fcategories&post=63168"},{"taxonomy":"post_tag","embeddable":true,"href":"http:\/\/www.24baires.com\/index.php?rest_route=%2Fwp%2Fv2%2Ftags&post=63168"}],"curies":[{"name":"wp","href":"https:\/\/api.w.org\/{rel}","templated":true}]}}