{"id":63151,"date":"2015-03-15T10:30:33","date_gmt":"2015-03-15T13:30:33","guid":{"rendered":"http:\/\/www.24baires.com\/?p=63151"},"modified":"2015-03-15T10:52:04","modified_gmt":"2015-03-15T13:52:04","slug":"sanz-impuso-su-postura-y-la-ucr-sello-una-alianza-con-el-pro","status":"publish","type":"post","link":"http:\/\/www.24baires.com\/?p=63151","title":{"rendered":"Sanz impuso su postura y la UCR sell\u00f3 una alianza con el Pro"},"content":{"rendered":"<p><img data-recalc-dims=\"1\" loading=\"lazy\" decoding=\"async\" class=\"aligncenter size-full wp-image-63152\" src=\"https:\/\/i0.wp.com\/www.24baires.com\/wp-content\/uploads\/2015\/03\/sansz.jpg?resize=500%2C300\" alt=\"sansz\" width=\"500\" height=\"300\" srcset=\"https:\/\/i0.wp.com\/www.24baires.com\/wp-content\/uploads\/2015\/03\/sansz.jpg?w=500 500w, https:\/\/i0.wp.com\/www.24baires.com\/wp-content\/uploads\/2015\/03\/sansz.jpg?resize=300%2C180 300w\" sizes=\"auto, (max-width: 500px) 100vw, 500px\" \/>Tras una larga jornada en Convenci\u00f3n partidaria desarrollada en Gualeguaych\u00fa, el marco de alianzas impulsado por el titular del radicalismo obtuvo el respaldo de 186 delegados, sobre un total de 330 de todo el pa\u00eds.<!--more--><\/p>\n<p>El radicalismo finalmente decidi\u00f3 esta madrugada sellar un pacto con la Coalici\u00f3n C\u00edvica-ARI y el PRO de Mauricio Macri, con Ernesto Sanz como precandidato presidencial, tras una marat\u00f3nica Convenci\u00f3n Nacional partidaria desarrollada en Gualeguaych\u00fa, donde el marco de alianzas impulsado por el titular del radicalismo obtuvo el respaldo de 186 delegados, sobre un total de 330 de todo el pa\u00eds.<\/p>\n<p>Tras el extenso debate, y con el resultado sellado, Sanz se retir\u00f3 del teatro de la ciudad entrerriana en la que se deliber\u00f3 con una fuerte custodia policial, mientras decenas de militantes de la Juventud Radical le destinaban insultos en rechazo a su postura y por haber \u00abentregado el radicalismo a la derecha\u00bb.<\/p>\n<p>Si bien las deliberaciones se prolongaron por casi 13 horas, el resultado final se vislumbraba desde mucho m\u00e1s temprano, dado que Sanz logr\u00f3 imponer sus posturas por sobre las del diputado nacional Julio Cobos en las primeras votaciones de la convenci\u00f3n, en la que ambos dirigentes llegaban para dirimir fuerzas y as\u00ed para definir la estrategia nacional electoral del radicalismo y el candidato presidencial de cara a las primarias de agosto.<\/p>\n<p>En medio de un debate por momentos caliente y cargado de &#8216;chicanas&#8217;, la primera compulsa se produjo en torno al intento de impugnaci\u00f3n, promovido por el sector que apoyaba las posturas de Cobos, a una convencional de Corrientes.<\/p>\n<p>Cobos, apoyado por el senador Gerardo Morales y el diputado Ricardo Alfons\u00edn, obtuvo 114 votos, mientras que la postura contraria, sostenida por quienes respaldaron a Sanz, alcanz\u00f3 los 188 sufragios, lo que marc\u00f3 la correlaci\u00f3n de fuerzas en el encuentro desarrollado en el Teatro Gualeguaych\u00fa, que cont\u00f3 con la presencia de 330 convencionales de todo el pa\u00eds sobre un total de 337.<\/p>\n<p>En este c\u00f3nclave que se inici\u00f3 a las 16.20 del s\u00e1bado y culmin\u00f3 pasadas las 5 de hoy, finalmente triunf\u00f3 la postura del titular del partido en su estrategia de confluir con el PRO y la Coalici\u00f3n C\u00edvica-ARI (CC-ARI) para las primarias de agosto, dejando atr\u00e1s las expectativas de Cobos, quien apostaba a fortalecer la \u00abidentidad\u00bb del radicalismo en un marco de alianzas \u00abamplio\u00bb que incluyera tambien al massismo, al socialismo y al GEN, aliados de la UCR en el casi extinto Frente Amplio Unen (FAU).<\/p>\n<p>Con los primeros n\u00fameros a su favor, Sanz sali\u00f3 al escenario y dio un encendido discurso en el que volvi\u00f3 a defender su postura de sellar un acuerdo electoral con la CC-ARI y el PRO, de cara a octubre, \u201dpara que el republicanismo democr\u00e1tico derrote al populismo autoritario\u201d, al tiempo que rechaz\u00f3 la idea de un \u201cacuerdo amplio\u201d que incluya al Frente Renovador (FR) de Sergio Masa.<\/p>\n<p>\u201cLa Argentina necesita m\u00e1s que nunca de la Uni\u00f3n C\u00edvica Radical, porque tenemos una oportunidad \u00fanica para que el republicanismo democr\u00e1tico derrote al populismo autoritario y regrese al poder\u201d, areng\u00f3 Sanz a los convencionales, bajo la atenta mirada del ex vicepresidente que lo escuchaba desde la primera fila junto a Morales.<\/p>\n<p>El senador nacional remarc\u00f3 la necesidad de que la Convenci\u00f3n defina una \u201cposici\u00f3n clara\u201d y exhort\u00f3 a los delegados de todo el pa\u00eds a que acompa\u00f1aran su propuesta. \u00abSi no hacemos lo que tenemos que hacer, es posible que el lunes volvamos a ser una fuerza irrelevante\u201d, vaticin\u00f3.<\/p>\n<p>En otro tramo de su discurso, Sanz contest\u00f3 una a una las cr\u00edticas de sus adversarios, encabezados por Cobos, quien acus\u00f3 al titular de la UCR de conducir al partido a la derecha, entreg\u00e1ndolo \u201cllave en mano al PRO\u201d, y de pretender convertirse en el candidato a vicepresidente de Mauricio Macri.<\/p>\n<p>\u201cHoy vamos a votar un candidato a Presidente\u201d, asever\u00f3, algo que se hab\u00eda puesto en duda a lo largo de la jornada. \u201cNunca tuve un proyecto vicepresidencial\u201d, aclar\u00f3.<\/p>\n<p>El senador agreg\u00f3 que a la UCR \u201cnadie la va a llevar de las narices a la derecha\u201d y puso como garant\u00eda de eso la presencia parlamentaria del partido, al tiempo que rechaz\u00f3 de plano la inclusi\u00f3n de Massa en un frente opositor: \u201cLa sociedad no va a entender que la salida al kirchnerismo puede ser liderada por alguien que viene del kirchnerismo\u201d, argument\u00f3.<\/p>\n<p>Morales, a su turno, reivindic\u00f3 la idea de un \u201cacuerdo amplio\u201d que incluya al massismo, privilegiando al socialismo y al Gen, a los que defini\u00f3 como \u201caliados hist\u00f3ricos. No nos coloquen un cors\u00e9 que ponga en riesgo la posibilidad de ganar seis u ocho gobernaciones que ser\u00e1n la expresi\u00f3n de la territorialidad de la UCR\u00bb, apunt\u00f3.<\/p>\n<p>El senador juje\u00f1o y otros candidatos a gobernadores como Jos\u00e9 Cano (Tucum\u00e1n)) y Luis Niadenoff (Formosa), ven peligrar sus acuerdos con Massa en caso de que la convenci\u00f3n opte por un acuerdo acotado al PRO y la CC-ARI.<\/p>\n<p>\u201cMe niego a tener que aceptar otras fuerzas pol\u00edticas que no nos respetan\u201d, dijo Morales en alusi\u00f3n al rechazo de Macri y Carri\u00f3 a confluir con Massa en las Paso de agosto pr\u00f3ximo, al tiempo que pidi\u00f3 que en el partido se de \u201cun debate ideol\u00f3gico. Es mentira que Macri no quiera reprivatizar YPF\u201d, advirti\u00f3.<\/p>\n<p>Moderado, Cobos pidi\u00f3 que la Convenci\u00f3n defina en una sola votaci\u00f3n el marco de alianzas y si ser\u00e1 \u00e9l o Sanz quien represente al partido en las primarias de agosto, al tiempo que reiter\u00f3 su rechazo a un acuerdo con el PRO.<\/p>\n<p>\u201cNosotros no queremos adherir a otros espacios. Pretendemos convocar a otras fuerzas y que nadie nos ponga condiciones\u201d, sostuvo.<\/p>\n<p>Pasadas las 5, lleg\u00f3 la votaci\u00f3n final que le otorg\u00f3 una c\u00f3moda diferencia a Sanz, quien consigui\u00f3 el apoyo de 37 congresales de la provincia de Buenos Aires, sobre un total de 73, adem\u00e1s del mayoritario apoyo de los mendocinos, su provincia.<\/p>\n<p>&nbsp;<\/p>\n<p>&nbsp;<\/p>\n<p>&nbsp;<\/p>\n<p>&nbsp;<\/p>\n<p>&nbsp;<\/p>\n<p>&nbsp;<\/p>\n<p>&nbsp;<\/p>\n<p>&nbsp;<\/p>\n<p>&nbsp;<\/p>\n<p>&nbsp;<\/p>\n<p>&nbsp;<\/p>\n<p>&nbsp;<\/p>\n<p>&nbsp;<\/p>\n<p>&nbsp;<\/p>\n","protected":false},"excerpt":{"rendered":"<p>Tras una larga jornada en Convenci\u00f3n partidaria desarrollada en Gualeguaych\u00fa, el marco de alianzas impulsado por el titular del radicalismo obtuvo el respaldo de 186 delegados, sobre un total de 330 de todo el pa\u00eds.<\/p>\n","protected":false},"author":8,"featured_media":0,"comment_status":"open","ping_status":"open","sticky":false,"template":"","format":"standard","meta":{"_jetpack_newsletter_access":"","_jetpack_dont_email_post_to_subs":false,"_jetpack_newsletter_tier_id":0,"_jetpack_memberships_contains_paywalled_content":false,"_jetpack_memberships_contains_paid_content":false,"footnotes":""},"categories":[51],"tags":[],"class_list":["post-63151","post","type-post","status-publish","format-standard","hentry","category-politica"],"jetpack_shortlink":"https:\/\/wp.me\/p2JWE0-gqz","jetpack-related-posts":[{"id":63225,"url":"http:\/\/www.24baires.com\/?p=63225","url_meta":{"origin":63151,"position":0},"title":"Scioli pidi\u00f3 uni\u00f3n en el kirchnerismo ante la alianza PRO-UCR","author":"GB","date":"16\/03\/2015","format":false,"excerpt":"El gobernador bonaerense asegur\u00f3 en un acto en Escobar que \"si todos buscan unirse contra nosotros, lo menos que tenemos que hacer es unirnos todos y estar a favor\". En su discurso en el Jard\u00edn n\u00famero 929 de Escobar, Scioli volvi\u00f3 a defender las pol\u00edticas del oficialismo en los \u00faltimos\u2026","rel":"","context":"En \u00abPol\u00edtica\u00bb","block_context":{"text":"Pol\u00edtica","link":"http:\/\/www.24baires.com\/?cat=51"},"img":{"alt_text":"scioli 1","src":"https:\/\/i0.wp.com\/www.24baires.com\/wp-content\/uploads\/2015\/01\/scioli-1.jpg?resize=350%2C200","width":350,"height":200,"srcset":"https:\/\/i0.wp.com\/www.24baires.com\/wp-content\/uploads\/2015\/01\/scioli-1.jpg?resize=350%2C200 1x, https:\/\/i0.wp.com\/www.24baires.com\/wp-content\/uploads\/2015\/01\/scioli-1.jpg?resize=525%2C300 1.5x"},"classes":[]},{"id":62773,"url":"http:\/\/www.24baires.com\/?p=62773","url_meta":{"origin":63151,"position":1},"title":"Los radicales bonaerenses debaten su futuro en Arrecifes","author":"Grupo Sierra","date":"07\/03\/2015","format":false,"excerpt":"La Convenci\u00f3n de la UCR bonaerense se reunir\u00e1 hoy para establecer el marco de alianzas del partido en la mayor provincia del pa\u00eds, en medio de fricciones internas por la estrategia nacional que tendr\u00e1n los radicales de cara a las primarias generales de agosto. Los bonaerenses deliberar\u00e1n en el Club\u2026","rel":"","context":"En \u00abPol\u00edtica\u00bb","block_context":{"text":"Pol\u00edtica","link":"http:\/\/www.24baires.com\/?cat=51"},"img":{"alt_text":"cobos sanz ucr","src":"https:\/\/i0.wp.com\/www.24baires.com\/wp-content\/uploads\/2014\/05\/cobos-sanz-ucr.jpg?resize=350%2C200","width":350,"height":200,"srcset":"https:\/\/i0.wp.com\/www.24baires.com\/wp-content\/uploads\/2014\/05\/cobos-sanz-ucr.jpg?resize=350%2C200 1x, https:\/\/i0.wp.com\/www.24baires.com\/wp-content\/uploads\/2014\/05\/cobos-sanz-ucr.jpg?resize=525%2C300 1.5x"},"classes":[]},{"id":63972,"url":"http:\/\/www.24baires.com\/?p=63972","url_meta":{"origin":63151,"position":2},"title":"En cada distrito, la UCR podr\u00e1 hacer alianzas con otras fuerzas","author":"GB","date":"07\/04\/2015","format":false,"excerpt":"Sanz se reuni\u00f3 con los dirigentes radicales cr\u00edticos del acuerdo a nivel nacional alcanzado con el PRO y les garantiz\u00f3 la posibilidad de trabar alianzas a nivel distrital con otras fuerzas. Tras reunirse con dirigentes radicales descontentos con el pacto que a nivel nacional que esa fuerza cerr\u00f3 con el\u2026","rel":"","context":"En \u00abElecciones 2015\u00bb","block_context":{"text":"Elecciones 2015","link":"http:\/\/www.24baires.com\/?cat=74"},"img":{"alt_text":"sanz ernesto","src":"https:\/\/i0.wp.com\/www.24baires.com\/wp-content\/uploads\/2013\/04\/sanz-ernesto.jpg?resize=350%2C200","width":350,"height":200,"srcset":"https:\/\/i0.wp.com\/www.24baires.com\/wp-content\/uploads\/2013\/04\/sanz-ernesto.jpg?resize=350%2C200 1x, https:\/\/i0.wp.com\/www.24baires.com\/wp-content\/uploads\/2013\/04\/sanz-ernesto.jpg?resize=525%2C300 1.5x"},"classes":[]},{"id":63171,"url":"http:\/\/www.24baires.com\/?p=63171","url_meta":{"origin":63151,"position":3},"title":"Sanz se retir\u00f3 con custodia policial de la Convenci\u00f3n Radical","author":"AF","date":"15\/03\/2015","format":false,"excerpt":"El presidente de la Uni\u00f3n C\u00edvica Radical, Ernesto Sanz, debi\u00f3 retirarse de la Convenci\u00f3n partidaria que sesion\u00f3 en Gualeguaych\u00fa, con una fuerte custodia policial y en medio de incidentes generados por el rechazo a la aprobaci\u00f3n de un acuerdo entre la UCR y el PRO. Pasada las cinco de la\u2026","rel":"","context":"En \u00abLocales\u00bb","block_context":{"text":"Locales","link":"http:\/\/www.24baires.com\/?cat=38"},"img":{"alt_text":"","src":"","width":0,"height":0},"classes":[]},{"id":62906,"url":"http:\/\/www.24baires.com\/?p=62906","url_meta":{"origin":63151,"position":4},"title":"Sanz se acerca m\u00e1s al PRO pero Cobos rechaza la propuesta","author":"Grupo Sierra","date":"09\/03\/2015","format":false,"excerpt":"Ernesto Sanz redobl\u00f3 su apuesta hacia un acuerdo con el PRO para las presidenciales de octubre y presionar\u00e1 al \u00f3rgano partidario para que defina en primer t\u00e9rmino la pol\u00edtica de alianzas de la UCR, en la Convenci\u00f3n Nacional del fin de semana pr\u00f3ximo en Gualeguaych\u00fa. Desde el cobismo, el diputado\u2026","rel":"","context":"En \u00abElecciones 2015\u00bb","block_context":{"text":"Elecciones 2015","link":"http:\/\/www.24baires.com\/?cat=74"},"img":{"alt_text":"cobos sanz ucr","src":"https:\/\/i0.wp.com\/www.24baires.com\/wp-content\/uploads\/2014\/05\/cobos-sanz-ucr.jpg?resize=350%2C200","width":350,"height":200,"srcset":"https:\/\/i0.wp.com\/www.24baires.com\/wp-content\/uploads\/2014\/05\/cobos-sanz-ucr.jpg?resize=350%2C200 1x, https:\/\/i0.wp.com\/www.24baires.com\/wp-content\/uploads\/2014\/05\/cobos-sanz-ucr.jpg?resize=525%2C300 1.5x"},"classes":[]},{"id":63148,"url":"http:\/\/www.24baires.com\/?p=63148","url_meta":{"origin":63151,"position":5},"title":"Convenci\u00f3n de la UCR: Sanz vencer\u00eda a Cobos","author":"AF","date":"14\/03\/2015","format":false,"excerpt":"El titular del comit\u00e9 nacional de la UCR, Ernesto Sanz, logr\u00f3 imponer sus posturas por sobre las del diputado nacional Julio Cobos en las primeras votaciones que se desarrollaron en la convenci\u00f3n nacional partidaria, por lo que les permiti\u00f3 a ambos dirigentes medir el nivel de fuerzas con el que\u2026","rel":"","context":"En \u00abPol\u00edtica\u00bb","block_context":{"text":"Pol\u00edtica","link":"http:\/\/www.24baires.com\/?cat=51"},"img":{"alt_text":"convenci\u00f3n radical","src":"https:\/\/i0.wp.com\/www.24baires.com\/wp-content\/uploads\/2015\/03\/convenci%C3%B3n-radical.jpg?resize=350%2C200","width":350,"height":200},"classes":[]}],"jetpack_sharing_enabled":true,"jetpack_likes_enabled":true,"jetpack_featured_media_url":"","_links":{"self":[{"href":"http:\/\/www.24baires.com\/index.php?rest_route=\/wp\/v2\/posts\/63151","targetHints":{"allow":["GET"]}}],"collection":[{"href":"http:\/\/www.24baires.com\/index.php?rest_route=\/wp\/v2\/posts"}],"about":[{"href":"http:\/\/www.24baires.com\/index.php?rest_route=\/wp\/v2\/types\/post"}],"author":[{"embeddable":true,"href":"http:\/\/www.24baires.com\/index.php?rest_route=\/wp\/v2\/users\/8"}],"replies":[{"embeddable":true,"href":"http:\/\/www.24baires.com\/index.php?rest_route=%2Fwp%2Fv2%2Fcomments&post=63151"}],"version-history":[{"count":1,"href":"http:\/\/www.24baires.com\/index.php?rest_route=\/wp\/v2\/posts\/63151\/revisions"}],"predecessor-version":[{"id":63153,"href":"http:\/\/www.24baires.com\/index.php?rest_route=\/wp\/v2\/posts\/63151\/revisions\/63153"}],"wp:attachment":[{"href":"http:\/\/www.24baires.com\/index.php?rest_route=%2Fwp%2Fv2%2Fmedia&parent=63151"}],"wp:term":[{"taxonomy":"category","embeddable":true,"href":"http:\/\/www.24baires.com\/index.php?rest_route=%2Fwp%2Fv2%2Fcategories&post=63151"},{"taxonomy":"post_tag","embeddable":true,"href":"http:\/\/www.24baires.com\/index.php?rest_route=%2Fwp%2Fv2%2Ftags&post=63151"}],"curies":[{"name":"wp","href":"https:\/\/api.w.org\/{rel}","templated":true}]}}