{"id":63148,"date":"2015-03-14T21:30:21","date_gmt":"2015-03-15T00:30:21","guid":{"rendered":"http:\/\/www.24baires.com\/?p=63148"},"modified":"2015-03-14T21:09:48","modified_gmt":"2015-03-15T00:09:48","slug":"convencion-de-la-ucr-sanz-venceria-a-cobos","status":"publish","type":"post","link":"http:\/\/www.24baires.com\/?p=63148","title":{"rendered":"Convenci\u00f3n de la UCR: Sanz vencer\u00eda a Cobos"},"content":{"rendered":"<p><img data-recalc-dims=\"1\" loading=\"lazy\" decoding=\"async\" src=\"https:\/\/i0.wp.com\/www.24baires.com\/wp-content\/uploads\/2015\/03\/convenci%C3%B3n-radical.jpg?resize=260%2C173\" alt=\"convenci\u00f3n radical\" width=\"260\" height=\"173\" class=\"alignleft size-full wp-image-63149\" \/>El titular del comit\u00e9 nacional de la UCR, Ernesto Sanz, logr\u00f3 imponer sus posturas por sobre las del diputado nacional Julio Cobos en las primeras votaciones que se desarrollaron en la convenci\u00f3n nacional partidaria, por lo que les permiti\u00f3 a ambos dirigentes medir el nivel de fuerzas con el que llegar\u00e1n al final de la jornada, en la cual se definir\u00e1 la estrategia nacional electoral del radicalismo.<!--more--><\/p>\n<p>La primera medici\u00f3n de fuerzas se produjo en torno al intento de impugnaci\u00f3n, promovido por el sector que apoya las posturas de Cobos, a una convencional de Corrientes.<\/p>\n<p>Apoyado por el senador Gerardo Morales y el diputado Ricardo Alfons\u00edn obtuvo 114 votos mientras que la postura contraria, sostenida por los convencionales que respladan a Sanz, obtuvo 188 votos.<\/p>\n<p>En este c\u00f3nclave, que se prev\u00e9 que puede durar hasta \u00faltima hora del s\u00e1bado, se definir\u00e1 si finalmente triunfar\u00e1 la postura del titular del partido en su estrategia de confluir con el PRO y la Coalici\u00f3n C\u00edvica-ARI (CC-ARI) para las primarias de agosto, o la de Cobos, quien apuesta a fortalecer la \u00abidentidad\u00bb del radicalismo en un marco de alianzas \u00abamplio\u00bb, que incluya al massismo, al socialismo y al GEN, aliados de la UCR en el casi extinto Frente Amplio Unen (FAU).<\/p>\n<p>En este c\u00f3nclave, que se prev\u00e9 que puede durar hasta \u00faltima hora del s\u00e1bado, se definir\u00e1 si finalmente triunfar\u00e1 la postura del titular del partido, el senador mendocino Ernesto Sanz, en su estrategia de confluir con el PRO y la Coalici\u00f3n C\u00edvica-ARI (CC-ARI) para las primarias de agosto, o la de Julio Cobos, quien apuesta a fortalecer la \u00abidentidad\u00bb del radicalismo en un marco de alianzas \u00abamplio\u00bb, que incluya al massismo, al socialismo y al GEN, aliados de la UCR en el casi extinto Frente Amplio Unen (FAU).<\/p>\n","protected":false},"excerpt":{"rendered":"<p>El titular del comit\u00e9 nacional de la UCR, Ernesto Sanz, logr\u00f3 imponer sus posturas por sobre las del diputado nacional Julio Cobos en las primeras votaciones que se desarrollaron en la convenci\u00f3n nacional partidaria, por lo que les permiti\u00f3 a ambos dirigentes medir el nivel de fuerzas con el que llegar\u00e1n al final de la jornada, en la cual se [&#8230;]<\/p>\n","protected":false},"author":4,"featured_media":0,"comment_status":"open","ping_status":"open","sticky":false,"template":"","format":"standard","meta":{"_jetpack_newsletter_access":"","_jetpack_dont_email_post_to_subs":false,"_jetpack_newsletter_tier_id":0,"_jetpack_memberships_contains_paywalled_content":false,"_jetpack_memberships_contains_paid_content":false,"footnotes":""},"categories":[51],"tags":[],"class_list":["post-63148","post","type-post","status-publish","format-standard","hentry","category-politica"],"jetpack_shortlink":"https:\/\/wp.me\/p2JWE0-gqw","jetpack-related-posts":[{"id":63151,"url":"http:\/\/www.24baires.com\/?p=63151","url_meta":{"origin":63148,"position":0},"title":"Sanz impuso su postura y la UCR sell\u00f3 una alianza con el Pro","author":"GB","date":"15\/03\/2015","format":false,"excerpt":"Tras una larga jornada en Convenci\u00f3n partidaria desarrollada en Gualeguaych\u00fa, el marco de alianzas impulsado por el titular del radicalismo obtuvo el respaldo de 186 delegados, sobre un total de 330 de todo el pa\u00eds. El radicalismo finalmente decidi\u00f3 esta madrugada sellar un pacto con la Coalici\u00f3n C\u00edvica-ARI y el\u2026","rel":"","context":"En \u00abPol\u00edtica\u00bb","block_context":{"text":"Pol\u00edtica","link":"http:\/\/www.24baires.com\/?cat=51"},"img":{"alt_text":"","src":"https:\/\/i0.wp.com\/www.24baires.com\/wp-content\/uploads\/2015\/03\/sansz.jpg?resize=350%2C200","width":350,"height":200},"classes":[]},{"id":62906,"url":"http:\/\/www.24baires.com\/?p=62906","url_meta":{"origin":63148,"position":1},"title":"Sanz se acerca m\u00e1s al PRO pero Cobos rechaza la propuesta","author":"Grupo Sierra","date":"09\/03\/2015","format":false,"excerpt":"Ernesto Sanz redobl\u00f3 su apuesta hacia un acuerdo con el PRO para las presidenciales de octubre y presionar\u00e1 al \u00f3rgano partidario para que defina en primer t\u00e9rmino la pol\u00edtica de alianzas de la UCR, en la Convenci\u00f3n Nacional del fin de semana pr\u00f3ximo en Gualeguaych\u00fa. Desde el cobismo, el diputado\u2026","rel":"","context":"En \u00abElecciones 2015\u00bb","block_context":{"text":"Elecciones 2015","link":"http:\/\/www.24baires.com\/?cat=74"},"img":{"alt_text":"cobos sanz ucr","src":"https:\/\/i0.wp.com\/www.24baires.com\/wp-content\/uploads\/2014\/05\/cobos-sanz-ucr.jpg?resize=350%2C200","width":350,"height":200,"srcset":"https:\/\/i0.wp.com\/www.24baires.com\/wp-content\/uploads\/2014\/05\/cobos-sanz-ucr.jpg?resize=350%2C200 1x, https:\/\/i0.wp.com\/www.24baires.com\/wp-content\/uploads\/2014\/05\/cobos-sanz-ucr.jpg?resize=525%2C300 1.5x"},"classes":[]},{"id":57264,"url":"http:\/\/www.24baires.com\/?p=57264","url_meta":{"origin":63148,"position":2},"title":"Los candidatos radicales definen su futuro en San Fernando","author":"Grupo Sierra","date":"17\/11\/2014","format":false,"excerpt":"Autoridades partidarias, legisladores nacionales y candidatos a gobernadores de la UCR est\u00e1n reunidos en un club n\u00e1utico de la localidad bonaerense en un intento por limar asperezas en torno al 2015 y superar la crisis que atraviesa al partido. Del debate que se realiza desde las 14.15 en el Club\u2026","rel":"","context":"En \u00abPol\u00edtica\u00bb","block_context":{"text":"Pol\u00edtica","link":"http:\/\/www.24baires.com\/?cat=51"},"img":{"alt_text":"cobos sanz ucr","src":"https:\/\/i0.wp.com\/www.24baires.com\/wp-content\/uploads\/2014\/05\/cobos-sanz-ucr.jpg?resize=350%2C200","width":350,"height":200,"srcset":"https:\/\/i0.wp.com\/www.24baires.com\/wp-content\/uploads\/2014\/05\/cobos-sanz-ucr.jpg?resize=350%2C200 1x, https:\/\/i0.wp.com\/www.24baires.com\/wp-content\/uploads\/2014\/05\/cobos-sanz-ucr.jpg?resize=525%2C300 1.5x"},"classes":[]},{"id":62808,"url":"http:\/\/www.24baires.com\/?p=62808","url_meta":{"origin":63148,"position":3},"title":"Por problemas internos, se posterg\u00f3 la convenci\u00f3n de la UCR bonaerense","author":"GB","date":"07\/03\/2015","format":false,"excerpt":"La Convenci\u00f3n de ese espacio de la provincia de Buenos Aires no pudo dar inicio a la sesi\u00f3n en la localidad de Arrecifes por falta de qu\u00f3rum debido a la ausencia de sectores del radicalismo que est\u00e1n enfrentados por la decisi\u00f3n partidaria de realizar alianzas con otros espacios pol\u00edticos para\u2026","rel":"","context":"En \u00abPol\u00edtica\u00bb","block_context":{"text":"Pol\u00edtica","link":"http:\/\/www.24baires.com\/?cat=51"},"img":{"alt_text":"","src":"","width":0,"height":0},"classes":[]},{"id":62773,"url":"http:\/\/www.24baires.com\/?p=62773","url_meta":{"origin":63148,"position":4},"title":"Los radicales bonaerenses debaten su futuro en Arrecifes","author":"Grupo Sierra","date":"07\/03\/2015","format":false,"excerpt":"La Convenci\u00f3n de la UCR bonaerense se reunir\u00e1 hoy para establecer el marco de alianzas del partido en la mayor provincia del pa\u00eds, en medio de fricciones internas por la estrategia nacional que tendr\u00e1n los radicales de cara a las primarias generales de agosto. Los bonaerenses deliberar\u00e1n en el Club\u2026","rel":"","context":"En \u00abPol\u00edtica\u00bb","block_context":{"text":"Pol\u00edtica","link":"http:\/\/www.24baires.com\/?cat=51"},"img":{"alt_text":"cobos sanz ucr","src":"https:\/\/i0.wp.com\/www.24baires.com\/wp-content\/uploads\/2014\/05\/cobos-sanz-ucr.jpg?resize=350%2C200","width":350,"height":200,"srcset":"https:\/\/i0.wp.com\/www.24baires.com\/wp-content\/uploads\/2014\/05\/cobos-sanz-ucr.jpg?resize=350%2C200 1x, https:\/\/i0.wp.com\/www.24baires.com\/wp-content\/uploads\/2014\/05\/cobos-sanz-ucr.jpg?resize=525%2C300 1.5x"},"classes":[]},{"id":62220,"url":"http:\/\/www.24baires.com\/?p=62220","url_meta":{"origin":63148,"position":5},"title":"Sanz est\u00e1 a la pesca de alianzas","author":"Grupo Sierra","date":"24\/02\/2015","format":false,"excerpt":"El presidente de la Uni\u00f3n C\u00edvica Radical ratific\u00f3 la decisi\u00f3n de \u201cbuscar acuerdos\u201d para que la oposici\u00f3n no est\u00e9 \u201cfragmentada\u201d. \u201cEl 14 de marzo en Gualeguaych\u00fa, en Convenci\u00f3n Nacional, se define cu\u00e1l es el esquema de alianzas y coaliciones futuras del radicalismo\u201d, dijo Sanz. Agreg\u00f3 que la UCR \u201cva a\u2026","rel":"","context":"En \u00abElecciones 2015\u00bb","block_context":{"text":"Elecciones 2015","link":"http:\/\/www.24baires.com\/?cat=74"},"img":{"alt_text":"cobos sanz ucr","src":"https:\/\/i0.wp.com\/www.24baires.com\/wp-content\/uploads\/2014\/05\/cobos-sanz-ucr.jpg?resize=350%2C200","width":350,"height":200,"srcset":"https:\/\/i0.wp.com\/www.24baires.com\/wp-content\/uploads\/2014\/05\/cobos-sanz-ucr.jpg?resize=350%2C200 1x, https:\/\/i0.wp.com\/www.24baires.com\/wp-content\/uploads\/2014\/05\/cobos-sanz-ucr.jpg?resize=525%2C300 1.5x"},"classes":[]}],"jetpack_sharing_enabled":true,"jetpack_likes_enabled":true,"jetpack_featured_media_url":"","_links":{"self":[{"href":"http:\/\/www.24baires.com\/index.php?rest_route=\/wp\/v2\/posts\/63148","targetHints":{"allow":["GET"]}}],"collection":[{"href":"http:\/\/www.24baires.com\/index.php?rest_route=\/wp\/v2\/posts"}],"about":[{"href":"http:\/\/www.24baires.com\/index.php?rest_route=\/wp\/v2\/types\/post"}],"author":[{"embeddable":true,"href":"http:\/\/www.24baires.com\/index.php?rest_route=\/wp\/v2\/users\/4"}],"replies":[{"embeddable":true,"href":"http:\/\/www.24baires.com\/index.php?rest_route=%2Fwp%2Fv2%2Fcomments&post=63148"}],"version-history":[{"count":1,"href":"http:\/\/www.24baires.com\/index.php?rest_route=\/wp\/v2\/posts\/63148\/revisions"}],"predecessor-version":[{"id":63150,"href":"http:\/\/www.24baires.com\/index.php?rest_route=\/wp\/v2\/posts\/63148\/revisions\/63150"}],"wp:attachment":[{"href":"http:\/\/www.24baires.com\/index.php?rest_route=%2Fwp%2Fv2%2Fmedia&parent=63148"}],"wp:term":[{"taxonomy":"category","embeddable":true,"href":"http:\/\/www.24baires.com\/index.php?rest_route=%2Fwp%2Fv2%2Fcategories&post=63148"},{"taxonomy":"post_tag","embeddable":true,"href":"http:\/\/www.24baires.com\/index.php?rest_route=%2Fwp%2Fv2%2Ftags&post=63148"}],"curies":[{"name":"wp","href":"https:\/\/api.w.org\/{rel}","templated":true}]}}