{"id":63145,"date":"2015-03-14T20:30:43","date_gmt":"2015-03-14T23:30:43","guid":{"rendered":"http:\/\/www.24baires.com\/?p=63145"},"modified":"2015-03-14T20:35:36","modified_gmt":"2015-03-14T23:35:36","slug":"repudian-a-los-intentos-destituyentes-de-gobiernos-populares","status":"publish","type":"post","link":"http:\/\/www.24baires.com\/?p=63145","title":{"rendered":"Repudian a los intentos destituyentes de gobiernos populares"},"content":{"rendered":"<p><img data-recalc-dims=\"1\" loading=\"lazy\" decoding=\"async\" class=\"alignleft size-medium wp-image-63146\" src=\"https:\/\/i0.wp.com\/www.24baires.com\/wp-content\/uploads\/2015\/03\/5504bc123e17f_515x343.jpg?resize=300%2C200\" alt=\"5504bc123e17f_515x343\" width=\"300\" height=\"200\" srcset=\"https:\/\/i0.wp.com\/www.24baires.com\/wp-content\/uploads\/2015\/03\/5504bc123e17f_515x343.jpg?resize=300%2C200 300w, https:\/\/i0.wp.com\/www.24baires.com\/wp-content\/uploads\/2015\/03\/5504bc123e17f_515x343.jpg?w=515 515w\" sizes=\"auto, (max-width: 300px) 100vw, 300px\" \/>El Foro Internacional por la Emancipaci\u00f3n y la Igualdad cerr\u00f3, luego de tres jornadas, en las que importantes pol\u00edticos e intelectuales de diecisiete pa\u00edses de Am\u00e9rica Latina y Europa suscribieron un manifiesto en el que repudiaron \u00aben\u00e9rgicamente los intentos destituyentes por parte de los pa\u00edses poderosos, asociados a empresas multinacionales y a grandes medios de comunicaci\u00f3n\u00bb.<!--more--><\/p>\n<p>El encuentro, realizado en el Teatro Nacional Cervantes en Buenos Aires y del que participaron Noam Chomsky, Ignacio Ramonet, Gianni Vattimo, Emir Sader, I\u00f1igo Errej\u00f3n y Horacio Gonz\u00e1lez, entre otras personalidades, fue organizado por el Ministerio de Cultura de la Naci\u00f3n, a trav\u00e9s de la Secretar\u00eda de Coordinaci\u00f3n Estrat\u00e9gica para el Pensamiento Nacional que encabeza Ricardo Forster.<br \/>\nEl manifiesto final se ley\u00f3 al culminar la \u00faltima mesa, ante un teatro Cervantes colmado de p\u00fablico.<\/p>\n<p>Los participantes alcanzaron un documento final, llamado \u00abManifiesto de Buenos Aires por la Emancipaci\u00f3n y la Igualdad\u00bb, en el que destacaron la necesidad del fortalecimiento de las democracias, al tiempo que expresaron su compromiso con las luchas sociales y la construcci\u00f3n de una alternativa al modelo neoliberal.<\/p>\n<p>En esta l\u00ednea, los firmantes definieron una serie de prioridades. \u00abGuiar el ideario social y pol\u00edtico de nuestros pueblos\u00bb, fue una de ellas.<\/p>\n<p>Por esto fue que consideraron \u00abque es necesario reivindicar la pol\u00edtica, los partidos pol\u00edticos, los sindicatos y las organizaciones populares y sociales\u00bb, como as\u00ed tambi\u00e9n \u00abrepudiar en\u00e9rgicamente los intentos destituyentes por parte de los pa\u00edses poderosos, asociados a empresas multinacionales y a grandes medios de comunicaci\u00f3n\u00bb.<\/p>\n<p>Tambi\u00e9n llamaron a establecer l\u00edmites al poder del capital financiero, los fondos buitres y las instituciones de cr\u00e9dito dominadas por las grandes potencias, y a generar formas de producci\u00f3n para mejorar la distribuci\u00f3n de la renta.<\/p>\n<p>Adem\u00e1s marcaron que es primordial defender la soberan\u00eda pol\u00edtica, cultural y econ\u00f3mica de los pueblos latinoamericanos y europeos, en tanto apuntaron a \u00abrealizar una cr\u00edtica abierta y permanente del contenido y del r\u00e9gimen de propiedad de los medios masivos de comunicaci\u00f3n\u00bb.<\/p>\n<p>Asimismo, los pol\u00edticos e intelectuales coincidieron en la \u00abnecesidad estrat\u00e9gica de regulaciones antimonop\u00f3licas en el mundo empresario de la prensa gr\u00e1fica, audiovisual y digital\u00bb.<\/p>\n<p>Los debates que plante\u00f3 el foro, al que asistieron m\u00e1s de 5.000 personas desde el jueves 12 de marzo, fueron: \u00abDesaf\u00edos y encrucijadas de Am\u00e9rica Latina\u00bb, \u00abAm\u00e9rica Latina y Europa en espejo\u00bb, \u00abNuevas izquierdas y tradiciones populares en Am\u00e9rica Latina\u00bb, \u00abNuevas izquierdas y tradiciones populares en Europa\u00bb, \u00abActualidad de las tradiciones emancipatorias\u00bb, \u00abCultura: nuevas subjetividades, neoliberalismo y proyecto emancipador\u00bb, \u00abLa nueva generaci\u00f3n ante la disputa del presente\u00bb, adem\u00e1s de la conferencia magistral del ling\u00fcista y fil\u00f3sofo Noam Chomsky.<\/p>\n<p>A su vez, m\u00e1s de 60.000 personas de todo el mundo siguieron el encuentro en directo a trav\u00e9s de internet mediante el sistema de streaming al que se pudo acceder ingresando en www.cultura.gob.ar o en el sitio de la Televisi\u00f3n P\u00fablica.<\/p>\n<p>Y adem\u00e1s de 150 sitios web de medios de comunicaci\u00f3n, universidades, organismos de gobiernos, sindicatos, organismos de derechos humanos y organizaciones de la sociedad civil de 62 pa\u00edses retransmitieron el foro.<\/p>\n<p>Al finalizar la jornada, la ministra de Cultura, Teresa Parodi, el secretario de Coordinaci\u00f3n Estrat\u00e9gica para el Pensamiento Nacional, Ricardo Forster y el intelectual brasile\u00f1o Emir Sader, entre otros participantes del foro, se dirigieron a los cientos de militantes de diferentes agrupaciones pol\u00edticas y sociales que se congregaron frente al Teatro ubicado en C\u00f3rdoba 1.155, para participar del cierre del evento.<\/p>\n","protected":false},"excerpt":{"rendered":"<p>El Foro Internacional por la Emancipaci\u00f3n y la Igualdad cerr\u00f3, luego de tres jornadas, en las que importantes pol\u00edticos e intelectuales de diecisiete pa\u00edses de Am\u00e9rica Latina y Europa suscribieron un manifiesto en el que repudiaron \u00aben\u00e9rgicamente los intentos destituyentes por parte de los pa\u00edses poderosos, asociados a empresas multinacionales y a grandes medios de comunicaci\u00f3n\u00bb.<\/p>\n","protected":false},"author":4,"featured_media":0,"comment_status":"open","ping_status":"open","sticky":false,"template":"","format":"standard","meta":{"_jetpack_newsletter_access":"","_jetpack_dont_email_post_to_subs":false,"_jetpack_newsletter_tier_id":0,"_jetpack_memberships_contains_paywalled_content":false,"_jetpack_memberships_contains_paid_content":false,"footnotes":""},"categories":[51],"tags":[],"class_list":["post-63145","post","type-post","status-publish","format-standard","hentry","category-politica"],"jetpack_shortlink":"https:\/\/wp.me\/p2JWE0-gqt","jetpack-related-posts":[{"id":39996,"url":"http:\/\/www.24baires.com\/?p=39996","url_meta":{"origin":63145,"position":0},"title":"Periodistas denuncian a los medios dominantes por una \u00abcampa\u00f1a destituyente\u00bb","author":"Grupo Sierra","date":"07\/02\/2014","format":false,"excerpt":"La organizaci\u00f3n de periodistas, Comunicadores de la Argentina (COMUNA) mediante un comunicado emitido este jueves, sali\u00f3 a repudiar \u201cla complicidad de los medios hegem\u00f3nicos en la generaci\u00f3n y difusi\u00f3n de un clima destituyente surgido de las usinas del poder econ\u00f3mico\u201d. \u201cLos ataques especulativos contra la econom\u00eda argentina, urdidos por las\u2026","rel":"","context":"En \u00abSociedad\u00bb","block_context":{"text":"Sociedad","link":"http:\/\/www.24baires.com\/?cat=1"},"img":{"alt_text":"medios hegem\u00f3nicos","src":"https:\/\/i0.wp.com\/www.24baires.com\/wp-content\/uploads\/2014\/02\/medios-hegem%C3%B3nicos-300x199.jpg?resize=350%2C200","width":350,"height":200},"classes":[]},{"id":43011,"url":"http:\/\/www.24baires.com\/?p=43011","url_meta":{"origin":63145,"position":1},"title":"Urribarri tild\u00f3 al paro de Moyano y Barrionuevo como de \u00abpol\u00edtico y destituyente\u00bb","author":"Grupo Sierra","date":"29\/03\/2014","format":false,"excerpt":"El gobernador de Entre R\u00edos, Sergio Urribarri, afirm\u00f3 hoy que el paro anunciado por las CGT que encabezan Hugo Moyano y Luis Barrionuevo para el 10 de abril pr\u00f3ximo, es \"pol\u00edtico\" y de \"intencionalidad destituyente\", ya que \"no tiene un sentido democr\u00e1tico o de reclamo sindical\". \"Se trata de un\u2026","rel":"","context":"En \u00abPol\u00edtica\u00bb","block_context":{"text":"Pol\u00edtica","link":"http:\/\/www.24baires.com\/?cat=51"},"img":{"alt_text":"urribarri_afeitado","src":"https:\/\/i0.wp.com\/www.24baires.com\/wp-content\/uploads\/2013\/11\/urribarri_afeitado-300x200.jpg?resize=350%2C200","width":350,"height":200},"classes":[]},{"id":93426,"url":"http:\/\/www.24baires.com\/?p=93426","url_meta":{"origin":63145,"position":2},"title":"El PJ advirti\u00f3 sobre la \u00abpreocupante crisis econ\u00f3mico-social\u00bb","author":"GB","date":"29\/03\/2017","format":false,"excerpt":"En la reuni\u00f3n del Consejo Nacional del partido, los dirigentes justicialistas cuestionaron el rumbo econ\u00f3mico del Gobierno y apoyaron el paro de la CGT. Tambi\u00e9n rechazaron las acusaciones sobre intentos destituyentes. El debate sobre la candidatura de CFK. Con la presencia de intendentes y dirigentes bonaerenses, el Consejo Nacional del\u2026","rel":"","context":"En \u00abProvincia\u00bb","block_context":{"text":"Provincia","link":"http:\/\/www.24baires.com\/?cat=40"},"img":{"alt_text":"","src":"https:\/\/i0.wp.com\/www.24baires.com\/wp-content\/uploads\/2016\/01\/pj-b.jpg?resize=350%2C200","width":350,"height":200,"srcset":"https:\/\/i0.wp.com\/www.24baires.com\/wp-content\/uploads\/2016\/01\/pj-b.jpg?resize=350%2C200 1x, https:\/\/i0.wp.com\/www.24baires.com\/wp-content\/uploads\/2016\/01\/pj-b.jpg?resize=525%2C300 1.5x"},"classes":[]},{"id":33177,"url":"http:\/\/www.24baires.com\/?p=33177","url_meta":{"origin":63145,"position":3},"title":"Abal Medina: \u00abno puede ser que algunos no puedan dejar de lado sus mezquindades\u00bb","author":"GB","date":"07\/10\/2013","format":false,"excerpt":"El Jefe de Gabinete, Juan Manuel Abal Medina, se refiri\u00f3 hoy a diversas manifestaciones \"malintencionadas\" de dirigentes pol\u00edticos y opinadores medi\u00e1ticos sobre la salud de la Presidenta y les exigi\u00f3 \"responsabilidad y sensatez en sus planteos\". \u201cNo puede ser que frente a un hecho de esta naturaleza, que involucra la\u2026","rel":"","context":"En \u00abPol\u00edtica\u00bb","block_context":{"text":"Pol\u00edtica","link":"http:\/\/www.24baires.com\/?cat=51"},"img":{"alt_text":"","src":"","width":0,"height":0},"classes":[]},{"id":35108,"url":"http:\/\/www.24baires.com\/?p=35108","url_meta":{"origin":63145,"position":4},"title":"Recalde le atribuy\u00f3 al Frente Renovador un \u00abh\u00e1lito destituyente\u00bb","author":"AF","date":"13\/11\/2013","format":false,"excerpt":"El diputado nacional del Frente para la Victoria, H\u00e9ctor Recfalde, asegur\u00f3 hoy que el n\u00facleo pol\u00edtico del espacio liderado por Sergio Massa demostr\u00f3 un \"h\u00e1lito destituyente\" con las dudas que expres\u00f3 Luis Barrionuevo sobre la continuidad del gobierno hasta el fin de su mandato, en 2015. \"Estas expresiones tienen un\u2026","rel":"","context":"En \u00abPol\u00edtica\u00bb","block_context":{"text":"Pol\u00edtica","link":"http:\/\/www.24baires.com\/?cat=51"},"img":{"alt_text":"recalde padre","src":"https:\/\/i0.wp.com\/www.24baires.com\/wp-content\/uploads\/2012\/12\/recalde-padre-300x180.jpg?resize=350%2C200","width":350,"height":200},"classes":[]},{"id":31736,"url":"http:\/\/www.24baires.com\/?p=31736","url_meta":{"origin":63145,"position":5},"title":"El intendente Inza sostiene que en Azul \u00abhay una intenci\u00f3n destituyente\u00bb","author":"AF","date":"12\/09\/2013","format":false,"excerpt":"El jefe comunal se refiri\u00f3 a la Comisi\u00f3n Investigadora creada a instancias del Concejo Deliberante y aprobada el pasado lunes, para indagar sobre su supuesta responsabilidad por presuntas transgresiones y negligencias. \u201cEstamos tranquilos respecto del resultado\u201d, sostuvo. \u201cHay una intenci\u00f3n destituyente\u201d, asever\u00f3. El intendente de Azul, Jos\u00e9 Inza, apunt\u00f3 que\u2026","rel":"","context":"En \u00abLocales\u00bb","block_context":{"text":"Locales","link":"http:\/\/www.24baires.com\/?cat=38"},"img":{"alt_text":"","src":"","width":0,"height":0},"classes":[]}],"jetpack_sharing_enabled":true,"jetpack_likes_enabled":true,"jetpack_featured_media_url":"","_links":{"self":[{"href":"http:\/\/www.24baires.com\/index.php?rest_route=\/wp\/v2\/posts\/63145","targetHints":{"allow":["GET"]}}],"collection":[{"href":"http:\/\/www.24baires.com\/index.php?rest_route=\/wp\/v2\/posts"}],"about":[{"href":"http:\/\/www.24baires.com\/index.php?rest_route=\/wp\/v2\/types\/post"}],"author":[{"embeddable":true,"href":"http:\/\/www.24baires.com\/index.php?rest_route=\/wp\/v2\/users\/4"}],"replies":[{"embeddable":true,"href":"http:\/\/www.24baires.com\/index.php?rest_route=%2Fwp%2Fv2%2Fcomments&post=63145"}],"version-history":[{"count":1,"href":"http:\/\/www.24baires.com\/index.php?rest_route=\/wp\/v2\/posts\/63145\/revisions"}],"predecessor-version":[{"id":63147,"href":"http:\/\/www.24baires.com\/index.php?rest_route=\/wp\/v2\/posts\/63145\/revisions\/63147"}],"wp:attachment":[{"href":"http:\/\/www.24baires.com\/index.php?rest_route=%2Fwp%2Fv2%2Fmedia&parent=63145"}],"wp:term":[{"taxonomy":"category","embeddable":true,"href":"http:\/\/www.24baires.com\/index.php?rest_route=%2Fwp%2Fv2%2Fcategories&post=63145"},{"taxonomy":"post_tag","embeddable":true,"href":"http:\/\/www.24baires.com\/index.php?rest_route=%2Fwp%2Fv2%2Ftags&post=63145"}],"curies":[{"name":"wp","href":"https:\/\/api.w.org\/{rel}","templated":true}]}}