{"id":63106,"date":"2015-03-13T14:00:20","date_gmt":"2015-03-13T17:00:20","guid":{"rendered":"http:\/\/www.24baires.com\/?p=63106"},"modified":"2015-03-13T12:43:11","modified_gmt":"2015-03-13T15:43:11","slug":"macri-lavate-la-boca-no-podes-hablar-de-peronismo-dijo-espinoza","status":"publish","type":"post","link":"http:\/\/www.24baires.com\/?p=63106","title":{"rendered":"\u00abMacri lavate la boca, no pod\u00e9s hablar de peronismo\u00bb, dijo Espinoza"},"content":{"rendered":"<p><img data-recalc-dims=\"1\" loading=\"lazy\" decoding=\"async\" class=\"aligncenter size-full wp-image-56222\" src=\"https:\/\/i0.wp.com\/www.24baires.com\/wp-content\/uploads\/2014\/10\/pj-bona.jpg?resize=560%2C319\" alt=\"pj bona\" width=\"560\" height=\"319\" srcset=\"https:\/\/i0.wp.com\/www.24baires.com\/wp-content\/uploads\/2014\/10\/pj-bona.jpg?w=560 560w, https:\/\/i0.wp.com\/www.24baires.com\/wp-content\/uploads\/2014\/10\/pj-bona.jpg?resize=300%2C170 300w\" sizes=\"auto, (max-width: 560px) 100vw, 560px\" \/>El intendente de<strong> La Matanza<\/strong> y presidente del PJ bonaerense, Fernando Espinoza, particip\u00f3 en un acto organizado por la UOCRA en la localidad de San Nicol\u00e1s donde estuvieron presentes el gobernador, Daniel Scioli, el intendente local, Ismael Passaglia, el diputado nacional y Secretario general de la UOCRA, Carlos Romero y el secretario adjunto del gremio local, Mario Almir\u00f3n.<!--more--><\/p>\n<p>All\u00ed Espinoza agradeci\u00f3 a los presentes diciendo: \u00abPara m\u00ed es un honor estar en un acto de la UOCRA demostrando una vez m\u00e1s que el peronismo se vuelve a poner en marcha por los trabajadores, marc\u00e1ndonos cu\u00e1l es el camino a seguir.\u00bb<\/p>\n<p>Asimismo Espinoza resalt\u00f3 la importancia de la unidad de todos los sectores del justicialismo y remarc\u00f3: \u00abLos peronistas no nos podemos equivocar, los peronistas tenemos que estar unidos y seremos invencibles\u00bb.<br \/>\nEspinoza tambi\u00e9n expres\u00f3 su total compromiso con el movimiento peronista bonaerense \u00abvoy a luchar incansablemente por la unidad monol\u00edtica del peronismo en la provincia y a nivel nacional\u00bb.<br \/>\nPara finalizar le respondi\u00f3 al Jefe de Gobierno porte\u00f1o: \u00abVamos a desenmascarar a aquellos candidatos a Presidente que ahora dicen que est\u00e1n de acuerdo con las banderas hist\u00f3ricas del peronismo, con mucho respeto, Macri: l\u00e1vate la boca, no pod\u00e9s hablar de peronismo, porque somos un movimiento hist\u00f3rico y el \u00fanico que seguir\u00e1 este camino de Per\u00f3n y Evita, de N\u00e9stor y Cristina ser\u00e1 el que naci\u00f3 peronista, por eso estamos ac\u00e1, solo el peronismo defender\u00e1 al pueblo\u00bb<br \/>\nDurante el acto se le entregaron placas con reconocimientos a Naldo Brunelli (UOM); Cristina \u00c1lvarez Rodr\u00edguez, Ministra de Gobierno bonaerense; Fernando Espinoza; Carlos Romero (UOCRA) y al gobernador Daniel Scioli quien tuvo a cargo el cierre del acto.<\/p>\n<p>&nbsp;<\/p>\n<p>&nbsp;<\/p>\n<p>&nbsp;<\/p>\n<p>&nbsp;<\/p>\n<p>&nbsp;<\/p>\n<p>&nbsp;<\/p>\n<p>&nbsp;<\/p>\n<p>&nbsp;<\/p>\n<p>&nbsp;<\/p>\n<p>&nbsp;<\/p>\n","protected":false},"excerpt":{"rendered":"<p>El intendente de La Matanza y presidente del PJ bonaerense, Fernando Espinoza, particip\u00f3 en un acto organizado por la UOCRA en la localidad de San Nicol\u00e1s donde estuvieron presentes el gobernador, Daniel Scioli, el intendente local, Ismael Passaglia, el diputado nacional y Secretario general de la UOCRA, Carlos Romero y el secretario adjunto del gremio local, Mario Almir\u00f3n.<\/p>\n","protected":false},"author":8,"featured_media":0,"comment_status":"open","ping_status":"open","sticky":false,"template":"","format":"standard","meta":{"_jetpack_newsletter_access":"","_jetpack_dont_email_post_to_subs":false,"_jetpack_newsletter_tier_id":0,"_jetpack_memberships_contains_paywalled_content":false,"_jetpack_memberships_contains_paid_content":false,"footnotes":""},"categories":[51],"tags":[],"class_list":["post-63106","post","type-post","status-publish","format-standard","hentry","category-politica"],"jetpack_shortlink":"https:\/\/wp.me\/p2JWE0-gpQ","jetpack-related-posts":[{"id":121361,"url":"http:\/\/www.24baires.com\/?p=121361","url_meta":{"origin":63106,"position":0},"title":"Fernando Espinoza, fue procesado por abuso sexual","author":"GB","date":"21\/05\/2024","format":false,"excerpt":"El dirigente peronista y alcalde de La Matanza, Fernando Espinoza, fue procesado por la justicia por el supuesto abuso sexual de una de sus secretarias. Recibi\u00f3 un embargo por m\u00e1s de $1 mill\u00f3n, pero sigue en libertad. El intendente de La Matanza, Fernando Espinoza, fue procesado por la justicia por\u2026","rel":"","context":"En \u00abJUDICIALES\u00bb","block_context":{"text":"JUDICIALES","link":"http:\/\/www.24baires.com\/?cat=68"},"img":{"alt_text":"","src":"https:\/\/i0.wp.com\/www.24baires.com\/wp-content\/uploads\/2024\/05\/fernando-espinoza.webp?resize=350%2C200","width":350,"height":200,"srcset":"https:\/\/i0.wp.com\/www.24baires.com\/wp-content\/uploads\/2024\/05\/fernando-espinoza.webp?resize=350%2C200 1x, https:\/\/i0.wp.com\/www.24baires.com\/wp-content\/uploads\/2024\/05\/fernando-espinoza.webp?resize=525%2C300 1.5x, https:\/\/i0.wp.com\/www.24baires.com\/wp-content\/uploads\/2024\/05\/fernando-espinoza.webp?resize=700%2C400 2x"},"classes":[]},{"id":107651,"url":"http:\/\/www.24baires.com\/?p=107651","url_meta":{"origin":63106,"position":1},"title":"El peronismo se re\u00fane en Avellaneda","author":"AF","date":"13\/04\/2019","format":false,"excerpt":"Con la excusa de la inauguraci\u00f3n de una pileta ol\u00edmpica climatizada, el peronismo bonaerense busca cerrar filas en Avellaneda. El encuentro partidario se dio horas despu\u00e9s del decreto de Mauricio Macri que no permite las listas colectoras en las pr\u00f3ximas elecciones; y sirve, adem\u00e1s, para mostrar juntos a los dirigentes\u2026","rel":"","context":"En \u00abPol\u00edtica\u00bb","block_context":{"text":"Pol\u00edtica","link":"http:\/\/www.24baires.com\/?cat=51"},"img":{"alt_text":"","src":"https:\/\/i0.wp.com\/www.24baires.com\/wp-content\/uploads\/2019\/04\/peronismo.jpeg?resize=350%2C200","width":350,"height":200,"srcset":"https:\/\/i0.wp.com\/www.24baires.com\/wp-content\/uploads\/2019\/04\/peronismo.jpeg?resize=350%2C200 1x, https:\/\/i0.wp.com\/www.24baires.com\/wp-content\/uploads\/2019\/04\/peronismo.jpeg?resize=525%2C300 1.5x"},"classes":[]},{"id":55596,"url":"http:\/\/www.24baires.com\/?p=55596","url_meta":{"origin":63106,"position":2},"title":"Los precandidatos peronistas se unieron en Moreno por el D\u00eda de la Lealtad","author":"Grupo Sierra","date":"17\/10\/2014","format":false,"excerpt":"Con Scioli, Espinoza, Rossi y Randazzo a la cabeza, se celebr\u00f3 el acto que nucle\u00f3 a las principales figuras del oficialismo de cara al 2015. Con un mensaje de unidad y cr\u00edticas a la oposici\u00f3n, se desarroll\u00f3 en Moreno el acto de Partido Justicialista bonaerense por el D\u00eda de la\u2026","rel":"","context":"En \u00abPol\u00edtica\u00bb","block_context":{"text":"Pol\u00edtica","link":"http:\/\/www.24baires.com\/?cat=51"},"img":{"alt_text":"","src":"https:\/\/i0.wp.com\/www.24baires.com\/wp-content\/uploads\/2014\/10\/peronismo-pj-d%C3%ADa-de-la-lealtad.jpg?resize=350%2C200","width":350,"height":200,"srcset":"https:\/\/i0.wp.com\/www.24baires.com\/wp-content\/uploads\/2014\/10\/peronismo-pj-d%C3%ADa-de-la-lealtad.jpg?resize=350%2C200 1x, https:\/\/i0.wp.com\/www.24baires.com\/wp-content\/uploads\/2014\/10\/peronismo-pj-d%C3%ADa-de-la-lealtad.jpg?resize=525%2C300 1.5x"},"classes":[]},{"id":49823,"url":"http:\/\/www.24baires.com\/?p=49823","url_meta":{"origin":63106,"position":3},"title":"La Uocra de Mar del Plata anunci\u00f3 su adhesi\u00f3n a la candidatura de Scioli","author":"AF","date":"14\/07\/2014","format":false,"excerpt":"Con la participaci\u00f3n de los ministros bonaerenses Cristina Alvarez Rodr\u00edguez y Alejandro Arl\u00eda, conductores de las agrupaciones pol\u00edticas Peronismo 2020 y Peronistas Sin Fronteras, respectivamente, la Uni\u00f3n Obrera de la Construcci\u00f3n de la Rep\u00fablica Argentina (UOCRA) de Mar del Plata anunci\u00f3 su adhesi\u00f3n a la candidatura de del gobernador Daniel\u2026","rel":"","context":"En \u00abLocales\u00bb","block_context":{"text":"Locales","link":"http:\/\/www.24baires.com\/?cat=38"},"img":{"alt_text":"scioli sorteo","src":"https:\/\/i0.wp.com\/www.24baires.com\/wp-content\/uploads\/2014\/05\/scioli-sorteo.jpg?resize=350%2C200","width":350,"height":200,"srcset":"https:\/\/i0.wp.com\/www.24baires.com\/wp-content\/uploads\/2014\/05\/scioli-sorteo.jpg?resize=350%2C200 1x, https:\/\/i0.wp.com\/www.24baires.com\/wp-content\/uploads\/2014\/05\/scioli-sorteo.jpg?resize=525%2C300 1.5x"},"classes":[]},{"id":47987,"url":"http:\/\/www.24baires.com\/?p=47987","url_meta":{"origin":63106,"position":4},"title":"Espinoza: \u00abAlgunos, m\u00e1s que peronistas, son oligarcas\u00bb","author":"Grupo Sierra","date":"13\/06\/2014","format":false,"excerpt":"En tierras gobernadas por el massismo, el intendente y presidente del PJ bonaerense carg\u00f3 contra el Frente Renovador. La dirigencia y la militancia peronista bonaerense homenajearon este viernes en la localidad de Jos\u00e9 Le\u00f3n Su\u00e1rez a los fusilados de 1956, y aprovecharon para enviar cr\u00edticos mensajes a la dirigencia del\u2026","rel":"","context":"En \u00abPol\u00edtica\u00bb","block_context":{"text":"Pol\u00edtica","link":"http:\/\/www.24baires.com\/?cat=51"},"img":{"alt_text":"espinoza","src":"https:\/\/i0.wp.com\/www.24baires.com\/wp-content\/uploads\/2013\/10\/espinoza.jpg?resize=350%2C200","width":350,"height":200,"srcset":"https:\/\/i0.wp.com\/www.24baires.com\/wp-content\/uploads\/2013\/10\/espinoza.jpg?resize=350%2C200 1x, https:\/\/i0.wp.com\/www.24baires.com\/wp-content\/uploads\/2013\/10\/espinoza.jpg?resize=525%2C300 1.5x"},"classes":[]},{"id":15207,"url":"http:\/\/www.24baires.com\/?p=15207","url_meta":{"origin":63106,"position":5},"title":"La pr\u00f3xima reuni\u00f3n del PJ Bonaerense ser\u00e1 en La Matanza","author":"Grupo Sierra","date":"09\/02\/2013","format":false,"excerpt":"Lo anunci\u00f3 el intendente Fernando Espinoza, y adelant\u00f3 adem\u00e1s que el encuentro tendr\u00e1 lugar en la Universidad Nacional de esa ciudad. Al respecto adelant\u00f3 que \u201cel peronismo de la provincia de Buenos Aires necesita estar monol\u00edticamente unido detr\u00e1s de la conducci\u00f3n, incondicional, de nuestra Presidenta\u201d. El PJ se volver\u00e1 a\u2026","rel":"","context":"En \u00abPol\u00edtica\u00bb","block_context":{"text":"Pol\u00edtica","link":"http:\/\/www.24baires.com\/?cat=51"},"img":{"alt_text":"espinoza sta teresita","src":"https:\/\/i0.wp.com\/www.24baires.com\/wp-content\/uploads\/2013\/01\/espinoza-sta-teresita.jpg?resize=350%2C200","width":350,"height":200,"srcset":"https:\/\/i0.wp.com\/www.24baires.com\/wp-content\/uploads\/2013\/01\/espinoza-sta-teresita.jpg?resize=350%2C200 1x, https:\/\/i0.wp.com\/www.24baires.com\/wp-content\/uploads\/2013\/01\/espinoza-sta-teresita.jpg?resize=525%2C300 1.5x"},"classes":[]}],"jetpack_sharing_enabled":true,"jetpack_likes_enabled":true,"jetpack_featured_media_url":"","_links":{"self":[{"href":"http:\/\/www.24baires.com\/index.php?rest_route=\/wp\/v2\/posts\/63106","targetHints":{"allow":["GET"]}}],"collection":[{"href":"http:\/\/www.24baires.com\/index.php?rest_route=\/wp\/v2\/posts"}],"about":[{"href":"http:\/\/www.24baires.com\/index.php?rest_route=\/wp\/v2\/types\/post"}],"author":[{"embeddable":true,"href":"http:\/\/www.24baires.com\/index.php?rest_route=\/wp\/v2\/users\/8"}],"replies":[{"embeddable":true,"href":"http:\/\/www.24baires.com\/index.php?rest_route=%2Fwp%2Fv2%2Fcomments&post=63106"}],"version-history":[{"count":1,"href":"http:\/\/www.24baires.com\/index.php?rest_route=\/wp\/v2\/posts\/63106\/revisions"}],"predecessor-version":[{"id":63107,"href":"http:\/\/www.24baires.com\/index.php?rest_route=\/wp\/v2\/posts\/63106\/revisions\/63107"}],"wp:attachment":[{"href":"http:\/\/www.24baires.com\/index.php?rest_route=%2Fwp%2Fv2%2Fmedia&parent=63106"}],"wp:term":[{"taxonomy":"category","embeddable":true,"href":"http:\/\/www.24baires.com\/index.php?rest_route=%2Fwp%2Fv2%2Fcategories&post=63106"},{"taxonomy":"post_tag","embeddable":true,"href":"http:\/\/www.24baires.com\/index.php?rest_route=%2Fwp%2Fv2%2Ftags&post=63106"}],"curies":[{"name":"wp","href":"https:\/\/api.w.org\/{rel}","templated":true}]}}